{"id":8786,"date":"2015-07-04T12:58:54","date_gmt":"2015-07-04T15:58:54","guid":{"rendered":"http:\/\/pcb.org.br\/portal2\/?p=8786"},"modified":"2015-07-20T14:41:50","modified_gmt":"2015-07-20T17:41:50","slug":"congresso-7-x-1-dignidade","status":"publish","type":"post","link":"https:\/\/pcb.org.br\/portal2\/8786","title":{"rendered":"Congresso 7 x 1 Dignidade"},"content":{"rendered":"<p><img data-recalc-dims=\"1\" decoding=\"async\" class=\"imagem\" title=\"imagem\" src=\"https:\/\/i0.wp.com\/pcbalagoas.org\/wordpress\/wp-content\/uploads\/2015\/07\/deputado-joao-campos-cura-gay.jpg?w=747\" alt=\"imagem\" \/>por Golbery Lessa<\/p>\n<p>Nenhuma forma\u00e7\u00e3o social capitalista escapa da barb\u00e1rie sem a presen\u00e7a de grandes partidos de esquerda enraizados nas massas populares e na classe m\u00e9dia. S\u00e3o esses partidos contr\u00e1rios ao interesses do capital os galvanizadores da for\u00e7a necess\u00e1ria garantidora da exist\u00eancia da democracia formal e das pol\u00edticas p\u00fablicas inclusivas; s\u00e3o os esteios da <!--more-->sobreviv\u00eancia dos padr\u00f5es civilizat\u00f3rios sob o capitalismo e no processo de supera\u00e7\u00e3o deste sistema. A temida revolu\u00e7\u00e3o prolet\u00e1ria \u00e9, ao contr\u00e1rio do afirmado pela direita e pela esquerda p\u00f3s-moderna, o cl\u00edmax de um enorme esfor\u00e7o pela manuten\u00e7\u00e3o da dignidade humana em meio \u00e0s convuls\u00f5es sociais produzidas por uma sociedade mercantilizada.<\/p>\n<p>Desde 2002, a estrat\u00e9gia do PT de tornar-se mais um partido da ordem abriu um vazio na esquerda e, em decorr\u00eancia, no espectro pol\u00edtico da sociedade brasileira, produzindo o catastr\u00f3fico fen\u00f4meno de uma sociedade capitalista sem partido oper\u00e1rio com peso decisivo no equil\u00edbrio de for\u00e7as. No primeiro momento, quando a mudan\u00e7a de dire\u00e7\u00e3o dos fluxos internacionais de capital favoreciam a economia, a cat\u00e1strofe pol\u00edtica esteve encoberta pelo aumento do sal\u00e1rio-m\u00ednimo, da renda m\u00e9dia e da cria\u00e7\u00e3o de milh\u00f5es de empregos. Poucos percebiam que as alian\u00e7as do PT para governar de acordo com o status quo fortaleciam o PMDB e outros partidos de direita em todos os n\u00edveis de poder. Os movimentos sociais, guiados pela estrat\u00e9gia petista, perderam o contato com as massas e se deslegitimaram. Sem o PT na oposi\u00e7\u00e3o, a insatisfa\u00e7\u00e3o social ficou sem desaguadouro adequado, j\u00e1 que os outros partidos de esquerda ainda n\u00e3o estavam vis\u00edveis para as massas. Junho de 2013 foi um grito desesperado de uma popula\u00e7\u00e3o carente de refer\u00eancias confi\u00e1veis, a revolu\u00e7\u00e3o dos sem projeto e sem partido, expressa numa mistura de atitudes heroicas e atitudes reacion\u00e1rias, como \u00e9 pr\u00f3prio dos movimentos espont\u00e2neos. Posteriormente, no momento da crise, da recess\u00e3o e do ajuste fiscal declarado, j\u00e1 no segundo governo Dilma, a n\u00e9voa dissipou-se e do seu interior surgiu a figura sinistra de um Congresso particularmente reacion\u00e1rio, comandado por uma mediocridade moral do naipe de Eduardo Cunha.<\/p>\n<p>A atitude do campo majorit\u00e1rio da esquerda brasileira de livrar-se da ideia de revolu\u00e7\u00e3o, principalmente ap\u00f3s a queda do Muro de Berlim, que teve uma impacto decisivo no interior do PT, a levou para uma alian\u00e7a tresloucada com o status quo e, em decorr\u00eancia, a fez contribuir para o erguimento de uma quadra hist\u00f3rica contrarrevolucion\u00e1ria, de hegemonia pol\u00edtica protofascista. A busca da democracia como valor universal policlassista em detrimento das li\u00e7\u00f5es cl\u00e1ssicas sobre a luta de classes e o papel do movimento oper\u00e1rio na constru\u00e7\u00e3o da democracia levaram a popula\u00e7\u00e3o brasileira a um mundo oposto ao projetado, cujos demiurgos s\u00e3o os deputados da bancada fundamentalista do Congresso Nacional. A semeadura perversa efetivada pela estrat\u00e9gia petista, justificada pelo prato de lentilhas do aumento conjuntural do sal\u00e1rio-m\u00ednimo e do emprego, destruiu em 12 anos os esfor\u00e7os de duas gera\u00e7\u00f5es de militantes, e preparou uma colheita sinistra na qual o ceifador tem a cara da morte das crian\u00e7as, das mulheres, dos \u00edndios, dos negros, da popula\u00e7\u00e3o LGBT e dos trabalhadores.<\/p>\n<p>Nestas circunst\u00e2ncias, para que o vazio seja preenchido com a civiliza\u00e7\u00e3o e n\u00e3o com a barb\u00e1rie, precisamos urgentemente fortalecer e ampliar os partidos de esquerda existentes, como o PCB, o PSTU e o PSOL, bem como aqueles que possam surgir. Diante da for\u00e7a da bancada dita evang\u00e9lica, gritar \u201csem partido\u201d \u00e9 an\u00e1logo a gritar \u201cViva Eduardo Cunha e o PMDB\u201d. Somente a alian\u00e7a entre movimentos sociais (novos e antigos) e os partidos de esquerda pode mudar, no curto prazo, o equil\u00edbrio de for\u00e7as presente, pois \u00e9 capaz de modificar a desenho ideol\u00f3gico do Congresso e da sociedade civil. Nesse contexto, \u00e9 necess\u00e1rio secundarizar a milit\u00e2ncia nas redes sociais e fortalecer a milit\u00e2ncia real, org\u00e2nica, presencial. Nunca se derrotar\u00e1 a influ\u00eancia dos fundamentalistas entre os trabalhadores da periferia apenas mudando a foto do perfil no Facebook ou convocando centenas de manifesta\u00e7\u00f5es inorg\u00e2nicas. Ser\u00e1 preciso estar com a popula\u00e7\u00e3o, empenhar tempo e esfor\u00e7o no di\u00e1logo e na constru\u00e7\u00e3o de organismos de reflex\u00e3o e mobiliza\u00e7\u00e3o popular. E, acima de tudo, contribuir de maneira pr\u00e1tica para a constru\u00e7\u00e3o de projetos globais para a na\u00e7\u00e3o brasileira, focados numa atitude radicalmente democr\u00e1tica e anticapitalista.<\/p>\n<p>Golbery Lessa \u00e9 Secret\u00e1rio Pol\u00edtico do PCB-AL, Especialista em Pol\u00edticas P\u00fablicas e Gest\u00e3o Governamental (MPOG) e Dr. Ci\u00eancias Sociais (Unicamp).<\/p>\n<p><a href=\"http:\/\/pcbalagoas.org\/2015\/07\/congresso-7-x-1-dignidade\/\" target=\"_blank\">http:\/\/pcbalagoas.org\/2015\/07\/congresso-7-x-1-dignidade\/<\/a><\/p>\n","protected":false},"excerpt":{"rendered":"por Golbery Lessa Nenhuma forma\u00e7\u00e3o social capitalista escapa da barb\u00e1rie sem a presen\u00e7a de grandes partidos de esquerda enraizados nas massas populares e \n<a class=\"moretag\" href=\"https:\/\/pcb.org.br\/portal2\/8786\"> <\/a>","protected":false},"author":1,"featured_media":0,"comment_status":"closed","ping_status":"closed","sticky":false,"template":"","format":"standard","meta":{"jetpack_post_was_ever_published":false,"_jetpack_newsletter_access":"","_jetpack_dont_email_post_to_subs":false,"_jetpack_newsletter_tier_id":0,"_jetpack_memberships_contains_paywalled_content":false,"_jetpack_memberships_contains_paid_content":false,"footnotes":"","jetpack_publicize_message":"","jetpack_publicize_feature_enabled":true,"jetpack_social_post_already_shared":true,"jetpack_social_options":{"image_generator_settings":{"template":"highway","default_image_id":0,"font":"","enabled":false},"version":2}},"categories":[7],"tags":[],"class_list":["post-8786","post","type-post","status-publish","format-standard","hentry","category-s8-brasil"],"jetpack_publicize_connections":[],"jetpack_featured_media_url":"","jetpack_shortlink":"https:\/\/wp.me\/p659gw-2hI","jetpack-related-posts":[],"jetpack_likes_enabled":true,"jetpack_sharing_enabled":true,"_links":{"self":[{"href":"https:\/\/pcb.org.br\/portal2\/wp-json\/wp\/v2\/posts\/8786","targetHints":{"allow":["GET"]}}],"collection":[{"href":"https:\/\/pcb.org.br\/portal2\/wp-json\/wp\/v2\/posts"}],"about":[{"href":"https:\/\/pcb.org.br\/portal2\/wp-json\/wp\/v2\/types\/post"}],"author":[{"embeddable":true,"href":"https:\/\/pcb.org.br\/portal2\/wp-json\/wp\/v2\/users\/1"}],"replies":[{"embeddable":true,"href":"https:\/\/pcb.org.br\/portal2\/wp-json\/wp\/v2\/comments?post=8786"}],"version-history":[{"count":0,"href":"https:\/\/pcb.org.br\/portal2\/wp-json\/wp\/v2\/posts\/8786\/revisions"}],"wp:attachment":[{"href":"https:\/\/pcb.org.br\/portal2\/wp-json\/wp\/v2\/media?parent=8786"}],"wp:term":[{"taxonomy":"category","embeddable":true,"href":"https:\/\/pcb.org.br\/portal2\/wp-json\/wp\/v2\/categories?post=8786"},{"taxonomy":"post_tag","embeddable":true,"href":"https:\/\/pcb.org.br\/portal2\/wp-json\/wp\/v2\/tags?post=8786"}],"curies":[{"name":"wp","href":"https:\/\/api.w.org\/{rel}","templated":true}]}}