{"id":8790,"date":"2015-07-04T14:14:11","date_gmt":"2015-07-04T17:14:11","guid":{"rendered":"http:\/\/pcb.org.br\/portal2\/?p=8790"},"modified":"2015-07-20T14:40:39","modified_gmt":"2015-07-20T17:40:39","slug":"novo-reitor-da-ufrj-promete-reavaliar-titulo-honorario-concedido-a-medici","status":"publish","type":"post","link":"https:\/\/pcb.org.br\/portal2\/8790","title":{"rendered":"Novo reitor da UFRJ promete reavaliar t\u00edtulo honor\u00e1rio concedido a M\u00e9dici"},"content":{"rendered":"<p><img data-recalc-dims=\"1\" decoding=\"async\" class=\"imagem\" title=\"imagem\" src=\"https:\/\/i0.wp.com\/i.ytimg.com\/vi\/kzK5rNUlN3k\/maxresdefault.jpg?w=747\" alt=\"imagem\" \/>Vin\u00edcius Lisboa<\/p>\n<p>Da Ag\u00eancia Brasil<\/p>\n<p>O novo reitor da Universidade Federal do Rio de Janeiro, Roberto Leher, tomou posse hoje (3), no Rio de Janeiro, em cerim\u00f4nia no Centro de Tecnologia da institui\u00e7\u00e3o. Ele prometeu reavaliar o t\u00edtulo honor\u00e1rio concedido a Em\u00edlio Garrastazu M\u00e9dici, no per\u00edodo em que foi presidente do Brasil, durante a ditadura militar.<!--more--><\/p>\n<p>&#8220;Esse ato n\u00e3o \u00e9 s\u00f3 hist\u00f3rico, de repara\u00e7\u00e3o da nossa hist\u00f3ria, \u00e9 mais do que isso. Hoje, existem for\u00e7as na sociedade que reivindicam o retorno de modelos ditatoriais&#8221;, disse Leher em seu discurso de posse.<\/p>\n<p>O reitor defendeu que a universidade tem a responsabilidade de contribuir para que as novas gera\u00e7\u00f5es conhe\u00e7am de forma detalhada o que se passou no per\u00edodo da ditadura. Ele prometeu apoiar o trabalho das comiss\u00f5es da verdade.<\/p>\n<p>M\u00e9dici recebeu o t\u00edtulo de Doutor Honoris Causa na UFRJ quando ainda ocupava o posto de presidente na Ditadura Militar, em 1972. A reavalia\u00e7\u00e3o do t\u00edtulo ser\u00e1 proposta pela reitoria ao Conselho Universit\u00e1rio, que re\u00fane representantes de toda a comunidade acad\u00eamica: &#8220;Esta honraria n\u00e3o pode ser dada a pessoas que afrontaram os direitos humanos. Foi nos anos 70, no auge do per\u00edodo repressivo&#8221;, argumentou o reitor.<\/p>\n<p>Em seu discurso de posse, Leher tamb\u00e9m se manifestou contra a segunda vota\u00e7\u00e3o da redu\u00e7\u00e3o da maioridade penal, na C\u00e2mara dos Deputados, e disse que o Brasil vive &#8220;uma crise pol\u00edtica de enorme alcance&#8221;.<\/p>\n<p>&#8220;O que presenciamos no parlamento brasileiro, de forma indignada, a aprova\u00e7\u00e3o da redu\u00e7\u00e3o maioridade penal \u2013 depois ter sido derrotada \u2013 \u00e9 uma das express\u00f5es da polariza\u00e7\u00e3o que est\u00e1 em curso na sociedade brasileira. \u00c9 a degenera\u00e7\u00e3o das formas de representa\u00e7\u00e3o, carcomidas por representantes dos grupos econ\u00f4micos e religiosos, radicalmente antirrepublicanos e antidemocr\u00e1ticos&#8221;, afirmou&#8221;.<\/p>\n<p>Leher \u00e9 professor titular da Faculdade de Educa\u00e7\u00e3o e do Programa de P\u00f3s-Gradua\u00e7\u00e3o em Educa\u00e7\u00e3o da UFRJ, na linha Pol\u00edticas e Institui\u00e7\u00f5es Educacionais. Doutor em Educa\u00e7\u00e3o pela Universidade de S\u00e3o Paulo (1998), desenvolve pesquisa em pol\u00edticas p\u00fablicas em educa\u00e7\u00e3o. Professor colaborador da Escola Nacional Florestan Fernandes, integra comit\u00eas editoriais de v\u00e1rios peri\u00f3dicos. Foi presidente da Adufrj-SSind na gest\u00e3o 1997-1999, presidente do ANDES-SN na gest\u00e3o 2000-2002 e representa os professores titulares do CFCH no Conselho Universit\u00e1rio da UFRJ (2013-2017).<\/p>\n","protected":false},"excerpt":{"rendered":"Vin\u00edcius Lisboa Da Ag\u00eancia Brasil O novo reitor da Universidade Federal do Rio de Janeiro, Roberto Leher, tomou posse hoje (3), no Rio \n<a class=\"moretag\" href=\"https:\/\/pcb.org.br\/portal2\/8790\"> <\/a>","protected":false},"author":1,"featured_media":0,"comment_status":"closed","ping_status":"closed","sticky":false,"template":"","format":"standard","meta":{"jetpack_post_was_ever_published":false,"_jetpack_newsletter_access":"","_jetpack_dont_email_post_to_subs":false,"_jetpack_newsletter_tier_id":0,"_jetpack_memberships_contains_paywalled_content":false,"_jetpack_memberships_contains_paid_content":false,"footnotes":"","jetpack_publicize_message":"","jetpack_publicize_feature_enabled":true,"jetpack_social_post_already_shared":true,"jetpack_social_options":{"image_generator_settings":{"template":"highway","default_image_id":0,"font":"","enabled":false},"version":2}},"categories":[53],"tags":[],"class_list":["post-8790","post","type-post","status-publish","format-standard","hentry","category-c64-ditadura"],"jetpack_publicize_connections":[],"jetpack_featured_media_url":"","jetpack_shortlink":"https:\/\/wp.me\/p659gw-2hM","jetpack-related-posts":[],"jetpack_likes_enabled":true,"jetpack_sharing_enabled":true,"_links":{"self":[{"href":"https:\/\/pcb.org.br\/portal2\/wp-json\/wp\/v2\/posts\/8790","targetHints":{"allow":["GET"]}}],"collection":[{"href":"https:\/\/pcb.org.br\/portal2\/wp-json\/wp\/v2\/posts"}],"about":[{"href":"https:\/\/pcb.org.br\/portal2\/wp-json\/wp\/v2\/types\/post"}],"author":[{"embeddable":true,"href":"https:\/\/pcb.org.br\/portal2\/wp-json\/wp\/v2\/users\/1"}],"replies":[{"embeddable":true,"href":"https:\/\/pcb.org.br\/portal2\/wp-json\/wp\/v2\/comments?post=8790"}],"version-history":[{"count":0,"href":"https:\/\/pcb.org.br\/portal2\/wp-json\/wp\/v2\/posts\/8790\/revisions"}],"wp:attachment":[{"href":"https:\/\/pcb.org.br\/portal2\/wp-json\/wp\/v2\/media?parent=8790"}],"wp:term":[{"taxonomy":"category","embeddable":true,"href":"https:\/\/pcb.org.br\/portal2\/wp-json\/wp\/v2\/categories?post=8790"},{"taxonomy":"post_tag","embeddable":true,"href":"https:\/\/pcb.org.br\/portal2\/wp-json\/wp\/v2\/tags?post=8790"}],"curies":[{"name":"wp","href":"https:\/\/api.w.org\/{rel}","templated":true}]}}