{"id":8806,"date":"2015-07-07T00:09:27","date_gmt":"2015-07-07T03:09:27","guid":{"rendered":"http:\/\/pcb.org.br\/portal2\/?p=8806"},"modified":"2015-07-24T18:43:48","modified_gmt":"2015-07-24T21:43:48","slug":"audiencia-publica-no-senado-federal-sobre-a-chamada-reforma-politica-06072015","status":"publish","type":"post","link":"https:\/\/pcb.org.br\/portal2\/8806","title":{"rendered":"Audi\u00eancia P\u00fablica no Senado Federal sobre a chamada reforma pol\u00edtica (06\/07\/2015)"},"content":{"rendered":"<p><a href=\"https:\/\/www.youtube.com\/watch?feature=player_embedded&amp;v=ek4evbHVDJ8#t=1848\"><img data-recalc-dims=\"1\" height=\"194\" width=\"500\" decoding=\"async\" class=\"imagem\" title=\"imagem\" src=\"https:\/\/i0.wp.com\/pcb.org.br\/portal2\/wp-content\/uploads\/2015\/05\/primeira-500x194.jpg?resize=500%2C194\" alt=\"imagem\" \/><\/a>Na audi\u00eancia, proposta pelo PSTU e convocada pelo Senador Paulo Paim (PT-RS), usam da palavra dirigentes do PCB, PCO, PSOL e PSTU, tendo como destaque a &#8220;cl\u00e1usula de barreira&#8221; aprovada pela C\u00e2mara dos Deputados. <!--more--> Apesar da import\u00e2ncia do conhecimento de todas as interven\u00e7\u00f5es durante a audi\u00eancia, esclarecemos que o pronunciamento do PCB (representado por Mauro Iasi, membro do Comit\u00ea Central do partido) encontra-se no per\u00edodo de 30:48 a 45:15.<\/p>\n<p>Assista: <a href=\"https:\/\/www.youtube.com\/watch?feature=player_embedded&amp;v=ek4evbHVDJ8#t=1848\" target=\"_blank\">https:\/\/www.youtube.com\/watch?feature=player_embedded&amp;v=ek4evbHVDJ8#t=1848<\/a><\/p>\n","protected":false},"excerpt":{"rendered":"Na audi\u00eancia, proposta pelo PSTU e convocada pelo Senador Paulo Paim (PT-RS), usam da palavra dirigentes do PCB, PCO, PSOL e PSTU, tendo \n<a class=\"moretag\" href=\"https:\/\/pcb.org.br\/portal2\/8806\"> <\/a>","protected":false},"author":1,"featured_media":0,"comment_status":"closed","ping_status":"closed","sticky":false,"template":"","format":"standard","meta":{"jetpack_post_was_ever_published":false,"_jetpack_newsletter_access":"","_jetpack_dont_email_post_to_subs":false,"_jetpack_newsletter_tier_id":0,"_jetpack_memberships_contains_paywalled_content":false,"_jetpack_memberships_contains_paid_content":false,"footnotes":"","jetpack_publicize_message":"","jetpack_publicize_feature_enabled":true,"jetpack_social_post_already_shared":true,"jetpack_social_options":{"image_generator_settings":{"template":"highway","default_image_id":0,"font":"","enabled":false},"version":2}},"categories":[5],"tags":[],"class_list":["post-8806","post","type-post","status-publish","format-standard","hentry","category-s4-pcb"],"jetpack_publicize_connections":[],"jetpack_featured_media_url":"","jetpack_shortlink":"https:\/\/wp.me\/p659gw-2i2","jetpack-related-posts":[],"jetpack_likes_enabled":true,"jetpack_sharing_enabled":true,"_links":{"self":[{"href":"https:\/\/pcb.org.br\/portal2\/wp-json\/wp\/v2\/posts\/8806","targetHints":{"allow":["GET"]}}],"collection":[{"href":"https:\/\/pcb.org.br\/portal2\/wp-json\/wp\/v2\/posts"}],"about":[{"href":"https:\/\/pcb.org.br\/portal2\/wp-json\/wp\/v2\/types\/post"}],"author":[{"embeddable":true,"href":"https:\/\/pcb.org.br\/portal2\/wp-json\/wp\/v2\/users\/1"}],"replies":[{"embeddable":true,"href":"https:\/\/pcb.org.br\/portal2\/wp-json\/wp\/v2\/comments?post=8806"}],"version-history":[{"count":0,"href":"https:\/\/pcb.org.br\/portal2\/wp-json\/wp\/v2\/posts\/8806\/revisions"}],"wp:attachment":[{"href":"https:\/\/pcb.org.br\/portal2\/wp-json\/wp\/v2\/media?parent=8806"}],"wp:term":[{"taxonomy":"category","embeddable":true,"href":"https:\/\/pcb.org.br\/portal2\/wp-json\/wp\/v2\/categories?post=8806"},{"taxonomy":"post_tag","embeddable":true,"href":"https:\/\/pcb.org.br\/portal2\/wp-json\/wp\/v2\/tags?post=8806"}],"curies":[{"name":"wp","href":"https:\/\/api.w.org\/{rel}","templated":true}]}}