{"id":8845,"date":"2015-07-12T15:46:01","date_gmt":"2015-07-12T18:46:01","guid":{"rendered":"http:\/\/pcb.org.br\/portal2\/?p=8845"},"modified":"2015-08-01T13:38:03","modified_gmt":"2015-08-01T16:38:03","slug":"um-novo-falso-positivo-juridico-na-colombia-prisao-de-15-colombianos-acusados-de-pertencer-a-uma-celula-insurgente","status":"publish","type":"post","link":"https:\/\/pcb.org.br\/portal2\/8845","title":{"rendered":"Um novo \u201cfalso positivo jur\u00eddico\u201d na Col\u00f4mbia? Pris\u00e3o de 15 colombianos acusados de pertencer a uma c\u00e9lula insurgente"},"content":{"rendered":"<p><img data-recalc-dims=\"1\" decoding=\"async\" class=\"imagem\" title=\"imagem\" src=\"https:\/\/i0.wp.com\/www.resumenlatinoamericano.org\/wp-content\/uploads\/2015\/07\/2da7e6c037342f54c10e77c0d3e4a775_XL.jpg?w=747\" alt=\"imagem\" \/>Por Dick Emanuelsson\/ Resumen Latinoamericano\/ ANNCOL\/ 10 de Jul. 2015.- Presos 15 colombianos, entre eles o colega e jornalista Sergio Segura, da Agencia Colombia Informa (AIC). Andr\u00e9s Rojo, editor nacional da AIC, fala com ANNCOL.<!--more--><\/p>\n<p>Os organismos de seguran\u00e7a prenderam, em 8 de julho, 15 colombianos acusados de estourar dois foguetes em nome do ELN em Bogot\u00e1, em 3 de julho. A prova cabal do Estado s\u00e3o alguns panfletos no lugar dos fatos supostamente assinados pelo ELN. At\u00e9 o momento a guerrilha do ELN n\u00e3o assumiu nenhuma responsabilidade pelo epis\u00f3dio.<\/p>\n<p>Juan Manuel Santos, que estava no momento na reuni\u00e3o da Alianza Pac\u00edfica no Peru, interrompeu sua viagem imediatamente e regressou \u00e0 Col\u00f4mbia para declarar rapidamente que foi do ELN a autoria das explos\u00f5es.<\/p>\n<p>A mesma senten\u00e7a categ\u00f3rica expediu o presidente ontem, quarta-feira, 8 de julho, declarando 15 colombianos como guerrilheiros do ELN e respons\u00e1veis de ter atirado as duas bombas em Bogot\u00e1.<\/p>\n<p>Santos continua no mesmo caminho de seu antecessor \u00c1lvaro Uribe, que tamb\u00e9m tinha o costume de sentenciar pessoas detidas ANTES dos tribunais ou da pol\u00edcia fazer o seu trabalho, substituindo a justi\u00e7a. Vale dizer que quatro dos 15 detidos nem sequer estavam em Bogot\u00e1 no dia 3 de julho, mas em um evento fora da capital, o que confirma o reitor da Universidade Pedag\u00f3gica, Adolfo Le\u00f3n Atehort\u00faa.<br \/>\nPor isso, cheira a um \u201cFalso Positivo Jur\u00eddico\u201d, defende Andr\u00e9s Rojo, editor nacional da Agencia Colombia Informa na seguinte entrevista com ANNCOL. Um dos 15 detidos \u00e9 Sergio Segura, que \u00e9 rep\u00f3rter da ag\u00eancia.<\/p>\n<p>Da reda\u00e7\u00e3o de ANNCOL nos solidarizamos com a Agencia Colombia Informa e o colega e companheiro Sergio Segura. Sabemos na pr\u00f3pria carne o que significam os golpes do Terrorismo de Estado quando se decide atuar mediante montagens para silenciar os meios de comunica\u00e7\u00e3o que n\u00e3o conseguem controlar pelo Poder F\u00e1tico.<\/p>\n<p>Foto: O colega e jornalista Sergio Segura da Agencia Colombia Informa.\u00a0Foto: AIC.<\/p>\n<p>\u00c1udio da entrevista com Andr\u00e9s Rojo: <a href=\"https:\/\/app.box.com\/s\/62ldmiz5i6oltpnnnrerwfe9caqwc8xu\" target=\"_blank\">https:\/\/app.box.com\/s\/62ldmiz5i6oltpnnnrerwfe9caqwc8xu<\/a><\/p>\n<p>Fonte: http:\/\/www.resumenlatinoamericano.org\/2015\/07\/10\/colombia-un-nuevo-falso-positivo-judicial-en-colombia-detienen-a-15-colombianos-acusados-de-pertenecer-a-una-celula-insurgente\/<\/p>\n<p>Tradu\u00e7\u00e3o: Partido Comunista Brasileiro (PCB)<\/p>\n","protected":false},"excerpt":{"rendered":"Por Dick Emanuelsson\/ Resumen Latinoamericano\/ ANNCOL\/ 10 de Jul. 2015.- Presos 15 colombianos, entre eles o colega e jornalista Sergio Segura, da Agencia \n<a class=\"moretag\" href=\"https:\/\/pcb.org.br\/portal2\/8845\"> <\/a>","protected":false},"author":1,"featured_media":0,"comment_status":"closed","ping_status":"closed","sticky":false,"template":"","format":"standard","meta":{"jetpack_post_was_ever_published":false,"_jetpack_newsletter_access":"","_jetpack_dont_email_post_to_subs":false,"_jetpack_newsletter_tier_id":0,"_jetpack_memberships_contains_paywalled_content":false,"_jetpack_memberships_contains_paid_content":false,"footnotes":"","jetpack_publicize_message":"","jetpack_publicize_feature_enabled":true,"jetpack_social_post_already_shared":true,"jetpack_social_options":{"image_generator_settings":{"template":"highway","default_image_id":0,"font":"","enabled":false},"version":2}},"categories":[34],"tags":[],"class_list":["post-8845","post","type-post","status-publish","format-standard","hentry","category-c39-colombia"],"jetpack_publicize_connections":[],"jetpack_featured_media_url":"","jetpack_shortlink":"https:\/\/wp.me\/p659gw-2iF","jetpack-related-posts":[],"jetpack_likes_enabled":true,"jetpack_sharing_enabled":true,"_links":{"self":[{"href":"https:\/\/pcb.org.br\/portal2\/wp-json\/wp\/v2\/posts\/8845","targetHints":{"allow":["GET"]}}],"collection":[{"href":"https:\/\/pcb.org.br\/portal2\/wp-json\/wp\/v2\/posts"}],"about":[{"href":"https:\/\/pcb.org.br\/portal2\/wp-json\/wp\/v2\/types\/post"}],"author":[{"embeddable":true,"href":"https:\/\/pcb.org.br\/portal2\/wp-json\/wp\/v2\/users\/1"}],"replies":[{"embeddable":true,"href":"https:\/\/pcb.org.br\/portal2\/wp-json\/wp\/v2\/comments?post=8845"}],"version-history":[{"count":0,"href":"https:\/\/pcb.org.br\/portal2\/wp-json\/wp\/v2\/posts\/8845\/revisions"}],"wp:attachment":[{"href":"https:\/\/pcb.org.br\/portal2\/wp-json\/wp\/v2\/media?parent=8845"}],"wp:term":[{"taxonomy":"category","embeddable":true,"href":"https:\/\/pcb.org.br\/portal2\/wp-json\/wp\/v2\/categories?post=8845"},{"taxonomy":"post_tag","embeddable":true,"href":"https:\/\/pcb.org.br\/portal2\/wp-json\/wp\/v2\/tags?post=8845"}],"curies":[{"name":"wp","href":"https:\/\/api.w.org\/{rel}","templated":true}]}}