{"id":8851,"date":"2015-07-12T16:18:54","date_gmt":"2015-07-12T19:18:54","guid":{"rendered":"http:\/\/pcb.org.br\/portal2\/?p=8851"},"modified":"2015-08-01T13:39:45","modified_gmt":"2015-08-01T16:39:45","slug":"movimento-grevista-fecha-rodovias-em-toda-bahia-e-pressiona-governador-em-cerimonia","status":"publish","type":"post","link":"https:\/\/pcb.org.br\/portal2\/8851","title":{"rendered":"Movimento grevista fecha rodovias em toda Bahia e pressiona governador em cerim\u00f4nia"},"content":{"rendered":"<p><img data-recalc-dims=\"1\" decoding=\"async\" class=\"imagem\" title=\"imagem\" src=\"https:\/\/i0.wp.com\/lh4.googleusercontent.com\/-qI5phUl5xPw\/VaMQoJgbI6I\/AAAAAAAAKmI\/gXTsGpw3m-I\/w720-h432-no\/bahia.jpg?w=747&#038;ssl=1\" alt=\"imagem\" \/>Nove de julho de 2015 ficar\u00e1 marcado na hist\u00f3ria do Movimento Docente Baiano. Nesse dia, professores e estudantes das quatro Universidades Estaduais uniram for\u00e7as contra a pol\u00edtica do governo Rui Costa de sucateamento das Universidades Estaduais e pararam a Bahia. Em Vit\u00f3ria da Conquista, a comunidade acad\u00eamica da UESB fechou o km 817 da BR-116 para for\u00e7ar o avan\u00e7o das <!--more-->negocia\u00e7\u00f5es. A atividade foi realizada simultaneamente em Feira de Santana, Ilh\u00e9us e Eun\u00e1polis. Em Salvador, representantes docentes abordaram o governador em cerim\u00f4nia oficial, mesmo sob forte trucul\u00eancia dos seguran\u00e7as do gestor, e cobraram solu\u00e7\u00f5es para as reivindica\u00e7\u00f5es.<\/p>\n<p>Paramos a Bahia<\/p>\n<p><img data-recalc-dims=\"1\" decoding=\"async\" class=\"imagemp\" title=\"imagem\" src=\"https:\/\/i0.wp.com\/adusb.org.br\/resources\/content_type\/article\/dsc_0207.jpg?w=747\" alt=\"imagem\" \/>Professores e estudantes dos tr\u00eas campi da UESB fecharam a rodovia nos dois sentidos \u00e0s 7h e permaneceram no local por mais de uma hora. O di\u00e1logo com os motoristas sobre a import\u00e2ncia de defender as Universidades Estaduais dos ataques do governo foi mantido durante toda a atividade. Com isso, a comunidade acad\u00eamica recebeu diversas manifesta\u00e7\u00f5es de apoio de motoristas. A imprensa esteve no local para registrar a den\u00fancia da pol\u00edtica de sucateamento das Institui\u00e7\u00f5es promovida pelo governo petista. Nas demais cidades o ato p\u00fablico foi realizado na BR-116 norte (UEFS), BR-101 (UNEB) e BR-415 (UESC). Com quase 60 dias em greve e a falta de sinaliza\u00e7\u00e3o para o atendimento da pauta de reivindica\u00e7\u00f5es \u00e9 o momento de endurecer com o governo.<\/p>\n<p>Ap\u00f3s a manifesta\u00e7\u00e3o em todo o Estado, o governador Rui Costa (PT) foi for\u00e7ado a receber representantes do movimento para ouvir as reivindica\u00e7\u00f5es. A luta continua. Na p\u00b4roxima quarta-feira, dia 15 haver\u00e1 mais um grande ato em Salvador.<\/p>\n<p>Sindicato Nacional dos Docentes das Institui\u00e7\u00f5es de Ensino Superior &#8211; ANDES-SN<br \/>\nData:\u00a009\/07\/2015<\/p>\n<p>Professores das Estaduais da Bahia em greve fecham rodovias no Estado<\/p>\n<p>Professores das Estaduais da Bahia em greve fecham rodovias no Estado<\/p>\n<p>Os docentes das quatro Universidades Estaduais da Bahia (Ueba) promoveram o fechamento de rodovias em todo o estado nesta quinta-feira (9), reivindicando avan\u00e7o nas negocia\u00e7\u00f5es com o governo. A categoria, em greve h\u00e1 55 dias, cobra o respeito aos direitos trabalhistas e investimento adequado para as universidades. Os grevistas responsabilizam o governo Rui Costa pela continuidade da paralisa\u00e7\u00e3o e pela perman\u00eancia de mais de 60 mil estudantes fora de sala de aula.<\/p>\n<p><img data-recalc-dims=\"1\" decoding=\"async\" class=\"imagemp\" title=\"imagem\" src=\"https:\/\/i0.wp.com\/adusb.org.br\/resources\/modules\/gallery\/albums\/vamos-parar-a-bahia-559e8026d51d4\/cache\/780x520\/dsc_0167.jpg?w=747\" alt=\"imagem\" \/>Os professores das universidades Estadual da Bahia (Uneb), Estadual de Feira de Santana (Uefs), Estadual do Sudoeste da Bahia (Uesb) Estadual de Santa Cruz (Uesc) interromperam o tr\u00e2nsito na BR 101 &#8211; em frente \u00e0 Uneb de Eun\u00e1polis -, BR 119 \u2013 altura da Lagoa das Flores, em Vit\u00f3ria da Conquista -, BR 116 Norte \u2013 em frente \u00e0 Uefs, em Feira de Santana, e BR 415, pr\u00f3xima \u00e0 Uesc, em Ilh\u00e9us.<br \/>\nSegundo os representantes do F\u00f3rum das Associa\u00e7\u00f5es Docentes (F\u00f3rum das Ads), que re\u00fane as se\u00e7\u00f5es sindicais do ANDES-SN na Uneb, Uefs, Uesb e Uesc, o protesto \u00e9 para denunciar e dar visibilidade \u00e0 crise financeira das institui\u00e7\u00f5es. H\u00e1 quase dois meses em greve, os professores enfrentam a intransig\u00eancia do governo em iniciar negocia\u00e7\u00f5es efetivas e o descaso com o sucateamento das universidades.<\/p>\n<p>Crise or\u00e7ament\u00e1ria<br \/>\nDesde 2011, os professores reivindicam o aumento do repasse or\u00e7ament\u00e1rio para, no m\u00ednimo, 7% da Receita L\u00edquida de Impostos (RLI), para come\u00e7ar a reverter a situa\u00e7\u00e3o prec\u00e1ria das institui\u00e7\u00f5es. O estrangulamento or\u00e7ament\u00e1rio imposto pelo governo estadual, nos \u00faltimos dois anos, foi intensificado pelo recente corte de R$ 19 milh\u00f5es das rubricas de custeio e investimento.<br \/>\nAlguns dos impactos da falta de or\u00e7amento s\u00e3o a aus\u00eancia de materiais e equipamentos em laborat\u00f3rios e salas de aula; falta de infraestrutura como energia el\u00e9trica e telefone; aulas de campo canceladas por falta de combust\u00edvel em ve\u00edculos.<br \/>\nO problema tamb\u00e9m afeta estudantes, que exigem uma pol\u00edtica de perman\u00eancia estudantil. Muitos s\u00e3o obrigados a abandonar a universidade e a possibilidade de maiores chances profissionais devido ao atraso nas bolsas de aux\u00edlio, da aus\u00eancia de moradia estudantil e refeit\u00f3rio universit\u00e1rio. Pagamentos de servi\u00e7os terceirizados como seguran\u00e7a e limpeza tamb\u00e9m sofrem constantes atrasos.<\/p>\n<p>Negocia\u00e7\u00e3o<br \/>\nPara que as negocia\u00e7\u00f5es possam avan\u00e7ar, o movimento docente, apresentou na \u00faltima segunda-feira (06), uma contraproposta ao governo. Os principais pontos s\u00e3o relativos \u00e0 suplementa\u00e7\u00e3o or\u00e7ament\u00e1ria ainda para este ano, para reaver os R$ 19 milh\u00f5es cortados em anos anteriores e corrigidos pela infla\u00e7\u00e3o do per\u00edodo; o aumento da RLI para 2016; a revoga\u00e7\u00e3o da Lei 7176\/97, que retira a autonomia de gest\u00e3o das universidades; a amplia\u00e7\u00e3o do quadro de vagas docente; e o respeito aos direitos trabalhistas, com a garantia da implanta\u00e7\u00e3o, por suplementa\u00e7\u00e3o de recursos, de todos os processos de promo\u00e7\u00f5es, progress\u00f5es e altera\u00e7\u00f5es de regime de trabalho.<\/p>\n<p>*Com informa\u00e7\u00f5es e fotos da Adufs SSind., Aduneb SSind. e Adusb SSind.<\/p>\n<p>http:\/\/www.adusb.org.br\/web\/page?slug=news&#038;id=7826<\/p>\n<p><strong>Confira a repercuss\u00e3o\u00a0<\/strong><strong>na m\u00eddia<\/strong><\/p>\n<p><a href=\"https:\/\/www.youtube.com\/watch?v=VN1-Ehsrz8M&amp;feature=youtu.be\">Mat\u00e9ria da TV Sudoeste<\/a><\/p>\n<p><a href=\"http:\/\/www.correio24horas.com.br\/single-educacao\/noticia\/professores-universitarios-em-greve-fecham-rodovias-na-bahia-durante-protesto\/?cHash=3ec7f010b0fcea708853561b2bd61fe8\">http:\/\/www.correio24horas.com.br\/single-educacao\/noticia\/professores-universitarios-em-greve-fecham-rodovias-na-bahia-durante-protesto\/?cHash=3ec7f010b0fcea708853561b2bd61fe8<\/a><\/p>\n<p><a href=\"http:\/\/atarde.uol.com.br\/bahia\/noticias\/1695408-docentes-de-universidades-estaduais-fecham-rodovias\">http:\/\/atarde.uol.com.br\/bahia\/noticias\/1695408-docentes-de-universidades-estaduais-fecham-rodovias<\/a><\/p>\n<p><a href=\"http:\/\/g1.globo.com\/bahia\/noticia\/2015\/07\/professores-da-uesb-bloqueiam-br-116-em-protesto-ato-foi-contido.html\">http:\/\/g1.globo.com\/bahia\/noticia\/2015\/07\/professores-da-uesb-bloqueiam-br-116-em-protesto-ato-foi-contido.html<\/a><\/p>\n<p><a href=\"http:\/\/www.ibahia.com\/detalhe\/noticia\/em-greve-ha-55-dias-professores-das-universidades-estaduais-interditam-rodovias\/?cHash=4dbbf1eb1858744e88c08e9291e9e496\">http:\/\/www.ibahia.com\/detalhe\/noticia\/em-greve-ha-55-dias-professores-das-universidades-estaduais-interditam-rodovias\/?cHash=4dbbf1eb1858744e88c08e9291e9e496<\/a><\/p>\n<p><a href=\"http:\/\/www.bahianoticias.com.br\/municipios\/noticia\/2301-em-greve-professores-das-universidades-estaduais-fazem-trancaco-em-rodovias.html\">http:\/\/www.bahianoticias.com.br\/municipios\/noticia\/2301-em-greve-professores-das-universidades-estaduais-fazem-trancaco-em-rodovias.html<\/a><\/p>\n<h2>Mais fotos: <a href=\"http:\/\/www.adusb.org.br\/web\/page?slug=news&amp;id=7826\" target=\"_blank\">http:\/\/www.adusb.org.br\/web\/page?slug=news&amp;id=7826<\/a><\/h2>\n<p>&nbsp;<\/p>\n","protected":false},"excerpt":{"rendered":"Nove de julho de 2015 ficar\u00e1 marcado na hist\u00f3ria do Movimento Docente Baiano. Nesse dia, professores e estudantes das quatro Universidades Estaduais uniram \n<a class=\"moretag\" href=\"https:\/\/pcb.org.br\/portal2\/8851\"> <\/a>","protected":false},"author":1,"featured_media":0,"comment_status":"closed","ping_status":"closed","sticky":false,"template":"","format":"standard","meta":{"jetpack_post_was_ever_published":false,"_jetpack_newsletter_access":"","_jetpack_dont_email_post_to_subs":false,"_jetpack_newsletter_tier_id":0,"_jetpack_memberships_contains_paywalled_content":false,"_jetpack_memberships_contains_paid_content":false,"footnotes":"","jetpack_publicize_message":"","jetpack_publicize_feature_enabled":true,"jetpack_social_post_already_shared":true,"jetpack_social_options":{"image_generator_settings":{"template":"highway","default_image_id":0,"font":"","enabled":false},"version":2}},"categories":[56],"tags":[],"class_list":["post-8851","post","type-post","status-publish","format-standard","hentry","category-c67-greve"],"jetpack_publicize_connections":[],"jetpack_featured_media_url":"","jetpack_shortlink":"https:\/\/wp.me\/p659gw-2iL","jetpack-related-posts":[],"jetpack_likes_enabled":true,"jetpack_sharing_enabled":true,"_links":{"self":[{"href":"https:\/\/pcb.org.br\/portal2\/wp-json\/wp\/v2\/posts\/8851","targetHints":{"allow":["GET"]}}],"collection":[{"href":"https:\/\/pcb.org.br\/portal2\/wp-json\/wp\/v2\/posts"}],"about":[{"href":"https:\/\/pcb.org.br\/portal2\/wp-json\/wp\/v2\/types\/post"}],"author":[{"embeddable":true,"href":"https:\/\/pcb.org.br\/portal2\/wp-json\/wp\/v2\/users\/1"}],"replies":[{"embeddable":true,"href":"https:\/\/pcb.org.br\/portal2\/wp-json\/wp\/v2\/comments?post=8851"}],"version-history":[{"count":0,"href":"https:\/\/pcb.org.br\/portal2\/wp-json\/wp\/v2\/posts\/8851\/revisions"}],"wp:attachment":[{"href":"https:\/\/pcb.org.br\/portal2\/wp-json\/wp\/v2\/media?parent=8851"}],"wp:term":[{"taxonomy":"category","embeddable":true,"href":"https:\/\/pcb.org.br\/portal2\/wp-json\/wp\/v2\/categories?post=8851"},{"taxonomy":"post_tag","embeddable":true,"href":"https:\/\/pcb.org.br\/portal2\/wp-json\/wp\/v2\/tags?post=8851"}],"curies":[{"name":"wp","href":"https:\/\/api.w.org\/{rel}","templated":true}]}}