{"id":8913,"date":"2015-07-20T13:52:57","date_gmt":"2015-07-20T16:52:57","guid":{"rendered":"http:\/\/pcb.org.br\/portal2\/?p=8913"},"modified":"2015-08-06T14:03:46","modified_gmt":"2015-08-06T17:03:46","slug":"ajustes-neoliberais-ataques-aos-direitos-e-contrarreforma-politica-novos-desafios-para-a-classe-trabalhadora","status":"publish","type":"post","link":"https:\/\/pcb.org.br\/portal2\/8913","title":{"rendered":"Ajustes neoliberais, ataques aos direitos e contrarreforma pol\u00edtica: novos desafios para a classe trabalhadora"},"content":{"rendered":"<p><img data-recalc-dims=\"1\" decoding=\"async\" class=\"imagem\" title=\"imagem\" src=\"https:\/\/i0.wp.com\/lh5.googleusercontent.com\/-KwvrnU75hwo\/Vah_c0seEvI\/AAAAAAAAKnY\/0WbVJmztySs\/w1360-h1509-no\/pp4.png?w=747&#038;ssl=1\" alt=\"imagem\" \/>Diante da crise econ\u00f4mica mundial, com reflexos cada vez mais vis\u00edveis no Brasil, os capitalistas aprofundam os ataques aos direitos sociais e pol\u00edticos historicamente conquistados, aplicando ajustes neoliberais, cujas consequ\u00eancias recaem sobre as costas dos trabalhadores e das camadas populares, que sofrem diretamente com demiss\u00f5es em massa, arrocho salarial, precariza\u00e7\u00e3o do trabalho, alta da carestia, piora das condi\u00e7\u00f5es de vida.<!--more--><\/p>\n<p>No governo Dilma, o discurso desenvolvimentista usado pelo PT nos \u00faltimos anos deu lugar \u00e0 rendi\u00e7\u00e3o inconteste aos interesses e necessidades dos organismos financeiros internacionais e da burguesia monopolista. Enquanto os cortes or\u00e7ament\u00e1rios retiram direitos e atingem programas sociais, a Previd\u00eancia, a Sa\u00fade e a Educa\u00e7\u00e3o, as multinacionais continuam remetendo bilh\u00f5es de d\u00f3lares em lucros para o exterior sem pagar um tributo sequer, in\u00fameras facilidades s\u00e3o concedidas a banqueiros e grandes empresas. No campo, 1% dos propriet\u00e1rios det\u00eam 43% das terras, mas o imposto territorial rural recolhe m\u00edseros 0,04% de todo o montante arrecadado com os impostos. Mais um pacote de bondades ao grande empresariado \u00e9 anunciado com a nova fase do Programa de Investimento em Log\u00edstica, que vai privatizar aeroportos, rodovias, ferrovias e portos.<\/p>\n<p>A pauta conservadora do Congresso Nacional amea\u00e7a agora a vida de comunidades ind\u00edgenas e quilombolas, com a PEC da demarca\u00e7\u00e3o das terras ind\u00edgenas, assim como da juventude brasileira, com a redu\u00e7\u00e3o da maioridade penal, al\u00e9m de outros ataques aos direitos sociais. No \u00e2mbito da \u201cdemocracia burguesa\u201d, os partidos da ordem querem impedir a sobreviv\u00eancia de qualquer representa\u00e7\u00e3o pol\u00edtica voltada a combater o capitalismo. A C\u00e2mara dos Deputados deu o primeiro passo para impor a contrarreforma eleitoral brasileira, numa alian\u00e7a forjada entre os maiores partidos (PMDB, PT e PSDB) e aqueles com menor representa\u00e7\u00e3o parlamentar. Foi aprovada a cl\u00e1usula de barreira, dispositivo que nega aos partidos sem parlamentares eleitos o acesso \u00e0 propaganda eleitoral gratuita e ao fundo p\u00fablico de manuten\u00e7\u00e3o partid\u00e1ria. Os partidos comprometidos com as lutas dos trabalhadores, como o PCB, PSTU e PCO, ser\u00e3o exclu\u00eddos do jogo institucional, condenados a n\u00e3o ter presen\u00e7a no parlamento.<\/p>\n<p>Neste epis\u00f3dio causou esp\u00e9cie a atitude dos deputados do PSOL, que votaram a favor da medida restritiva, demonstrando que este partido hoje prioriza a agenda eleitoral em detrimento da forma\u00e7\u00e3o de uma frente pol\u00edtica da esquerda socialista.<\/p>\n<p>Se alguns agrupamentos de esquerda e movimentos sociais chegaram a apostar numa reforma pol\u00edtica que beneficiasse o campo popular, o ato arbitr\u00e1rio da C\u00e2mara dos Deputados n\u00e3o surpreendeu os comunistas, pois nenhuma ilus\u00e3o alimentamos quanto \u00e0 possibilidade de obter mudan\u00e7as junto \u00e0s institui\u00e7\u00f5es burguesas, num quadro de aprofundamento do conservadorismo. Em 93 anos de vida, o PCB sobreviveu a ditaduras, persegui\u00e7\u00f5es, torturas, assassinatos, dedicando-se \u00e0 luta clandestina, quando n\u00e3o havia outro caminho. Por isso jamais nos curvaremos ou retrocederemos diante das adversidades impostas pelos partidos burgueses. Nosso compromisso \u00e9 manter acesa a luta ao lado da classe trabalhadora, pela constru\u00e7\u00e3o do Poder Popular, no rumo do socialismo e do comunismo no Brasil.<\/p>\n","protected":false},"excerpt":{"rendered":"Diante da crise econ\u00f4mica mundial, com reflexos cada vez mais vis\u00edveis no Brasil, os capitalistas aprofundam os ataques aos direitos sociais e pol\u00edticos \n<a class=\"moretag\" href=\"https:\/\/pcb.org.br\/portal2\/8913\"> <\/a>","protected":false},"author":1,"featured_media":0,"comment_status":"closed","ping_status":"closed","sticky":false,"template":"","format":"standard","meta":{"jetpack_post_was_ever_published":false,"_jetpack_newsletter_access":"","_jetpack_dont_email_post_to_subs":false,"_jetpack_newsletter_tier_id":0,"_jetpack_memberships_contains_paywalled_content":false,"_jetpack_memberships_contains_paid_content":false,"footnotes":"","jetpack_publicize_message":"","jetpack_publicize_feature_enabled":true,"jetpack_social_post_already_shared":true,"jetpack_social_options":{"image_generator_settings":{"template":"highway","default_image_id":0,"font":"","enabled":false},"version":2}},"categories":[140],"tags":[],"class_list":["post-8913","post","type-post","status-publish","format-standard","hentry","category-c140-jornal-o-poder-popular"],"jetpack_publicize_connections":[],"jetpack_featured_media_url":"","jetpack_shortlink":"https:\/\/wp.me\/p659gw-2jL","jetpack-related-posts":[],"jetpack_likes_enabled":true,"jetpack_sharing_enabled":true,"_links":{"self":[{"href":"https:\/\/pcb.org.br\/portal2\/wp-json\/wp\/v2\/posts\/8913","targetHints":{"allow":["GET"]}}],"collection":[{"href":"https:\/\/pcb.org.br\/portal2\/wp-json\/wp\/v2\/posts"}],"about":[{"href":"https:\/\/pcb.org.br\/portal2\/wp-json\/wp\/v2\/types\/post"}],"author":[{"embeddable":true,"href":"https:\/\/pcb.org.br\/portal2\/wp-json\/wp\/v2\/users\/1"}],"replies":[{"embeddable":true,"href":"https:\/\/pcb.org.br\/portal2\/wp-json\/wp\/v2\/comments?post=8913"}],"version-history":[{"count":0,"href":"https:\/\/pcb.org.br\/portal2\/wp-json\/wp\/v2\/posts\/8913\/revisions"}],"wp:attachment":[{"href":"https:\/\/pcb.org.br\/portal2\/wp-json\/wp\/v2\/media?parent=8913"}],"wp:term":[{"taxonomy":"category","embeddable":true,"href":"https:\/\/pcb.org.br\/portal2\/wp-json\/wp\/v2\/categories?post=8913"},{"taxonomy":"post_tag","embeddable":true,"href":"https:\/\/pcb.org.br\/portal2\/wp-json\/wp\/v2\/tags?post=8913"}],"curies":[{"name":"wp","href":"https:\/\/api.w.org\/{rel}","templated":true}]}}