{"id":8943,"date":"2015-07-25T13:42:25","date_gmt":"2015-07-25T16:42:25","guid":{"rendered":"http:\/\/pcb.org.br\/portal2\/?p=8943"},"modified":"2015-08-12T13:39:52","modified_gmt":"2015-08-12T16:39:52","slug":"nova-agressao-contra-o-pcm-partido-comunista-de-mexico","status":"publish","type":"post","link":"https:\/\/pcb.org.br\/portal2\/8943","title":{"rendered":"Nova agress\u00e3o contra o PCM (Partido Comunista de M\u00e9xico)"},"content":{"rendered":"<p><img data-recalc-dims=\"1\" decoding=\"async\" class=\"imagem\" title=\"imagem\" src=\"https:\/\/i0.wp.com\/lh3.googleusercontent.com\/-bh0oVBQU9O4\/VbCyqu3rHiI\/AAAAAAAAIY4\/CSnsmrwkKJk\/s640-Ic42\/DSCN8464-15%252520%2525282%252529.jpg?w=747&#038;ssl=1\" alt=\"imagem\" \/><i>Nota do CC do PCB: Os comunistas brasileiros expressam sua irrestrita solidariedade ao irm\u00e3o Partido Comunista de M\u00e9xico, cujos militantes t\u00eam sido v\u00edtimas da moreviol\u00eancia do estado burgu\u00eas mexicano, na v\u00e3 tentativa de deter o crescimento da organiza\u00e7\u00e3o e da luta do proletariado, da juventude e dos trabalhadores frente \u00e0s reformas estruturais antipopulares em curso. Exigimos que apare\u00e7a vivo o camarada Enrique L\u00f3pez!<\/i><br \/>\n<!--more--><\/p>\n<hr \/>\n<p>O camarada Enrique L\u00f3pez Guti\u00e9rrez, Secret\u00e1rio Pol\u00edtico do Comit\u00ea Regional em Tamaulipas e candidato a membro do Comit\u00ea Central do Partido Comunista do M\u00e9xico (PCM) foi sequestrado e desaparecido na noite de s\u00e1bado, 18 de julho, por um grupo armado que invadiu sua casa violentamente. Nos \u00faltimos quatro anos, o camarada Enrique L\u00f3pez desempenhou um trabalho pol\u00edtico aberto e reconhecido entre os sindicatos da regi\u00e3o de Tampico e Altamira, atrav\u00e9s da Federaci\u00f3n de Trabajadores Independientes (FTI) [Federa\u00e7\u00e3o de Trabalhadores Independentes]; dentro do movimento popular com comerciantes mediante a Frente de Izquierda Revolucionaria (FIR) [Frente de Esquerda Revolucion\u00e1ria]; e no movimento estudantil, lutando para baixar as cotas de inscri\u00e7\u00e3o na universidade p\u00fablica de Tamaulipas; assim como no desenvolvimento de trabalhos pol\u00edticos de um comunista exemplar. Da\u00ed receber a inimizade dos setores reacion\u00e1rios daquela regi\u00e3o e do pr\u00f3prio Estado. Na luta de classes n\u00e3o existem coincid\u00eancias. Durante este fim de semana, em v\u00e1rias entidades do pa\u00eds, foram registradas repress\u00f5es, hostilidades e assassinatos a diferentes integrantes do movimento popular. No domingo, 19 de julho, a comunidade de Ostula, em Michoac\u00e1n, foi agredida por elementos do ex\u00e9rcito que dispararam contra a popula\u00e7\u00e3o, assassinando um menor. Al\u00e9m disso, deixaram feridas outras quatro pessoas. Na segunda-feira, 20 de julho, membros da Pol\u00edcia Estatal de Michoac\u00e1n reprimiram normalistas e detiveram 12 deles na sa\u00edda de Salamanca, em Morelia Michoac\u00e1n. Nesse mesmo dia, em Chilpancingo, Guerrero, um grupo de choque da Coalici\u00f3n de Servidores del Transporte del Estado de Guerrero (COSTEG) [Coaliz\u00e3o do Transporte do Estado de Guerrero], comandada pelo PRI, desalojou com viol\u00eancia integrantes da Coordinadora Estatal de Transportistas Independientes de Guerrero (CETIG) [Coordenadoria Estatal de Transportadores Independentes de Guerrero], que se mantinham na vig\u00edlia da dignidade exigindo a apresenta\u00e7\u00e3o com vida dos 43 normalistas desaparecidos. Eventos que deixaram o saldo de um morto, um ferido \u00e0 bala e dezenas de feridos da CETIG. Somado a isto, no dia de hoje, 21 de julho, chegaram ao estado de Oaxaca milhares de elementos do ex\u00e9rcito, marinha, pol\u00edcia federal e guardas, depois do an\u00fancio do governador de Gabino Cu\u00e9 sobre o desaparecimento do Instituto Estatal de Educaci\u00f3n P\u00fablica de Oaxaca (IEEPO) [Instituto Estatal de Educa\u00e7\u00e3o P\u00fablica de Oaxaca], e a cria\u00e7\u00e3o de um novo instituto de educa\u00e7\u00e3o descentralizado da administra\u00e7\u00e3o p\u00fablica estatal. Isto como medida de intimida\u00e7\u00e3o ante a jornada de mobiliza\u00e7\u00f5es do magist\u00e9rio no estado. Al\u00e9m da intimida\u00e7\u00e3o cont\u00ednua, acosso e espionagem que denunciou o companheiro \u00c1ngel Gonzalo Zamorano, no estado de Puebla, por parte de agentes estatais e federais que mant\u00e9m em vigil\u00e2ncia sua casa. Por isso, denunciamos que o sequestro e o desaparecimento for\u00e7ado do camarada Enrique L\u00f3pez foi um contexto de repress\u00e3o generalizada a n\u00edvel nacional realizado pelo Estado mexicano mediante suas for\u00e7as repressivas e paramilitares, como parte de uma campanha de intimida\u00e7\u00e3o contra o movimento docente popular para que desista de sua luta contra a aplica\u00e7\u00e3o das reformas estruturais e de maneira especial, a educacional. Apontamos o Estado burgu\u00eas mexicano, encabe\u00e7ado por Enrique Pe\u00f1a Nieto, como respons\u00e1vel executor deste atentado contra nosso camarada Enrique L\u00f3pez, assim como os eventos de viol\u00eancia contra o movimento docente popular e normalista nas distintas entidades do pa\u00eds. Fazemos um chamado \u00e0s organiza\u00e7\u00f5es pol\u00edticas e sociais a solidarizarem-se e gerar espa\u00e7os de coordena\u00e7\u00e3o para fazer frente comum \u00e0 onda de assassinatos, hostilidades e repress\u00e3o contra o povo mexicano. Recordamos que o M\u00e9xico vive um per\u00edodo de submiss\u00e3o resultante das medidas econ\u00f4micas e pol\u00edticas b\u00e1rbaras aplicadas pelos monop\u00f3lios em preju\u00edzo aos trabalhadores e \u00e0s camadas populares. Por isso, reiteramos que nem com repress\u00e3o, desaparecimentos e assassinatos poder\u00e3o deter a onda de indigna\u00e7\u00e3o e rebeldia que irromper\u00e1 nas pr\u00f3ximas jornadas com maior contund\u00eancia. Exigimos a apresenta\u00e7\u00e3o com vida de nosso camarada Enrique L\u00f3pez. Vivo o levaram, se o queremos! Prolet\u00e1rios de todos os pa\u00edses, uni-vos! Comiss\u00e3o de Imprensa do Partido Comunista do M\u00e9xico Fonte: http:\/\/www.solidnet.org\/mexico-communist-party-of-mexico\/cp-of-mexico-nueva-agresion-contra-el-pcm-es Tradu\u00e7\u00e3o: Partido Comunista Brasileiro (PCB)<\/p>\n","protected":false},"excerpt":{"rendered":"Nota do CC do PCB: Os comunistas brasileiros expressam sua irrestrita solidariedade ao irm\u00e3o Partido Comunista de M\u00e9xico, cujos militantes t\u00eam sido v\u00edtimas \n<a class=\"moretag\" href=\"https:\/\/pcb.org.br\/portal2\/8943\"> <\/a>","protected":false},"author":1,"featured_media":0,"comment_status":"closed","ping_status":"closed","sticky":false,"template":"","format":"standard","meta":{"jetpack_post_was_ever_published":false,"_jetpack_newsletter_access":"","_jetpack_dont_email_post_to_subs":false,"_jetpack_newsletter_tier_id":0,"_jetpack_memberships_contains_paywalled_content":false,"_jetpack_memberships_contains_paid_content":false,"footnotes":"","jetpack_publicize_message":"","jetpack_publicize_feature_enabled":true,"jetpack_social_post_already_shared":true,"jetpack_social_options":{"image_generator_settings":{"template":"highway","default_image_id":0,"font":"","enabled":false},"version":2}},"categories":[37,90],"tags":[],"class_list":["post-8943","post","type-post","status-publish","format-standard","hentry","category-c42-comunistas","category-c103-mexico"],"jetpack_publicize_connections":[],"jetpack_featured_media_url":"","jetpack_shortlink":"https:\/\/wp.me\/p659gw-2kf","jetpack-related-posts":[],"jetpack_likes_enabled":true,"jetpack_sharing_enabled":true,"_links":{"self":[{"href":"https:\/\/pcb.org.br\/portal2\/wp-json\/wp\/v2\/posts\/8943","targetHints":{"allow":["GET"]}}],"collection":[{"href":"https:\/\/pcb.org.br\/portal2\/wp-json\/wp\/v2\/posts"}],"about":[{"href":"https:\/\/pcb.org.br\/portal2\/wp-json\/wp\/v2\/types\/post"}],"author":[{"embeddable":true,"href":"https:\/\/pcb.org.br\/portal2\/wp-json\/wp\/v2\/users\/1"}],"replies":[{"embeddable":true,"href":"https:\/\/pcb.org.br\/portal2\/wp-json\/wp\/v2\/comments?post=8943"}],"version-history":[{"count":0,"href":"https:\/\/pcb.org.br\/portal2\/wp-json\/wp\/v2\/posts\/8943\/revisions"}],"wp:attachment":[{"href":"https:\/\/pcb.org.br\/portal2\/wp-json\/wp\/v2\/media?parent=8943"}],"wp:term":[{"taxonomy":"category","embeddable":true,"href":"https:\/\/pcb.org.br\/portal2\/wp-json\/wp\/v2\/categories?post=8943"},{"taxonomy":"post_tag","embeddable":true,"href":"https:\/\/pcb.org.br\/portal2\/wp-json\/wp\/v2\/tags?post=8943"}],"curies":[{"name":"wp","href":"https:\/\/api.w.org\/{rel}","templated":true}]}}