{"id":8948,"date":"2015-07-25T17:30:39","date_gmt":"2015-07-25T20:30:39","guid":{"rendered":"http:\/\/pcb.org.br\/portal2\/?p=8948"},"modified":"2015-08-12T13:40:25","modified_gmt":"2015-08-12T16:40:25","slug":"25-de-julho-dia-internacional-da-mulher-negra-latino-americana-e-caribenha","status":"publish","type":"post","link":"https:\/\/pcb.org.br\/portal2\/8948","title":{"rendered":"25 DE JULHO \u2013 DIA INTERNACIONAL DA MULHER NEGRA LATINO AMERICANA E CARIBENHA"},"content":{"rendered":"<p><img data-recalc-dims=\"1\" decoding=\"async\" class=\"imagem\" title=\"imagem\" src=\"https:\/\/i0.wp.com\/pcb.org.br\/portal\/images\/simbolos\/pcb\/ana.png?w=747\" alt=\"imagem\" \/>A data nasceu com o fim de celebrar e sobretudo estimular a reflex\u00e3o sobre o papel das mulheres negaras da Am\u00e9rica Latina e Caribe, em julho de 1992 por representantes de cerca de 70 pa\u00edses e participantes do Primeiro Encontro de Mulheres Negras da Am\u00e9rica Latina e Caribe, em Santo Domingo, na Rep\u00fablica Dominicana.<!--more--><\/p>\n<p>Ela buscar dar visibilidade ao fator desigualdade racial e de g\u00eanero, \u00e0 resist\u00eancia e luta das mulheres negras contra o racismo, sexismo, discrimina\u00e7\u00e3o de classe, preconceitos, fortalecendo e resgatando as organiza\u00e7\u00f5es de resist\u00eancia das mulheres negras e principalmente aquelas que rompem com um feminismo n\u00e3o classista, que lutam contra os espa\u00e7os subalternos que lhes s\u00e3o dados. \u00c8 maior o impacto do machismo sobre as mulheres negras, que t\u00eam suas vidas e corpos mercantilizados, que t\u00eam os sal\u00e1rios mais rebaixados do pa\u00eds e vidas absolutamente invisibilizadas no campo intelectual ao longo dos processos hist\u00f3ricos.<\/p>\n<p>\u00c8 preciso reconhecer que o movimento de mulheres, contrapondo-se ao movimento feminista classista, n\u00e3o deu como n\u00e3o d\u00e1 conta de explicar\\visibilizar a situa\u00e7\u00e3o dessa popula\u00e7\u00e3o, da\u00ed o alcance importante que tem essa data porque al\u00e9m de definir a data do 25 de Julho como o seu dia, tamb\u00e9m criou a hoje poderosa Rede de Mulheres Afro-latino-americanas e Afro-caribenhas, internacionalizando o feminismo negro com a constru\u00e7\u00e3o de formas de lutas de enfrentamento a um tipo de opress\u00e3o capitalista sim, mas guardando suas especificidades, respeitando a identidade das mulheres negras j\u00e1 que, a identidade feminista n\u00e3o \u00e9 homog\u00eanea nem linear, nela havendo demandas espec\u00edficas abarcando as condi\u00e7\u00f5es como g\u00eanero, etnia, orienta\u00e7\u00e3o sexual e religiosa, todas, naturalmente, com o corte de classe, esse sim, fundamental para um melhor entendimento sobre todas as formas de opress\u00e3o e discrimina\u00e7\u00e3o contra as mulheres.<\/p>\n<p>Existe a necessidade de fortalecer o 25 de Julho &#8211; esse dia da Mulher Afro-Latino-americana e caribenha- com um feminismo que entende a transversalidade na quest\u00e3o da opress\u00e3o de g\u00eanero e classe, tendo um olhar para abarcar as diferen\u00e7as, as multiplicas experi\u00eancias e identidades das mulheres. \u00c9 importante para a mulher negra com presen\u00e7a exclu\u00edda da hist\u00f3ria e tamb\u00e9m da vida cotidiana e, portanto, da cultura e das artes, atrav\u00e9s de tentativas de imposi\u00e7\u00e3o de identidade europeia. \u00c9 dif\u00edcil, muito dif\u00edcil, ser mulher negra trabalhadora numa sociedade capitalista historicamente constru\u00edda a partir do patriarcado, do racismo, da opress\u00e3o de uma classe por outra. O 25 de Julho auxilia numa constru\u00e7\u00e3o de uma identidade global e com ela uma articula\u00e7\u00e3o para as lutas, com uma internacionaliza\u00e7\u00e3o dos debates.<\/p>\n<p>A ANA MONTENEGRO, feminista baiana que d\u00e1 nome ao COLETIVO FEMINISTA ANA MONTENEGRO, foi, no Brasil, uma das primeiras mulheres, a romper com um feminismo dito branco, camada media, que predominava em determinado momento da hist\u00f3ria do feminismo, lutando contra a afirma\u00e7\u00e3o de uma identidade feminina homog\u00eanea, uma universalidade que, no caso, era, na verdade, excludente, travando batalhas nas lutas ditas de rua, e tamb\u00e9m na imprensa e na academia, para dar visibilidade \u00e0s demandas espec\u00edficas das mulheres negras, das mulheres pobres e mais exploradas da sociedade.<\/p>\n<p>Esse feminismo classista busca a sua interliga\u00e7\u00e3o com as demais lutas sociais, com outas condi\u00e7\u00f5es de opress\u00e3o e discrimina\u00e7\u00e3o, como etnia, orienta\u00e7\u00e3o sexual, religiosa, sempre dando visibilidade \u00e0 quest\u00e3o da mulher negra que tem no mercado de trabalho e no cotidiano da vida uma situa\u00e7\u00e3o diferente da mulher branca, embora, ambas enquanto trabalhadoras sofram com a explora\u00e7\u00e3o do capital. As mulheres negras, a partir do III Encontro Feminista Latino- americano ( Bertioga, S\u00e3o Paulo, 1985) organizam-se em coletivos, dando maior visibilidade pol\u00edtica as suas lutas ,particularmente no movimento feminista latino-americano e caribenho.<\/p>\n<p>Mercedes Lima \u2013COLETIVO FEMINISTA ANA MONETENEGRO<\/p>\n","protected":false},"excerpt":{"rendered":"A data nasceu com o fim de celebrar e sobretudo estimular a reflex\u00e3o sobre o papel das mulheres negaras da Am\u00e9rica Latina e \n<a class=\"moretag\" href=\"https:\/\/pcb.org.br\/portal2\/8948\"> <\/a>","protected":false},"author":1,"featured_media":0,"comment_status":"closed","ping_status":"closed","sticky":false,"template":"","format":"standard","meta":{"jetpack_post_was_ever_published":false,"_jetpack_newsletter_access":"","_jetpack_dont_email_post_to_subs":false,"_jetpack_newsletter_tier_id":0,"_jetpack_memberships_contains_paywalled_content":false,"_jetpack_memberships_contains_paid_content":false,"footnotes":"","jetpack_publicize_message":"","jetpack_publicize_feature_enabled":true,"jetpack_social_post_already_shared":true,"jetpack_social_options":{"image_generator_settings":{"template":"highway","default_image_id":0,"font":"","enabled":false},"version":2}},"categories":[22],"tags":[],"class_list":["post-8948","post","type-post","status-publish","format-standard","hentry","category-c3-coletivo-ana-montenegro"],"jetpack_publicize_connections":[],"jetpack_featured_media_url":"","jetpack_shortlink":"https:\/\/wp.me\/p659gw-2kk","jetpack-related-posts":[],"jetpack_likes_enabled":true,"jetpack_sharing_enabled":true,"_links":{"self":[{"href":"https:\/\/pcb.org.br\/portal2\/wp-json\/wp\/v2\/posts\/8948","targetHints":{"allow":["GET"]}}],"collection":[{"href":"https:\/\/pcb.org.br\/portal2\/wp-json\/wp\/v2\/posts"}],"about":[{"href":"https:\/\/pcb.org.br\/portal2\/wp-json\/wp\/v2\/types\/post"}],"author":[{"embeddable":true,"href":"https:\/\/pcb.org.br\/portal2\/wp-json\/wp\/v2\/users\/1"}],"replies":[{"embeddable":true,"href":"https:\/\/pcb.org.br\/portal2\/wp-json\/wp\/v2\/comments?post=8948"}],"version-history":[{"count":0,"href":"https:\/\/pcb.org.br\/portal2\/wp-json\/wp\/v2\/posts\/8948\/revisions"}],"wp:attachment":[{"href":"https:\/\/pcb.org.br\/portal2\/wp-json\/wp\/v2\/media?parent=8948"}],"wp:term":[{"taxonomy":"category","embeddable":true,"href":"https:\/\/pcb.org.br\/portal2\/wp-json\/wp\/v2\/categories?post=8948"},{"taxonomy":"post_tag","embeddable":true,"href":"https:\/\/pcb.org.br\/portal2\/wp-json\/wp\/v2\/tags?post=8948"}],"curies":[{"name":"wp","href":"https:\/\/api.w.org\/{rel}","templated":true}]}}