{"id":912,"date":"2010-10-20T15:27:17","date_gmt":"2010-10-20T15:27:17","guid":{"rendered":"http:\/\/pcb.org.br\/portal2\/?p=912"},"modified":"2010-10-20T15:27:17","modified_gmt":"2010-10-20T15:27:17","slug":"grecia-governo-continua-o-assalto-anti-povo","status":"publish","type":"post","link":"https:\/\/pcb.org.br\/portal2\/912","title":{"rendered":"Gr\u00e9cia: Governo continua o assalto anti-povo"},"content":{"rendered":"\n<p>O governo PASOK mais uma vez exibiu a sua sanha anti-povo. Na manh\u00e3 de ontem ordenou \u00e0 pol\u00edcia de choque que invadisse o s\u00edtio arqueol\u00f3gico da Acr\u00f3pole a fim de atacar trabalhadores com contratos tempor\u00e1rios que estavam a manifestar-se pelo direito a trabalho permanente e est\u00e1vel. A profana\u00e7\u00e3o de um dos mais importantes monumentos da humanidade pelas for\u00e7as da repress\u00e3o, com a utiliza\u00e7\u00e3o de gases lacrimog\u00e9neos e bast\u00f5es contra os trabalhadores, foi ordenada pelo governo.<\/p>\n<p>Os trabalhadores com contratos tempor\u00e1rios encerraram a entrada da Acr\u00f3pole desde o princ\u00edpio da seman <script src=\"plugins\/editors\/tinymce\/jscripts\/tiny_mce\/themes\/advanced\/langs\/en.js\" type=\"text\/javascript\"><\/script> a, como parte de uma s\u00e9rie de manifesta\u00e7\u00f5es, com as seguintes reivindica\u00e7\u00f5es: trabalho permanente e est\u00e1vel, pagamento imediato de todos os sal\u00e1rios n\u00e3o pagos (os quais em alguns casos tem estado atrasados em 22 meses), a cessa\u00e7\u00e3o de todos os despedimentos, etc.<\/p>\n<p>Pouco ap\u00f3s as 10h00 da manh\u00e3, a pol\u00edcia de choque cortou uma parte da veda\u00e7\u00e3o logo abaixo da entrada central e investiu em ataque contra os trabalhadores tempor\u00e1rios que estavam por tr\u00e1s. A situa\u00e7\u00e3o era ca\u00f3tica tanto dentro como fora do s\u00edtio arqueol\u00f3gico, com o raivoso ataque da pol\u00edcia de choque atingindo toda a gente no seu caminho, inclusive jornalista, t\u00e9cnicos de TV e operadores de c\u00e2mara, numa atmosfera que se tornou sufocante devido \u00e0 utiliza\u00e7\u00e3o de g\u00e1s lacrimog\u00e9neo. Pelo menos quatro trabalhadores foram feridos, foi feita uma pris\u00e3o.<\/p>\n<p>Os governos do PASOK e do ND s\u00e3o ambos respons\u00e1veis e culpados pela situa\u00e7\u00e3o que os trabalhadores com contratos tempor\u00e1rios hoje enfrentam. Ambos criaram este regime o qual transforma os trabalhadores em ref\u00e9ns. Ambos em conjunto, juntamente com o Synapismos dito de &#8220;esquerda&#8221; em 2001 votaram a favor da emenda \u00e0 Constitui\u00e7\u00e3o, a qual essencialmente impede que trabalhadores com contratos tempor\u00e1rios sejam tornados permanentes.<\/p>\n<p><strong> Aleka Papariga: <em> N\u00e3o temos de nos justificar perante Merkel e Sarkozy <\/em> <\/strong><\/p>\n<p>Na confer\u00eancia de imprensa de ontem em Sal\u00f3nica, a secret\u00e1ria-geral do KKE fez os seguintes coment\u00e1rios quanto \u00e0s manifesta\u00e7\u00f5es na Acr\u00f3pole:<\/p>\n<p>&#8220;Quando os trabalhadores t\u00eam problemas graves, quaisquer que sejam, devem mobilizar-se, devem combater e devem lutar. Estamos absolutamente certos de que o rochedo da Acr\u00f3pole e os monumentos, n\u00e3o ser\u00e3o danificados pela greve. A Acr\u00f3pole \u00e9 um s\u00edmbolo, se quiser. E considerando tudo isto somos a favor destas manifesta\u00e7\u00f5es. Estas pessoas s\u00e3o trabalhadores com contratos tempor\u00e1rios, \u00e9 absolutamente correcto que lutem.<\/p>\n<p>Assim, vamos abandonar esta &#8220;sensibilidade&#8221; com a Acr\u00f3pole e com o que a sra. Merkel e o sr. Sarkozy dir\u00e3o pelo seu lado. N\u00e3o temos de nos justificar perante eles. N\u00f3s honramos a Acr\u00f3pole e toda a hist\u00f3ria do nosso pa\u00eds e honramo-la lutando. Estes monumentos s\u00e3o valiosos, mas n\u00e3o devemos esquecer a hist\u00f3ria moderna da Gr\u00e9cia. N\u00e3o acabaremos e nem pararemos de escrever a hist\u00f3ria de hoje&#8221;.<\/p>\n<p><strong> Os trabalhadores dos estaleiros navais pedem trabalho, cuidados de sa\u00fade gratuitos para os desempregados e que a electricidade dos desempregados n\u00e3o seja cortada. O governo respondeu com pol\u00edcia de choque e g\u00e1s lacrimog\u00e9neo. <\/strong><\/p>\n<p>O governo PASOK tentou quinta-feira 14 de Outubro romper a determina\u00e7\u00e3o dos trabalhadores dos estaleiros navais, utilizando grande n\u00famero de pol\u00edcias de choque e de gases lacrimog\u00e9neos. Esta determina\u00e7\u00e3o foi expressa por uma manifesta\u00e7\u00e3o em massa no centro de Atenas contra as pol\u00edticas anti-povo que, para salvaguardar a lucratividade dos monop\u00f3lios, reduzir as opera\u00e7\u00f5es dos estaleiros navais e desvalorizar a ind\u00fastria de constru\u00e7\u00e3o naval como um todo. Deste modo, os trabalhadores e suas fam\u00edlias s\u00e3o condenados ao desemprego e \u00e0 pobreza.<\/p>\n<p>Os trabalhadores chegaram ao Minist\u00e9rio do Trabalho a gritar palavras-de-ordem como &#8220;Queremos trabalho e n\u00e3o desemprego, a plutocracia deve pagar pela crise&#8221;. Os trabalhadores tinham consigo as contas de electricidade de trabalhadores desempregados que tiveram cortada a sua electricidade e os documentos de trabalhadores desempregados que n\u00e3o tiveram acesso a cuidados de sa\u00fade, a fim de apresent\u00e1-los ao Minist\u00e9rio.<\/p>\n<p>O pedido para encontrarem-se com o ministro foi recebido com g\u00e1s lacrimog\u00e9neo e um assalto pelas for\u00e7as de repress\u00e3o do estado. Esta tentativa de aterrorizar os trabalhadores n\u00e3o teve \u00eaxito. A resposta dos trabalhadores \u00e0 viol\u00eancia e ao terrorismo do governo \u00e9 continuar a lutar sem dar um passo atr\u00e1s.<\/p>\n<p>Os trabalhadores continuaram a sua manifesta\u00e7\u00e3o de modo disciplinado at\u00e9 o parlamento grego. O presidente do Sindicato dos Metal\u00fargicos de Pireu, Sotiris Poulikogiannis fez os seguintes coment\u00e1rios aos trabalhadores durante a manifesta\u00e7\u00e3o: &#8220;H\u00e1 um plano bem organizado para reduzir as opera\u00e7\u00f5es dos estaleiros navais e da ind\u00fastria de constru\u00e7\u00e3o naval como um todo de modo a que os propriet\u00e1rios de navios possam construir seus barcos em outros estaleiros que empregam trabalho gratuito. \u00c9 apavorante, estamos condenados \u00e0 pobreza e \u00e0 mis\u00e9ria, ao mesmo tempo em que o primeiro-ministro assina acordos para subs\u00eddios aos propriet\u00e1rios de navios de modo a que eles possam constru\u00ed-los na China \u2013 e al\u00e9m disso tudo enfrentamos este ataque&#8221;.<\/p>\n<p><strong> Solidariedade <\/strong><\/p>\n<p>Os quadros do PAME, os deputados do KKE, os representantes do &#8220;Encontro do Povo&#8221; (as listas que o KKE apoia nas pr\u00f3ximas elei\u00e7\u00f5es locais a 7 de Novembro) estavam ombro a ombro com os trabalhadores nestes dois casos de repress\u00e3o policial.<\/p>\n<p><strong> Partido Comunista da Gr\u00e9cia <\/strong><\/p>\n<p><strong> Eles n\u00e3o suprimir\u00e3o as lutas da classe oper\u00e1ria <\/strong><\/p>\n<p><strong> Declara\u00e7\u00e3o do Gabinete de Imprensa acerca do assalto da pol\u00edcia de choque contra os trabalhadores com contratos tempor\u00e1rios na Acr\u00f3pole e contra os trabalhadores da constru\u00e7\u00e3o naval. <\/strong><\/p>\n<p>Na sua declara\u00e7\u00e3o o Gabinete de Imprensa do CC do KK fez os seguintes coment\u00e1rios quanto \u00e0 presen\u00e7a da pol\u00edcia de choque e a utiliza\u00e7\u00e3o de g\u00e1s lacrimog\u00e9neo contra os trabalhadores tempor\u00e1rios na Acr\u00f3pole e os trabalhadores da constru\u00e7\u00e3o naval.<\/p>\n<p>Condenamos o governo pela presen\u00e7a da pol\u00edcia de choque e a utiliza\u00e7\u00e3o de g\u00e1s lacrimog\u00e9neo contra os trabalhadores tempor\u00e1rios na Acr\u00f3pole durante a manha e os manifestantes dos estaleiros navais junto ao Minist\u00e9rio do Trabalho durante a tarde. A atitude do governo, dos industriais-banqueiros-armadores em rela\u00e7\u00e3o \u00e0queles que ganham a sua vida nos estaleiros navais \u00e9 muito clara: Eles condenam-nos \u00e0 pobreza e ao desemprego, assim como utilizam a repress\u00e3o do estado contra os mesmos.<\/p>\n<p>Se o governo do PASOK e os seus papagaios bem pagos na TV e na r\u00e1dio acreditam que a viol\u00eancia do estado e do governo pode suprimir as lutas dos trabalhadores, eles iludem-se a si pr\u00f3prios.<\/p>\n<p><strong>Quem insulta os monumentos da civiliza\u00e7\u00e3o?<\/strong><\/p>\n<table border=\"0\" cellspacing=\"0\" cellpadding=\"0\" width=\"100%\">\n<tbody>\n<tr>\n<td width=\"45%\" valign=\"top\"><img decoding=\"async\" src=\"images\/stories\/grecia-anti-povo1.jpg\" border=\"0\" alt=\"imagem\" width=\"170\" align=\"left\" \/> <\/p>\n<p align=\"justify\"><strong>Este era o estado da Acr\u00f3pole no dia seguinte ao an\u00fancio das cru\u00e9is medidas anti-povo que o governo social-democrata do PASOK decidiu em conjunto com a UE e o FMI. O KKE, a partir deste s\u00edmbolo da civiliza\u00e7\u00e3o, comunicou a mensagem eterna e humana de resist\u00eancia contra a barb\u00e1rie e a escravid\u00e3o na Europa e no mundo todo. <\/p>\n<p><\/strong><\/p>\n<\/td>\n<td width=\"5%\"><\/td>\n<td width=\"45%\" valign=\"top\"><img decoding=\"async\" src=\"images\/stories\/grecia-anti-povo2.jpg\" border=\"0\" alt=\"imagem\" width=\"170\" align=\"left\" \/> <\/p>\n<p><strong>Este era o estado da Acr\u00f3pole em 14 de Outubro. Poucos momentos depois, a equipe pol\u00edtica representante da barb\u00e1rie ordenou aos \u00f3rg\u00e3os de repress\u00e3o do estado que transformasse a Rocha Sagrada num campo de batalha com g\u00e1s lacrimog\u00e9neo e numa arena de gladiadores onde trabalhadores s\u00e3o espancados (trabalhadores aos quais n\u00e3o tem sido pago durante 22 meses e que ser\u00e3o despedidos dentro de poucos dias!). Quem \u00e9 que insulta os monumentos e a civiliza\u00e7\u00e3o?<\/strong><\/p>\n<\/td>\n<\/tr>\n<\/tbody>\n<\/table>\n<p><strong> O original encontra-se em <a href=\"http:\/\/inter.kke.gr\/News\/2010news\/2010-10-15-riot-police\" target=\"_new\"> http:\/\/inter.kke.gr\/News\/2010news\/2010-10-15-riot-police<\/a> <\/strong><\/p>\n<p><strong> Esta not\u00edcia encontra-se em <a href=\"http:\/\/resistir.info\/grecia\/riots_14out10.html\" target=\"_blank\">http:\/\/resistir.info\/grecia\/riots_14out10.html<\/a><\/strong><\/p>\n<p align=\"justify\">\n","protected":false},"excerpt":{"rendered":"\n\n\nCr\u00e9dito: Resistir.info\n\n\n\n\n\n\n\n\nPol\u00edcia de choque invade a Acr\u00f3pole e ataca trabalhadores dos estaleiros navais.\npor KKE\n<a class=\"moretag\" href=\"https:\/\/pcb.org.br\/portal2\/912\"> <\/a>","protected":false},"author":1,"featured_media":0,"comment_status":"open","ping_status":"open","sticky":false,"template":"","format":"standard","meta":{"jetpack_post_was_ever_published":false,"_jetpack_newsletter_access":"","_jetpack_dont_email_post_to_subs":false,"_jetpack_newsletter_tier_id":0,"_jetpack_memberships_contains_paywalled_content":false,"_jetpack_memberships_contains_paid_content":false,"footnotes":"","jetpack_publicize_message":"","jetpack_publicize_feature_enabled":true,"jetpack_social_post_already_shared":false,"jetpack_social_options":{"image_generator_settings":{"template":"highway","default_image_id":0,"font":"","enabled":false},"version":2}},"categories":[71],"tags":[],"class_list":["post-912","post","type-post","status-publish","format-standard","hentry","category-c84-solidariedade"],"jetpack_publicize_connections":[],"jetpack_featured_media_url":"","jetpack_shortlink":"https:\/\/wp.me\/p659gw-eI","jetpack-related-posts":[],"jetpack_likes_enabled":true,"jetpack_sharing_enabled":true,"_links":{"self":[{"href":"https:\/\/pcb.org.br\/portal2\/wp-json\/wp\/v2\/posts\/912","targetHints":{"allow":["GET"]}}],"collection":[{"href":"https:\/\/pcb.org.br\/portal2\/wp-json\/wp\/v2\/posts"}],"about":[{"href":"https:\/\/pcb.org.br\/portal2\/wp-json\/wp\/v2\/types\/post"}],"author":[{"embeddable":true,"href":"https:\/\/pcb.org.br\/portal2\/wp-json\/wp\/v2\/users\/1"}],"replies":[{"embeddable":true,"href":"https:\/\/pcb.org.br\/portal2\/wp-json\/wp\/v2\/comments?post=912"}],"version-history":[{"count":0,"href":"https:\/\/pcb.org.br\/portal2\/wp-json\/wp\/v2\/posts\/912\/revisions"}],"wp:attachment":[{"href":"https:\/\/pcb.org.br\/portal2\/wp-json\/wp\/v2\/media?parent=912"}],"wp:term":[{"taxonomy":"category","embeddable":true,"href":"https:\/\/pcb.org.br\/portal2\/wp-json\/wp\/v2\/categories?post=912"},{"taxonomy":"post_tag","embeddable":true,"href":"https:\/\/pcb.org.br\/portal2\/wp-json\/wp\/v2\/tags?post=912"}],"curies":[{"name":"wp","href":"https:\/\/api.w.org\/{rel}","templated":true}]}}