{"id":9129,"date":"2015-08-15T18:08:04","date_gmt":"2015-08-15T21:08:04","guid":{"rendered":"http:\/\/pcb.org.br\/portal2\/?p=9129"},"modified":"2015-09-01T13:39:47","modified_gmt":"2015-09-01T16:39:47","slug":"pcv-incentiva-a-criacao-de-sistema-publico-e-popular-de-distribuicao-com-video","status":"publish","type":"post","link":"https:\/\/pcb.org.br\/portal2\/9129","title":{"rendered":"PCV INCENTIVA A CRIA\u00c7\u00c3O DE SISTEMA P\u00daBLICO E POPULAR DE DISTRIBUI\u00c7\u00c3O (COM V\u00cdDEO)"},"content":{"rendered":"<p><img data-recalc-dims=\"1\" decoding=\"async\" class=\"imagem\" title=\"imagem\" src=\"https:\/\/prensapcv.files.wordpress.com\/2015\/07\/bp_07202015_004.jpg?w=747&#038;h=372&#038;crop=1&#038;resize=672%2C372\" alt=\"imagem\" \/>O Partido Comunista da Venezuela continua incentivando o governo nacional a criar um Sistema P\u00fablico e Popular de Distribui\u00e7\u00e3o, que rompa com a monopoliza\u00e7\u00e3o do abastecimento e com a distribui\u00e7\u00e3o em m\u00e3os de grandes empresas privadas e supermercados e ofere\u00e7a prote\u00e7\u00e3o real ao povo trabalhador.<!--more--><\/p>\n<p>Oscar Figuera, Secret\u00e1rio Geral, indicou que o 27\u00b0 Pleno do Comit\u00ea Central, reunido no domingo passado, 19 de julho, aprovou o envio ao governo nacional de um documento com 10 pontos, que expressam as propostas mais importantes feitas pelo PCV sobre os problemas nacionais. Entre as quais, destaca-se o desabastecimento e o alto custo de g\u00eaneros de primeira necessidade.<\/p>\n<p>Para o PCV, \u00e9 tarefa de primeira ordem arrancar dos canais privados monop\u00f3licos a distribui\u00e7\u00e3o e comercializa\u00e7\u00e3o dos produtos da cesta b\u00e1sica. Para isso, o governo deve utilizar a estrutura estatal de comercializa\u00e7\u00e3o que desenvolveu nos \u00faltimos anos baseada em despensas comunais, mercados e pdvales, para assegurar a distribui\u00e7\u00e3o dos produtos diretamente nas comunidades.<\/p>\n<p>A prop\u00f3sito disso, Figuera assinalou com preocupa\u00e7\u00e3o a inexist\u00eancia dos mil PDMercadinhos que o governo nacional prometeu, como mecanismo para avan\u00e7ar na distribui\u00e7\u00e3o de produtos e alimentos \u201c\u00c9 que a algu\u00e9m interessa manter a concentra\u00e7\u00e3o da distribui\u00e7\u00e3o e o abastecimento e n\u00e3o desenvolver os mecanismos que permitam que os bens essenciais de nosso povo sejam distribu\u00eddos diretamente nas comunidades?\u201d, expressou.<\/p>\n<p>Juntas Populares de Abastecimento<\/p>\n<p>De forma cr\u00edtica, o PCV assinalou que at\u00e9 o momento, os Conselhos Populares de Abastecimento e Produ\u00e7\u00e3o, inst\u00e2ncia promovida e criada pelo governo nacional, se constituiu como uma inst\u00e2ncia burocr\u00e1tica, \u201cque n\u00e3o permitiu o exerc\u00edcio real do controle das comunidades organizadas sobre os processos de abastecimento e distribui\u00e7\u00e3o\u201d.<\/p>\n<p>Oscar Figuera recordou que o PCV prop\u00f4s a cria\u00e7\u00e3o das Juntas Populares de Abastecimento. Por tal raz\u00e3o, aplaudiu o momento da cria\u00e7\u00e3o dos Conselhos Populares, por ter objetivos muito parecidos aos apresentados pela c\u00fapula comunista, como inst\u00e2ncia participativa, constru\u00edda desde a base, para \u201cromper a espinha dorsal da monopoliza\u00e7\u00e3o do abastecimento e da distribui\u00e7\u00e3o\u201d. Ante isso, insistiu que essa tarefa e a qualidade participativa e popular deste instrumento de luta, n\u00e3o s\u00f3 corresponde ao governo nacional, como tamb\u00e9m ao movimento popular revolucion\u00e1rio.<\/p>\n<p>Devemos desenvolver o aparato produtivo<\/p>\n<p>Com respeito \u00e0 decis\u00e3o do governo nacional, de eliminar a organiza\u00e7\u00e3o e controle da venda em supermercados p\u00fablicos e alguns privados pelo final do n\u00famero da identifica\u00e7\u00e3o, o PCV expressou sua preocupa\u00e7\u00e3o sobre o quanto essa decis\u00e3o incidiu no aumento das filas de pessoas em frente dos centros de abastecimento.<\/p>\n<p>Por tal motivo, Figuera solicitou ao governo nacional que revisasse essa decis\u00e3o que tanto aumentou as filas, ao mesmo tempo em que indicou que essa a\u00e7\u00e3o deve ser assumida como um paliativo necess\u00e1rio, No entanto, a solu\u00e7\u00e3o de fundo \u201c\u00e9 a amplia\u00e7\u00e3o da produ\u00e7\u00e3o nacional, \u00e9 o desenvolvimento produtivo, \u00e9 a ruptura da monopoliza\u00e7\u00e3o do abastecimento e a distribui\u00e7\u00e3o, \u00e9 a cria\u00e7\u00e3o de um sistema p\u00fablico e popular de abastecimento. Esses seriam os elementos de fundo que resolveriam\u201d.<\/p>\n<p>V\u00eddeo: https:\/\/www.youtube.com\/watch? v=PEhZflckq8w<\/p>\n<p>Fonte: https:\/\/prensapcv.wordpress. com\/2015\/07\/24\/video-pcv- insta-a-la-creacion-de- sistema-publico-y-popular-de- distribucion\/<\/p>\n<p>Tradu\u00e7\u00e3o: Partido Comunista Brasileiro (PCB)<\/p>\n","protected":false},"excerpt":{"rendered":"O Partido Comunista da Venezuela continua incentivando o governo nacional a criar um Sistema P\u00fablico e Popular de Distribui\u00e7\u00e3o, que rompa com a \n<a class=\"moretag\" href=\"https:\/\/pcb.org.br\/portal2\/9129\"> <\/a>","protected":false},"author":1,"featured_media":0,"comment_status":"closed","ping_status":"closed","sticky":false,"template":"","format":"standard","meta":{"jetpack_post_was_ever_published":false,"_jetpack_newsletter_access":"","_jetpack_dont_email_post_to_subs":false,"_jetpack_newsletter_tier_id":0,"_jetpack_memberships_contains_paywalled_content":false,"_jetpack_memberships_contains_paid_content":false,"footnotes":"","jetpack_publicize_message":"","jetpack_publicize_feature_enabled":true,"jetpack_social_post_already_shared":true,"jetpack_social_options":{"image_generator_settings":{"template":"highway","default_image_id":0,"font":"","enabled":false},"version":2}},"categories":[45],"tags":[],"class_list":["post-9129","post","type-post","status-publish","format-standard","hentry","category-c54-venezuela"],"jetpack_publicize_connections":[],"jetpack_featured_media_url":"","jetpack_shortlink":"https:\/\/wp.me\/p659gw-2nf","jetpack-related-posts":[],"jetpack_likes_enabled":true,"jetpack_sharing_enabled":true,"_links":{"self":[{"href":"https:\/\/pcb.org.br\/portal2\/wp-json\/wp\/v2\/posts\/9129","targetHints":{"allow":["GET"]}}],"collection":[{"href":"https:\/\/pcb.org.br\/portal2\/wp-json\/wp\/v2\/posts"}],"about":[{"href":"https:\/\/pcb.org.br\/portal2\/wp-json\/wp\/v2\/types\/post"}],"author":[{"embeddable":true,"href":"https:\/\/pcb.org.br\/portal2\/wp-json\/wp\/v2\/users\/1"}],"replies":[{"embeddable":true,"href":"https:\/\/pcb.org.br\/portal2\/wp-json\/wp\/v2\/comments?post=9129"}],"version-history":[{"count":0,"href":"https:\/\/pcb.org.br\/portal2\/wp-json\/wp\/v2\/posts\/9129\/revisions"}],"wp:attachment":[{"href":"https:\/\/pcb.org.br\/portal2\/wp-json\/wp\/v2\/media?parent=9129"}],"wp:term":[{"taxonomy":"category","embeddable":true,"href":"https:\/\/pcb.org.br\/portal2\/wp-json\/wp\/v2\/categories?post=9129"},{"taxonomy":"post_tag","embeddable":true,"href":"https:\/\/pcb.org.br\/portal2\/wp-json\/wp\/v2\/tags?post=9129"}],"curies":[{"name":"wp","href":"https:\/\/api.w.org\/{rel}","templated":true}]}}