{"id":913,"date":"2010-10-20T15:44:44","date_gmt":"2010-10-20T15:44:44","guid":{"rendered":"http:\/\/pcb.org.br\/portal2\/?p=913"},"modified":"2010-10-20T15:44:44","modified_gmt":"2010-10-20T15:44:44","slug":"discriminacao","status":"publish","type":"post","link":"https:\/\/pcb.org.br\/portal2\/913","title":{"rendered":"Discrimina\u00e7\u00e3o"},"content":{"rendered":"\n<p>O gabinete israelense aprovou, no dia 10 de outubro, um projeto de lei que exige dos candidatos \u00e0 cidadania um juramento de lealdade a Israel como \u201cEstado judeu e democr\u00e1tico\u201d. Ele segue para o parlamento, onde a coaliz\u00e3o governamental tem confort\u00e1vel maioria, para discuss\u00e3o e eventual aprova\u00e7\u00e3o.<\/p>\n<p>H\u00e1 intensa rea\u00e7\u00e3o a este projeto, classificado por \u00e1rabes israelenses e segmentos da popula\u00e7\u00e3o judaica como \u201cracista\u201d, j\u00e1 que aplic\u00e1vel apenas aos n\u00e3o judeus. Mesmo dentro do Likud, partido de direita que comanda a atual coaliz\u00e3o governamental, h\u00e1 discord\u00e2ncia. Dan Meridor, Ministro da Intelig\u00eancia e da Energia At\u00f4mica, destacada figura likudista, observou que n\u00e3o h\u00e1 justificativas para o projeto e que o texto aprovado no gabinete apenas consolida, na popula\u00e7\u00e3o \u00e1rabe, o sentimento de rejei\u00e7\u00e3o e preconceito. Isso \u00e9 confi <script src=\"plugins\/editors\/tinymce\/jscripts\/tiny_mce\/themes\/advanced\/langs\/en.js\" type=\"text\/javascript\"><\/script> rmado pelo deputado Ahmed Tibi, do partido Raam-Taal, que disse que \u201ca exig\u00eancia do juramento de lealdade ser\u00e1 feita principalmente aos c\u00f4njuges palestinos de cidad\u00e3os \u00e1rabes\u201d. O deputado Jamal Zahalka, do partido Balad, ponderou que \u201cem nenhum lugar do mundo existe uma exig\u00eancia de juramento de lealdade \u00e0 ideologia do Estado como condi\u00e7\u00e3o para se obter a cidadania\u201d.<\/p>\n<p>Artistas e intelectuais judeus israelenses, reunidos em Tel Aviv, divulgaram um manifesto veemente, onde afirmam que \u201cum Estado que use a for\u00e7a para invadir o dom\u00ednio sagrado da consci\u00eancia individual dos cidad\u00e3os, que imponha castigos \u00e0queles cujas opini\u00f5es e cren\u00e7as n\u00e3o coincidam com as do poder ou que n\u00e3o manifestem \u2018o car\u00e1ter\u2019 que o Estado exige, deixa de ser democr\u00e1tico e se converte em fascista\u201d. Entre os signat\u00e1rios deste documento est\u00e3o Shulam it Aloni, Uri Avnery, Alex Ansky, Shery Ansky, Menachem Brinker, Ran Cohen, Ruth Cohen, Yaron Ezrachi, Galia Golan, Haim Guri, Sna&#8217;it Gisis, Yoram Kaniuk, Dani Karavan, Yehoshua Knaz, Elia Leibowitz, Alex Libak, Hanna Meron, Sammy Michael, Merav Michaeli, Sefi Rachlevsky, Gabi Solomon, David Tartakower e Micha Ullman.<\/p>\n<p>Pesquisas recentes mostram um \u00e2nimo cada vez mais conservador dos eleitores israelenses. De acordo com uma delas, se as elei\u00e7\u00f5es fossem hoje, o partido Israel Beiteinu, do ultradireitista Avigdor Liberman, aumentaria sua bancada em 40%. H\u00e1 projetos tramitando no parlamento com teor semelhante ao agora aprovado pelo gabinete. O chanceler Liberman defende abertamente uma pol\u00edtica de remo\u00e7\u00e3o dos \u00e1rabes israelenses. Tudo isso ajuda a fomentar um clima de confronto e viol\u00eancia.<\/p>\n<p>Manifestamos nossa mais profunda preocupa\u00e7\u00e3o com a iniciativa do governo israelense. Ela tem car\u00e1ter antidemocr\u00e1tico e, de forma in\u00e9dita, sugere uma pol\u00edtica de Estado que cria constrangimentos a indiv\u00edduos pelo simples fato de n\u00e3o serem judeus. Al\u00e9m disso, surge no momento em que se tenta uma negocia\u00e7\u00e3o com os palestinos para se chegar a um acordo de paz. O efeito do projeto, nesse caso, \u00e9 o de injetar gasolina num inc\u00eandio. Para del\u00edrio dos fan\u00e1ticos e extremistas que apostam sempre no pior.<\/p>\n<p>Rio de Janeiro, 18 de outubro de 2010<\/p>\n<p><strong>ASA \u2013 Associa\u00e7\u00e3o Scholem Aleichem de Cultura e Recrea\u00e7\u00e3o<\/strong><\/p>\n<p><strong>Amigos Brasileiros do Paz Agora<\/strong><\/p>\n<p><strong>Centro Cultural Mordechai Anilevitch<\/strong><\/p>\n<p><strong>Meretz \u2013 Brasil<\/strong><\/p>\n<p><strong>ICUF \u2013 Federaci\u00f3n de Entidades Culturales Judias de la Argentina<\/strong><\/p>\n<p><strong>Movimiento Judio por los Derechos Humanos (Argentina)<\/strong><\/p>\n<p><strong>Programa de r\u00e1dio <\/strong><em><strong>Le\u00f1a al fuego <\/strong><\/em><strong>(Argentina)<\/strong><\/p>\n<p align=\"justify\">\n","protected":false},"excerpt":{"rendered":"\n\n\nCr\u00e9dito: Vecip\n\n\n\n\n\n\n\n\nRio de Janeiro\n<a class=\"moretag\" href=\"https:\/\/pcb.org.br\/portal2\/913\"> <\/a>","protected":false},"author":1,"featured_media":0,"comment_status":"open","ping_status":"open","sticky":false,"template":"","format":"standard","meta":{"jetpack_post_was_ever_published":false,"_jetpack_newsletter_access":"","_jetpack_dont_email_post_to_subs":false,"_jetpack_newsletter_tier_id":0,"_jetpack_memberships_contains_paywalled_content":false,"_jetpack_memberships_contains_paid_content":false,"footnotes":"","jetpack_publicize_message":"","jetpack_publicize_feature_enabled":true,"jetpack_social_post_already_shared":false,"jetpack_social_options":{"image_generator_settings":{"template":"highway","default_image_id":0,"font":"","enabled":false},"version":2}},"categories":[78],"tags":[],"class_list":["post-913","post","type-post","status-publish","format-standard","hentry","category-c91-solidariedade-a-palestina"],"jetpack_publicize_connections":[],"jetpack_featured_media_url":"","jetpack_shortlink":"https:\/\/wp.me\/p659gw-eJ","jetpack-related-posts":[],"jetpack_likes_enabled":true,"jetpack_sharing_enabled":true,"_links":{"self":[{"href":"https:\/\/pcb.org.br\/portal2\/wp-json\/wp\/v2\/posts\/913","targetHints":{"allow":["GET"]}}],"collection":[{"href":"https:\/\/pcb.org.br\/portal2\/wp-json\/wp\/v2\/posts"}],"about":[{"href":"https:\/\/pcb.org.br\/portal2\/wp-json\/wp\/v2\/types\/post"}],"author":[{"embeddable":true,"href":"https:\/\/pcb.org.br\/portal2\/wp-json\/wp\/v2\/users\/1"}],"replies":[{"embeddable":true,"href":"https:\/\/pcb.org.br\/portal2\/wp-json\/wp\/v2\/comments?post=913"}],"version-history":[{"count":0,"href":"https:\/\/pcb.org.br\/portal2\/wp-json\/wp\/v2\/posts\/913\/revisions"}],"wp:attachment":[{"href":"https:\/\/pcb.org.br\/portal2\/wp-json\/wp\/v2\/media?parent=913"}],"wp:term":[{"taxonomy":"category","embeddable":true,"href":"https:\/\/pcb.org.br\/portal2\/wp-json\/wp\/v2\/categories?post=913"},{"taxonomy":"post_tag","embeddable":true,"href":"https:\/\/pcb.org.br\/portal2\/wp-json\/wp\/v2\/tags?post=913"}],"curies":[{"name":"wp","href":"https:\/\/api.w.org\/{rel}","templated":true}]}}