{"id":9144,"date":"2015-08-18T12:42:05","date_gmt":"2015-08-18T15:42:05","guid":{"rendered":"http:\/\/pcb.org.br\/portal2\/?p=9144"},"modified":"2016-05-18T21:56:01","modified_gmt":"2016-05-19T00:56:01","slug":"decada-dos-anos-80-anulando-la-aurora-ii","status":"publish","type":"post","link":"https:\/\/pcb.org.br\/portal2\/9144","title":{"rendered":"D\u00e9cada dos Anos 80: Anulando la Aurora II"},"content":{"rendered":"<p><img data-recalc-dims=\"1\" decoding=\"async\" class=\"imagem\" title=\"imagem\" src=\"https:\/\/i0.wp.com\/resistencia-colombia.org\/cache\/multithumb_thumbs\/b_500_0_16777215_01_images_galeria_inti_malewa_memorias_anos_80_Anulando_la_aurora_II.jpg?w=747&#038;ssl=1\" alt=\"imagem\" \/>Inty Maleywa, Guerrilheira do Bloco Mart\u00edn Caballero das FARC-EP<\/p>\n<p>A d\u00e9cada dos anos 80 inicia com a doutrina de seguran\u00e7a de Turbay. No primeiro ano de aplica\u00e7\u00e3o deste Estatuto foram detidas 60 mil pessoas. Em 1980, a <!--more-->Anistia Internacional acusou o governo colombiano e os militares de praticar at\u00e9 50 tipos de tortura. O paramilitarismo continua com o apoio do governo, do narcotr\u00e1fico e fazendeiros. Estas autodefesas se fortalecem e delas nasce concretamente o grupo MAS, Morte Aos Sequestradores. O povo recebe baixos sal\u00e1rios e h\u00e1 o congelamento dos programas sociais.<\/p>\n<p><i>Anulando la aurora II<\/i> visa expressar com for\u00e7a uma grande \u00e1rvore, onde esta coloca em destaque grandes l\u00edderes que lutaram pela justi\u00e7a e igualdade do povo colombiano. Jaime Pardo Leal, da Uni\u00e3o Patri\u00f3tica, se encontra no come\u00e7o do tronco. Acima de Pardo Leal, \u00e0 direita, se encontra Oscar William Calvo, da Frente Popular, e \u00e0 esquerda, junto ao grande condor andino, brota Jaime Bateman Cay\u00f3n, do M19. S\u00e3o eles o exemplo dos v\u00e1rios l\u00edderes que nesta d\u00e9cada entregaram sua vida ao povo.<\/p>\n<p>Estes m\u00e1rtires se encontram rodeados de s\u00edmbolos representativos das riquezas na Col\u00f4mbia, como a escultura ind\u00edgena, o condor, a orqu\u00eddea, a palmeira, a arara, o veado; fauna e flora que reflete a grande diversidade de esp\u00e9cies que se encontram em nosso pa\u00eds e a cultura de nossas pr\u00f3prias ra\u00edzes.<\/p>\n<p><i>Anulando la aurora II<\/i> tamb\u00e9m visa representar a grande cidade com imensos edif\u00edcios em evid\u00eancia. Estes se transformam em barras para lembrar as pris\u00f5es de nosso pa\u00eds, que nesta d\u00e9cada foram superpovoadas gra\u00e7as aos presidentes Julio Cesar Turbay e Belisario Betancourt, sendo todas aquelas express\u00f5es de inconformidade e manifesta\u00e7\u00f5es de desejos ou lutas por uma mudan\u00e7a na Col\u00f4mbia, reprimidas, torturadas ou assassinadas.<\/p>\n<p>Nas ruas da cidade podemos observar como, dentro de um tanque, se aproximam os presidentes desta d\u00e9cada, junto com o presidente dos Estados Unidos, Ronald Reagan. Seu objetivo \u00e9 massacrar o povo colombiano com o apoio do Ex\u00e9rcito e dos paramilitares, das altas hierarquias da igreja, que permitem e apoiam estas injusti\u00e7as ao povo. O ex\u00e9rcito e os paramilitares, sob as ordens dos poderosos, reprimem os inconformados e os desprotegidos, n\u00e3o se importando de assassinar seus irm\u00e3os que lutam pelas grandes mudan\u00e7as a favor das maiorias.<\/p>\n<p>O povo se encontra aterrorizado pelos horrores vividos. A for\u00e7a militar e o paramilitarismo se fortalecem e se tornam aterradores por suas a\u00e7\u00f5es de tortura e morte. A suposta doutrina de seguran\u00e7a imposta \u00e9 realmente uma doutrina de morte.<\/p>\n<p>Em 1982, entre os dias 4 e 14 de maio, nossa organiza\u00e7\u00e3o realizou a S\u00e9tima Confer\u00eancia, formulando o Plano Estrat\u00e9gico da organiza\u00e7\u00e3o insurgente. A partir deste momento, passamos a empregar as letras EP em nossa sigla e passamos a nos chamar FARC, Ex\u00e9rcito do Povo. O plano foi denominado como Campanha Bolivariana pela Nova Col\u00f4mbia. Nesta Confer\u00eancia foi tra\u00e7ado o Novo Modo de Operar, uma nova concep\u00e7\u00e3o operacional e uma nova t\u00e1tica de guerra irregular que surgiu a partir da experi\u00eancia da opera\u00e7\u00e3o Cisne 3 do Ex\u00e9rcito.<\/p>\n<p>Em 1983, ocorreu o Pleno Ampliado do Estado Maior Central. O Pleno centrou sua aten\u00e7\u00e3o em analisar se na realidade as Frentes est\u00e3o desenvolvendo sua gest\u00e3o militar conforme a concep\u00e7\u00e3o e o projeto do Novo Modo de Operar, segundo formulou a S\u00e9tima Confer\u00eancia.<\/p>\n<p>Em 28 de mar\u00e7o de 1984, deu-se uma tr\u00e9gua e cessar-fogo com o governo de Belisario Betancur. Em maio de 1984, lan\u00e7ou-se a Uni\u00e3o Patri\u00f3tica. A assinatura da tr\u00e9gua deu in\u00edcio a um processo de di\u00e1logo pela paz com o governo e as FARC, dando impulso ao movimento pol\u00edtico Uni\u00e3o Patri\u00f3tica.<\/p>\n<p>Foi nesse mesmo ano de 84 que come\u00e7ou o exterm\u00ednio da Uni\u00e3o Patri\u00f3tica, onde 5 mil militantes e dirigentes foram assassinados pela oligarquia colombiana com o apoio do paramilitarismo e do Ex\u00e9rcito, como estrat\u00e9gia contrainsurgente. Foram assassinados 4 candidatos \u00e0 Presid\u00eancia da Rep\u00fablica: Jaime Pardo Leal, Luis Carlos Gal\u00e1n, Bernardo Jaramillo Ossa y Carlos Pizarro Le\u00f3n G\u00f3mez.<\/p>\n<p>Em 27 de dezembro de 1984, realizou-se um Pleno Ampliado do EMC das FARC-EP, onde foi ministrado um curso sobre estrat\u00e9gia militar, concep\u00e7\u00e3o e t\u00e9cnicas operacionais e Novo Modo de Operar como t\u00e1tica. Tamb\u00e9m sobre a condu\u00e7\u00e3o de tropas e implanta\u00e7\u00e3o estrat\u00e9gica.<\/p>\n<p>Em 17 de fevereiro de 1987, ocorreu um Pleno do EMC das FARC-EP. Ali foram desenvolvidos planos para cada Frente a fim de dar passos para a mobilidade total. Era preciso enfrentar as viola\u00e7\u00f5es \u00e0 tr\u00e9gua da parte do governo e sua terr\u00edvel guerra suja.<\/p>\n<p>Em <i>Anulando la aurora II,<\/i> a folhagem da \u00e1rvore encontra-se frondosa, com a unidade guerrilheira que, na d\u00e9cada de 1987, formou a Coordenadora Guerrilheira Sim\u00f3n Bol\u00edvar. \u00c9 poss\u00edvel observar Manuel Marulanda rodeado por Manuel P\u00e9rez e Francisco Caraballo, estando tamb\u00e9m presentes Jacobo Arenas e Alfonso Cano.<\/p>\n<p>No dia 25 de dezembro de 1987, um Pleno Ampliado do EMC das FARC-EP foi instaurado. O informe central ao Pleno diz: \u201cno momento, temos que nos ocupar b\u00e1sica e principalmente do problema da ascens\u00e3o de nosso movimento para encarar a guerra depois de quase cinco anos de inatividade militar frente a um inimigo que rompeu a tr\u00e9gua e se prepara\u201d.<\/p>\n<p>Finalizamos esta d\u00e9cada com um Pleno do Estado Maior Central em 1989. Insistiu-se no refor\u00e7o do Novo Modo de Operar: \u201ca primeira mudan\u00e7a a ser implantada no c\u00e9rebro dos comandos e combatentes\u201d, expressaram as conclus\u00f5es.<\/p>\n<p><i>Anulando la aurora II <\/i>recorda um pintor colombiano que viveu o rep\u00fadio e a pol\u00eamica das classes dominantes por sua maneira de pensar e expressar suas ideias. <span lang=\"es-AR\">Carlos Correa. <\/span>Esteve comprometido com a luta contra a repress\u00e3o das ditaduras de Laureano G\u00f3mez, Roberto Urdaneta e Gustavo Rojas Pinilla. Simpatizante do Partido Comunista, seus quadros refletem esta inclina\u00e7\u00e3o. Para a infelicidade da mem\u00f3ria da Col\u00f4mbia, por conta da solid\u00e3o, da pobreza e do rep\u00fadio por parte do Estado, o pintor foi obrigado a destruir a maioria de suas obras com temas socialistas. Este \u00e9 um evidente caso, ainda que n\u00e3o o \u00fanico. Pelo contr\u00e1rio, \u00e9 grande o n\u00famero de artistas que foram esmagados pelo sistema por suas afinidades de luta e mudan\u00e7a, especialmente todas aquelas express\u00f5es com pinceladas progressistas.<\/p>\n<p>Fonte: http:\/\/resistencia-colombia.org\/index.php\/farc-ep\/cultura-fariana\/galeria\/51-inti-malewa\/4133-decada-de-los-anos-80-anulando-la-aurora-ii<\/p>\n<p>Tradu\u00e7\u00e3o: Partido Comunista Brasileiro (PCB)<\/p>\n","protected":false},"excerpt":{"rendered":"Inty Maleywa, Guerrilheira do Bloco Mart\u00edn Caballero das FARC-EP A d\u00e9cada dos anos 80 inicia com a doutrina de seguran\u00e7a de Turbay. No \n<a class=\"moretag\" href=\"https:\/\/pcb.org.br\/portal2\/9144\"> <\/a>","protected":false},"author":1,"featured_media":0,"comment_status":"closed","ping_status":"closed","sticky":false,"template":"","format":"standard","meta":{"jetpack_post_was_ever_published":false,"_jetpack_newsletter_access":"","_jetpack_dont_email_post_to_subs":false,"_jetpack_newsletter_tier_id":0,"_jetpack_memberships_contains_paywalled_content":false,"_jetpack_memberships_contains_paid_content":false,"footnotes":"","jetpack_publicize_message":"","jetpack_publicize_feature_enabled":true,"jetpack_social_post_already_shared":true,"jetpack_social_options":{"image_generator_settings":{"template":"highway","default_image_id":0,"font":"","enabled":false},"version":2}},"categories":[8],"tags":[],"class_list":["post-9144","post","type-post","status-publish","format-standard","hentry","category-america-latina"],"jetpack_publicize_connections":[],"jetpack_featured_media_url":"","jetpack_shortlink":"https:\/\/wp.me\/p659gw-2nu","jetpack-related-posts":[],"jetpack_likes_enabled":true,"jetpack_sharing_enabled":true,"_links":{"self":[{"href":"https:\/\/pcb.org.br\/portal2\/wp-json\/wp\/v2\/posts\/9144","targetHints":{"allow":["GET"]}}],"collection":[{"href":"https:\/\/pcb.org.br\/portal2\/wp-json\/wp\/v2\/posts"}],"about":[{"href":"https:\/\/pcb.org.br\/portal2\/wp-json\/wp\/v2\/types\/post"}],"author":[{"embeddable":true,"href":"https:\/\/pcb.org.br\/portal2\/wp-json\/wp\/v2\/users\/1"}],"replies":[{"embeddable":true,"href":"https:\/\/pcb.org.br\/portal2\/wp-json\/wp\/v2\/comments?post=9144"}],"version-history":[{"count":0,"href":"https:\/\/pcb.org.br\/portal2\/wp-json\/wp\/v2\/posts\/9144\/revisions"}],"wp:attachment":[{"href":"https:\/\/pcb.org.br\/portal2\/wp-json\/wp\/v2\/media?parent=9144"}],"wp:term":[{"taxonomy":"category","embeddable":true,"href":"https:\/\/pcb.org.br\/portal2\/wp-json\/wp\/v2\/categories?post=9144"},{"taxonomy":"post_tag","embeddable":true,"href":"https:\/\/pcb.org.br\/portal2\/wp-json\/wp\/v2\/tags?post=9144"}],"curies":[{"name":"wp","href":"https:\/\/api.w.org\/{rel}","templated":true}]}}