{"id":9146,"date":"2015-08-18T12:47:38","date_gmt":"2015-08-18T15:47:38","guid":{"rendered":"http:\/\/pcb.org.br\/portal2\/?p=9146"},"modified":"2016-05-18T21:45:40","modified_gmt":"2016-05-19T00:45:40","slug":"sociedade-se-mobiliza-para-o-julgamento-do-estupro-e-morte-de-adolescente-na-paraiba","status":"publish","type":"post","link":"https:\/\/pcb.org.br\/portal2\/9146","title":{"rendered":"Sociedade se mobiliza para o julgamento do estupro e morte de adolescente na Para\u00edba"},"content":{"rendered":"<p><img data-recalc-dims=\"1\" decoding=\"async\" class=\"imagem\" title=\"imagem\" src=\"https:\/\/i0.wp.com\/www.adital.com.br\/arquivos2\/2015_08_caso_estupro1_aspta.org.jpg?w=747\" alt=\"imagem\" \/>Adital<\/p>\n<p>Quase tr\u00eas anos ap\u00f3s o desaparecimento e estupro seguido de morte de Ana Alice de Mac\u00eado Valentin, 16 anos, no munic\u00edpio de Queimadas, Estado da Para\u00edba, a sociedade organizada em torno do Comit\u00ea Ana Alice segue mobilizada aguardando o julgamento do caso. Este est\u00e1 marcado para iniciar nesta ter\u00e7a-feira, 18 de agosto, no audit\u00f3rio da C\u00e2mara Municipal de Vereadores de Queimadas, a partir das 8h30.<!--more--><\/p>\n<p>O Comit\u00ea de Solidariedade Ana Alice foi formado no intuito de lutar pela resolu\u00e7\u00e3o deste e de outros crimes de viol\u00eancia contra a mulher. A entidade re\u00fane organiza\u00e7\u00f5es em torno da bandeira de luta pelo fim da viol\u00eancia de g\u00eanero no Brasil. O Comit\u00ea realizar\u00e1 uma vig\u00edlia no dia 18, em frente ao local do julgamento, com mulheres vestidas de branco e segurando flores vermelhas, cruzes pretas, cartazes e faixas pedindo puni\u00e7\u00e3o exemplar para o criminoso. Haver\u00e1 ainda uma panfletagem e a exibi\u00e7\u00e3o de um painel com o rosto de Ana Alice, no Centro da Cidade, para sensibilizar a popula\u00e7\u00e3o e conscientizar sobre a tem\u00e1tica.<\/p>\n<p>O julgamento ser\u00e1 conduzido pelo Juiz Titular da 1\u00aa Vara Mista de Queimadas, Antonio Gon\u00e7alves Ribeiro Junior, respons\u00e1vel pelo caso e contar\u00e1 com representantes da defesa do r\u00e9u e os assistentes de acusa\u00e7\u00e3o do Minist\u00e9rio P\u00fablico, al\u00e9m de testemunhas de defesa e de acusa\u00e7\u00e3o. Ter\u00e3o permiss\u00e3o para acompanhar o julgamento a fam\u00edlia da v\u00edtima e do r\u00e9u e representantes de movimentos de mulheres e do Comit\u00ea Ana Alice.<\/p>\n<p>O Comit\u00ea organiza, desde o \u00faltimo m\u00eas de julho, uma agenda de atividades, com palestras nas escolas p\u00fablicas, colagem de cartazes pelas ruas e di\u00e1logos com entidades sociais e religiosas, no sentido de n\u00e3o s\u00f3 unir a sociedade por justi\u00e7a, mas tamb\u00e9m conscientizar para prevenir novos casos. Desde que o crime ocorreu, o Comit\u00ea se articulado com as fam\u00edlias de outras v\u00edtimas, como as de Isabella Paju\u00e7ara e Michelle Domingues, duas mulheres assassinadas durante um estupro coletivo ocorrido tamb\u00e9m em Queimadas, em fevereiro de 2012. Ambos estiveram unidos durante momentos cr\u00edticos, como a fuga e posterior recaptura do preso assassino de Ana Alice, em abril de 2014, e o julgamento do mentor do caso do estupro seguido de morte das duas mulheres, em setembro de 2014. Com estas a\u00e7\u00f5es, o Comit\u00ea e a fam\u00edlia de Ana Alice esperam que a repercuss\u00e3o do caso sirva de exemplo para inibir a atitude de outros agressores e ajudar a formar uma consci\u00eancia de n\u00e3o viol\u00eancia contra a mulher.<\/p>\n<p>O caso Ana Alice<\/p>\n<p>No dia 19 de setembro de 2012, a adolescente de Queimadas Ana Alice de Macedo Valentim, jovem agricultora militante do Polo da Borborema, foi abordada quando chegava em casa depois da aula. Foi estuprada e violentamente assassinada aos 16 anos de idade, tendo seu corpo enterrado em uma fazenda, na zona rural do munic\u00edpio de Caturit\u00e9. Para a fam\u00edlia, a adolescente permaneceu desaparecida por quase 50 dias, quando, nas imedia\u00e7\u00f5es de sua comunidade, uma nova mulher desapareceu, sendo encontrada apenas no dia seguinte, com marcas de esganadura, escoria\u00e7\u00f5es e amputa\u00e7\u00e3o parcial da orelha direita. Ainda muito perturbada por tamanha viol\u00eancia, ela foi capaz de reconhecer seu algoz (e vizinho), Le\u00f4nio Barbosa de Arruda, um vaqueiro, \u00e0 \u00e9poca com 21 anos de idade.<\/p>\n<p>Arruda acabou preso e confessou o crime contra sua vizinha e contra Ana Alice, confessou, inclusive, que, neste \u00faltimo crime, n\u00e3o agiu sozinho, teve a ajuda de um comparsa, \u00e0 \u00e9poca menor de idade. Contudo, as duas n\u00e3o foram as \u00fanicas v\u00edtimas. Em 2011, ao sair de um baile de Carnaval, ele havia feito sua primeira v\u00edtima. De posse de uma arma, obrigou que uma jovem de Boqueir\u00e3o entrasse em seu carro e a estuprou. Dias mais tarde, ap\u00f3s prestar depoimento sobre o primeiro caso, na delegacia desse munic\u00edpio, tentou fazer uma nova v\u00edtima, uma adolescente de 14 anos, que teve sorte diferente, quando um amigo a libertou da barb\u00e1rie.<\/p>\n<p>http:\/\/www.ceert.org.br\/acontece\/noticia.php?id=7959<\/p>\n","protected":false},"excerpt":{"rendered":"Adital Quase tr\u00eas anos ap\u00f3s o desaparecimento e estupro seguido de morte de Ana Alice de Mac\u00eado Valentin, 16 anos, no munic\u00edpio de \n<a class=\"moretag\" href=\"https:\/\/pcb.org.br\/portal2\/9146\"> <\/a>","protected":false},"author":1,"featured_media":0,"comment_status":"closed","ping_status":"closed","sticky":false,"template":"","format":"standard","meta":{"jetpack_post_was_ever_published":false,"_jetpack_newsletter_access":"","_jetpack_dont_email_post_to_subs":false,"_jetpack_newsletter_tier_id":0,"_jetpack_memberships_contains_paywalled_content":false,"_jetpack_memberships_contains_paid_content":false,"footnotes":"","jetpack_publicize_message":"","jetpack_publicize_feature_enabled":true,"jetpack_social_post_already_shared":true,"jetpack_social_options":{"image_generator_settings":{"template":"highway","default_image_id":0,"font":"","enabled":false},"version":2}},"categories":[4],"tags":[],"class_list":["post-9146","post","type-post","status-publish","format-standard","hentry","category-s6-movimentos"],"jetpack_publicize_connections":[],"jetpack_featured_media_url":"","jetpack_shortlink":"https:\/\/wp.me\/p659gw-2nw","jetpack-related-posts":[],"jetpack_likes_enabled":true,"jetpack_sharing_enabled":true,"_links":{"self":[{"href":"https:\/\/pcb.org.br\/portal2\/wp-json\/wp\/v2\/posts\/9146","targetHints":{"allow":["GET"]}}],"collection":[{"href":"https:\/\/pcb.org.br\/portal2\/wp-json\/wp\/v2\/posts"}],"about":[{"href":"https:\/\/pcb.org.br\/portal2\/wp-json\/wp\/v2\/types\/post"}],"author":[{"embeddable":true,"href":"https:\/\/pcb.org.br\/portal2\/wp-json\/wp\/v2\/users\/1"}],"replies":[{"embeddable":true,"href":"https:\/\/pcb.org.br\/portal2\/wp-json\/wp\/v2\/comments?post=9146"}],"version-history":[{"count":0,"href":"https:\/\/pcb.org.br\/portal2\/wp-json\/wp\/v2\/posts\/9146\/revisions"}],"wp:attachment":[{"href":"https:\/\/pcb.org.br\/portal2\/wp-json\/wp\/v2\/media?parent=9146"}],"wp:term":[{"taxonomy":"category","embeddable":true,"href":"https:\/\/pcb.org.br\/portal2\/wp-json\/wp\/v2\/categories?post=9146"},{"taxonomy":"post_tag","embeddable":true,"href":"https:\/\/pcb.org.br\/portal2\/wp-json\/wp\/v2\/tags?post=9146"}],"curies":[{"name":"wp","href":"https:\/\/api.w.org\/{rel}","templated":true}]}}