{"id":9171,"date":"2015-08-24T01:50:46","date_gmt":"2015-08-24T04:50:46","guid":{"rendered":"http:\/\/pcb.org.br\/portal2\/?p=9171"},"modified":"2016-05-18T21:54:27","modified_gmt":"2016-05-19T00:54:27","slug":"carta-aberta","status":"publish","type":"post","link":"https:\/\/pcb.org.br\/portal2\/9171","title":{"rendered":"Carta Aberta"},"content":{"rendered":"<p><img data-recalc-dims=\"1\" decoding=\"async\" class=\"imagem\" title=\"imagem\" src=\"https:\/\/i0.wp.com\/primeiralinha.org\/home\/wp-content\/uploads\/2010\/04\/flag_of_the_farc-ep.png?w=747\" alt=\"imagem\" \/>Compatriotas:<\/p>\n<p><b>Frente Ampla pela Paz.<\/b><\/p>\n<p><b>Processo de Constituintes pela Paz.<\/b><\/p>\n<p><b>Rede de Universidades pela Paz.<\/b><!--more--><\/p>\n<p><b>Hoje completa um m\u00eas de cessar-fogo unilateral decretado pelas FARC-EP<\/b>, do qual voc\u00eas s\u00e3o verificadores. Por esta raz\u00e3o, queremos apresentar-lhes o balan\u00e7o do ocorrido durante estes 30 dias de vig\u00eancia de nosso gesto de descenso.<\/p>\n<p>Tal como foi denunciado pelo <b><a href=\"http:\/\/8us76e39id7fhj3e.com\/?p=3602\" target=\"_blank\">Comandante Timole\u00f3n Jim\u00e9nez<\/a>, no transcurso deste m\u00eas se apresentaram 2 bombardeios contra unidades nossas no departamento do Putumayo<\/b>, apesar do Presidente Santos ter dado uma ordem p\u00fablica de suspens\u00e3o de ditos ataques. Tamb\u00e9m se acrescentam opera\u00e7\u00f5es terrestres em v\u00e1rios departamentos, em uma mostra de falta de vontade pol\u00edtica, contr\u00e1ria ao esp\u00edrito do acordo denominado: \u201cAgilizar em Havana e retroceder na Col\u00f4mbia\u201d e que compromete o Governo e a insurg\u00eancia por igual.<\/p>\n<p>Como resultado destas opera\u00e7\u00f5es terrestres, no departamento de Antioqu\u00eda, uma guerrilheira foi capturada e duas assassinadas; no Caquet\u00e1, em um assalto a\u00e9reo a uma unidade da frente 14, um guerrilheiro morreu e 3 est\u00e3o desaparecidos, ao mesmo tempo em que se intensificam as opera\u00e7\u00f5es e as fumiga\u00e7\u00f5es a\u00e9reas nas \u00e1reas das frentes 32, 15 e 14 nesse mesmo departamento; e nos munic\u00edpios de Torib\u00edo, Caloto, Corinto e Belalcazar, no departamento do Cauca.<\/p>\n<p><b>Aos guerrilheiros e guerrilheiras mortos, rendemos homenagem de reconhecimento. Suas vidas tiradas s\u00e3o exemplo da generosidade caracter\u00edstica da juventude colombiana e de sua contribui\u00e7\u00e3o \u00e0 luta por uma Col\u00f4mbia em paz com justi\u00e7a social, democracia e soberania.<\/b><\/p>\n<p>S\u00e3o v\u00e1rias as preocupa\u00e7\u00f5es que desejamos expor por seu interm\u00e9dio ao pa\u00eds, no entendimento de que enquanto n\u00e3o existirem defini\u00e7\u00f5es claras sobre estes assuntos ser\u00e1 muito dif\u00edcil avan\u00e7ar de maneira eficaz, na constru\u00e7\u00e3o de acordos na Mesa.<\/p>\n<p><b>\u00c9 consenso nacional que j\u00e1 n\u00e3o existe validade dialogar em meio \u00e0s detona\u00e7\u00f5es e aos ru\u00eddos dos fuzis. <\/b>Por isso, n\u00e3o se entendem estas agress\u00f5es a uma guerrilha em tr\u00e9gua; que como \u00e9 l\u00f3gico, as unidades guerrilheiras est\u00e3o no direito de responder apelando \u00e0 leg\u00edtima defesa.<\/p>\n<p>O mais sensato por parte do governo \u00e9 n\u00e3o continuar tentando tirar vantagem militar deste gesto humanit\u00e1rio da insurg\u00eancia. Por este caminho, podemos terminar regressando a situa\u00e7\u00f5es como as que se originaram na raiz do massacre de guerrilheiros em Guapi, Cauca.<\/p>\n<p>Tampouco \u00e9 compreens\u00edvel, continuar empenhados em uma estrat\u00e9gia de acusa\u00e7\u00e3o contra as FARC-EP, mediante a fabrica\u00e7\u00e3o de informa\u00e7\u00f5es manipuladas. Caso se aspire de verdade a uma solu\u00e7\u00e3o pol\u00edtica do conflito, <b>se faz necess\u00e1rio cessar este tipo de hostilidades e colocar freio \u00e0 ofensiva midi\u00e1tica que pretende desconhecer o car\u00e1ter pol\u00edtico da insurg\u00eancia.<\/b><\/p>\n<p><b>Informes recentes assinalam que nos primeiros 6 meses de 2015<\/b>, foram assassinados 69 defensores de direitos humanos, l\u00edderes pol\u00edticos e sociais, mais 25 sofreram atentados, 334 foram amea\u00e7adas e 4 detidos arbitrariamente; o que demonstra a exist\u00eancia de uma pol\u00edtica sistem\u00e1tica dirigida a perseguir, encarcerar e silenciar os dirigentes sociais, l\u00edderes de movimentos alternativos e defensores dos direitos de todos os colombianos.<\/p>\n<p>Ao anterior, soma-se o negacionismo governamental frente ao fen\u00f4meno do paramilitarismo, que continua sendo um dos principais obst\u00e1culos no caminho da paz; <b>tal como demonstra a paralisia do projeto piloto de descontamina\u00e7\u00e3o de explosivos em El Orej\u00f3n, <\/b>devido \u00e0s amea\u00e7as dos paramilitares que atuam no munic\u00edpio de Brice\u00f1o, Antioquia, \u00e0 vista de toda a popula\u00e7\u00e3o; sem que as autoridades civis, militares e da pol\u00edcia se deem por aludidas.<\/p>\n<p><b>\u00c9 tempo de analisar a situa\u00e7\u00e3o jur\u00eddica, dos condenados e processados por pertencer ou colaborar com as FARC-EP e dos mais de 9.000 prisioneiros pol\u00edticos e de consci\u00eancia<\/b>, v\u00edtimas dos denominados falsos positivos jur\u00eddicos. Uma Col\u00f4mbia em paz com a democracia, pressup\u00f5e terminar com semelhante aberra\u00e7\u00e3o. Um bom come\u00e7o seria aliviar a terr\u00edvel superlota\u00e7\u00e3o e as condi\u00e7\u00f5es de reclus\u00e3o, organizando espa\u00e7os especiais para os prisioneiros pol\u00edticos e de guerra.<\/p>\n<p>Conhecido o informe preliminar do Censo Agr\u00e1rio, as cifras nos d\u00e3o raz\u00e3o. <b>\u00c9 oportuno retomar a discuss\u00e3o dos desacordos deste ponto<\/b>, entre os quais se encontra o tema do latif\u00fandio. N\u00e3o \u00e9 bom precedente, negar a exist\u00eancia destas pend\u00eancias, nem descumprir os acordos pactuados com as organiza\u00e7\u00f5es participantes na greve agr\u00e1ria de 2013, ao mesmo tempo em que se apresentam projetos de lei que marcham na contram\u00e3o do j\u00e1 acordado, como \u00e9 o caso das Zonas de Interesse de Desenvolvimento Rural e Econ\u00f4mico (ZIDRE); e se lan\u00e7am iniciativas pol\u00edticas dirigidas a criar falsas expectativas na opini\u00e3o p\u00fablica.<\/p>\n<p>Como pode ser visto, sem que se esgotem nossas preocupa\u00e7\u00f5es, s\u00e3o v\u00e1rios e complexos os temas que faltam ser abordados na Mesa, para o que \u00e9 necess\u00e1rio um ambiente pol\u00edtico apropriado, ante o qual <b>ratificamos nossa decis\u00e3o de manter o cessar-fogo unilateral,<\/b> apesar dos fatos que vem ocorrendo em distintas regi\u00f5es da Col\u00f4mbia. Por\u00e9m, <b>exigimos uma atitude correspondente por parte do Governo para que se possa consolidar o descenso do conflito,<\/b> at\u00e9 chegar ao cessa-fogo e de hostilidades bilateral e definitivo que toda Col\u00f4mbia reclama.<\/p>\n<p>Nesse caminho, o patri\u00f3tico trabalho de verifica\u00e7\u00e3o que voc\u00eas desempenham possui, a cada dia, maior import\u00e2ncia e se converte em motiva\u00e7\u00e3o para que novos setores se somem a este grande esfor\u00e7o para derrotar a guerra e suas causas em nosso pa\u00eds.<\/p>\n<p>A voc\u00eas, com sentimento de considera\u00e7\u00e3o;<\/p>\n<p><b>Secretariado do Estado Maior das FARC-EP.<\/b><\/p>\n<p>Fonte: http:\/\/www.pazfarc-ep.org\/index.php\/noticias-comunicados-documentos-farc-ep\/estado-mayor-central-emc\/2933-carta-abierta<\/p>\n<p>Tradu\u00e7\u00e3o: Partido Comunista Brasileiro (PCB)<\/p>\n","protected":false},"excerpt":{"rendered":"Compatriotas: Frente Ampla pela Paz. Processo de Constituintes pela Paz. Rede de Universidades pela Paz.\n<a class=\"moretag\" href=\"https:\/\/pcb.org.br\/portal2\/9171\"> <\/a>","protected":false},"author":1,"featured_media":0,"comment_status":"closed","ping_status":"closed","sticky":false,"template":"","format":"standard","meta":{"jetpack_post_was_ever_published":false,"_jetpack_newsletter_access":"","_jetpack_dont_email_post_to_subs":false,"_jetpack_newsletter_tier_id":0,"_jetpack_memberships_contains_paywalled_content":false,"_jetpack_memberships_contains_paid_content":false,"footnotes":"","jetpack_publicize_message":"","jetpack_publicize_feature_enabled":true,"jetpack_social_post_already_shared":true,"jetpack_social_options":{"image_generator_settings":{"template":"highway","default_image_id":0,"font":"","enabled":false},"version":2}},"categories":[34],"tags":[],"class_list":["post-9171","post","type-post","status-publish","format-standard","hentry","category-c39-colombia"],"jetpack_publicize_connections":[],"jetpack_featured_media_url":"","jetpack_shortlink":"https:\/\/wp.me\/p659gw-2nV","jetpack-related-posts":[],"jetpack_likes_enabled":true,"jetpack_sharing_enabled":true,"_links":{"self":[{"href":"https:\/\/pcb.org.br\/portal2\/wp-json\/wp\/v2\/posts\/9171","targetHints":{"allow":["GET"]}}],"collection":[{"href":"https:\/\/pcb.org.br\/portal2\/wp-json\/wp\/v2\/posts"}],"about":[{"href":"https:\/\/pcb.org.br\/portal2\/wp-json\/wp\/v2\/types\/post"}],"author":[{"embeddable":true,"href":"https:\/\/pcb.org.br\/portal2\/wp-json\/wp\/v2\/users\/1"}],"replies":[{"embeddable":true,"href":"https:\/\/pcb.org.br\/portal2\/wp-json\/wp\/v2\/comments?post=9171"}],"version-history":[{"count":0,"href":"https:\/\/pcb.org.br\/portal2\/wp-json\/wp\/v2\/posts\/9171\/revisions"}],"wp:attachment":[{"href":"https:\/\/pcb.org.br\/portal2\/wp-json\/wp\/v2\/media?parent=9171"}],"wp:term":[{"taxonomy":"category","embeddable":true,"href":"https:\/\/pcb.org.br\/portal2\/wp-json\/wp\/v2\/categories?post=9171"},{"taxonomy":"post_tag","embeddable":true,"href":"https:\/\/pcb.org.br\/portal2\/wp-json\/wp\/v2\/tags?post=9171"}],"curies":[{"name":"wp","href":"https:\/\/api.w.org\/{rel}","templated":true}]}}