{"id":9179,"date":"2015-08-25T12:16:08","date_gmt":"2015-08-25T15:16:08","guid":{"rendered":"http:\/\/pcb.org.br\/portal2\/?p=9179"},"modified":"2015-09-16T00:00:14","modified_gmt":"2015-09-16T03:00:14","slug":"manifestacoes-em-apoio-a-dilma","status":"publish","type":"post","link":"https:\/\/pcb.org.br\/portal2\/9179","title":{"rendered":"Manifesta\u00e7\u00f5es em apoio a Dilma"},"content":{"rendered":"<p><img data-recalc-dims=\"1\" height=\"182\" width=\"300\" decoding=\"async\" class=\"imagem\" title=\"imagem\" src=\"https:\/\/i0.wp.com\/4.bp.blogspot.com\/-LJOSFs8SkQA\/VCArw15YknI\/AAAAAAAAQYI\/4ng9mSDLJbo\/s1600\/OttoFilgueiras2009-300x182.jpg?resize=300%2C182\" alt=\"imagem\" \/>Otto Filgueiras<\/p>\n<p>24.08.2015, Correio da Cidadania<\/p>\n<p>Na verdade, houve um golpe do governo petista em conluio com banqueiros, empres\u00e1rios do agroneg\u00f3cio e grandes capitalistas, representados pela grande m\u00eddia conservadora, a FIESP e outras entidades patronais. E pararam de falar em impeachment de Dilma.<!--more--><\/p>\n<p>A passeata, com milhares de pessoas, saiu do Largo da Batata no final da tarde do dia 20 de agosto e chegou triunfante na Avenida Paulista, no come\u00e7o da noite. Tanta gente quanto no dia 16, na manifesta\u00e7\u00e3o pelo impeachment da presidente Dilma Rousseff.<\/p>\n<p>Mas a manifesta\u00e7\u00e3o do dia 20, favor\u00e1vel ao governo petista, estava dividida. Ocorreram manifesta\u00e7\u00f5es em v\u00e1rias capitais do Brasil e naquelas em que o governo federal tinha hegemonia prevaleceu o apoio ao mandato de Dilma Rousseff, das suas conquistas e contra o pretenso golpe de direita.<\/p>\n<p>J\u00e1 em outras capitais, S\u00e3o Paulo em particular, parte importante dos manifestantes bradava contra o ajuste fiscal de Joaquim Levy, ministro da Fazenda do governo petista e contra a agenda Brasil do presidente do Senado, Renan Calheiros. Ele inclusive formalizou em documento suas propostas, que segundo Bruno Elias, secret\u00e1rio nacional de movimentos populares do PT, \u201cre\u00fane um amontoado de propostas neoliberais que apontam para retirada ou restri\u00e7\u00e3o de direitos sociais, trabalhistas, previdenci\u00e1rios, ind\u00edgenas e ambientais\u201d.<br \/>\nA agenda inclui propostas de revis\u00e3o de marcos jur\u00eddicos de licenciamentos ambientais e de \u00e1reas ind\u00edgenas, para incentivar \u201catividades produtivas\u201d. Re\u00fane ainda propostas como a cria\u00e7\u00e3o de uma Institui\u00e7\u00e3o Fiscal Independente e a aprova\u00e7\u00e3o de uma Lei de Responsabilidade das Estatais, com o objetivo de esvaziar o controle p\u00fablico sobre a economia e sobre \u00e1reas estrat\u00e9gicas do Estado brasileiro.<br \/>\nEm meio \u201ca propostas de tributa\u00e7\u00e3o sobre heran\u00e7as e repatria\u00e7\u00e3o de ativos financeiros no exterior, aponta mais uma vez para os trabalhadores a conta da crise, sugerindo a amplia\u00e7\u00e3o da idade m\u00ednima para a aposentadoria e a cobran\u00e7a de procedimentos no SUS, de acordo com a renda\u201d.<br \/>\nNa verdade, houve um golpe do governo petista em conluio com banqueiros, empres\u00e1rios do agroneg\u00f3cio e grandes capitalistas, representados pela grande m\u00eddia conservadora, a FIESP e outras entidades patronais. E pararam de falar em impeachment de Dilma.<\/p>\n<p>Claro que na manifesta\u00e7\u00e3o da direita, no domingo retrasado, houve at\u00e9 torturadores como Carlinhos Metranca, aplaudido na avenida Paulista novamente.<\/p>\n<p>Ele fazia parte do esquadr\u00e3o da morte, deveria estar cumprindo pris\u00e3o perp\u00e9tua, mas como a transi\u00e7\u00e3o conservadora n\u00e3o contemplou o julgamento de bandidos como ocorreu na Argentina e em outros pa\u00edses, desfilou democraticamente.<\/p>\n<p>Embora um golpe de direita esteja descartado no momento atual, \u00e9 bom ficar atento. Infelizmente, os tucanos como A\u00e9cio Neves, FHC e mesmo Jos\u00e9 Serra est\u00e3o fortalecendo a extrema-direita. N\u00e3o s\u00e3o fascistas, particularmente Jos\u00e9 Serra, que j\u00e1 teve posi\u00e7\u00e3o combativa em rela\u00e7\u00e3o aos governos de FHC, quando criticava as elevadas taxas de c\u00e2mbio, de juros e a desindustrializa\u00e7\u00e3o.<\/p>\n<p>Mas \u00e9 muito ambicioso, gosta do poder e tinha como objetivo de vida virar presidente da Rep\u00fablica. Mesmo pessoas que o apoiavam, como o comunista Arm\u00eanio Guedes, criticavam a sua ambi\u00e7\u00e3o.<\/p>\n<p>O PCB n\u00e3o participou da manifesta\u00e7\u00e3o e divulgou nota habilidosa:<\/p>\n<p><em>\u201cCompreende a iniciativa de movimentos sociais e de setores da esquerda governista que participar\u00e3o dos atos convocados para o dia 20\/08. A pauta destas manifesta\u00e7\u00f5es \u00e9 o enfrentamento \u00e0 ofensiva da oposi\u00e7\u00e3o de direita e em defesa dos trabalhadores contra o ajuste fiscal e os cortes impostos pelo governo Dilma\u201d. <\/em><\/p>\n<p>Tamb\u00e9m \u00e9 alvo dos protestos o acordo por cima em torno dos pontos da chamada Agenda Brasil, apresentada pelo presidente do Senado e aceita pelo governo, acordo este que imp\u00f5e medidas ainda mais duras contra os trabalhadores e a popula\u00e7\u00e3o brasileira. Por fim, os movimentos reafirmam a necessidade de uma mudan\u00e7a profunda e radical em favor dos trabalhadores.<\/p>\n<p>Segundo o PCB, <em>\u201cinfelizmente, estes setores n\u00e3o foram e n\u00e3o ser\u00e3o capazes de neutralizar a tend\u00eancia dominante de transformar essas manifesta\u00e7\u00f5es em atos de defesa do governo Dilma, relativizando seu conte\u00fado cr\u00edtico, pois governo e dire\u00e7\u00e3o do PT jogam peso no sentido de atenuar os elementos de cr\u00edtica ao ajuste, enfatizando a luta pela chamada \u2018legalidade democr\u00e1tica\u2019\u201d.<\/em><\/p>\n<p>Diz ainda a nota que <em>\u201co governo Dilma j\u00e1 operou o acordo por cima para se salvar, pacto que foi referendado pelos Nacional, ao pre\u00e7o de aprofundar ainda mais os ataques aos trabalhadores, aos povos ind\u00edgenas, ao meio ambiente e a toda a popula\u00e7\u00e3o, destruindo o car\u00e1ter p\u00fablico do SUS e avan\u00e7ando na pol\u00edtica de cortes de verbas, que j\u00e1 atingem mortalmente a educa\u00e7\u00e3o p\u00fablica e as pol\u00edticas sociais\u201d.meios de comunica\u00e7\u00e3o, incluindo a Rede Globo e o Financial Times, assim como as poderosas organiza\u00e7\u00f5es empresariais FIRJAN e FIESP. E trabalha para sacraliz\u00e1-lo com o Congresso <\/em><\/p>\n<p>Segundo o PCB, <em>\u201cparticipar de manifesta\u00e7\u00e3o de apoio ao governo neste momento \u00e9 dar legitimidade ao acordo que j\u00e1 est\u00e1 em andamento, como ocorreu com o respaldo dado \u00e0 presidente por estes mesmos setores nas \u00faltimas elei\u00e7\u00f5es\u201d.<\/em><\/p>\n<p>Por isso disse o PCB que n\u00e3o participaria dos atos chamados para o dia 20: <em>\u201cA pauta de luta contra o ajuste e os ataques aos trabalhadores ter\u00e1 de seguir para al\u00e9m desta data, nas greves em curso e naquelas que emergir\u00e3o, na luta pela terra e pela moradia, na luta pela sa\u00fade e a educa\u00e7\u00e3o p\u00fablica e gratuita de qualidade, acumulando para a constru\u00e7\u00e3o do Poder Popular, verdadeira alternativa \u00e0 crise conjuntural e ao poder burgu\u00eas\u201d. <\/em><\/p>\n<p>Estas lutas ser\u00e3o, necessariamente, contra o governo Dilma e seus aliados de direita. O PCB era a \u00fanica agremia\u00e7\u00e3o que n\u00e3o estava na manifesta\u00e7\u00e3o.<\/p>\n<p>Otto Filgueiras \u00e9 jornalista e est\u00e1 lan\u00e7ando o livro <em>Revolucion\u00e1rios sem rosto: uma hist\u00f3ria da A\u00e7\u00e3o Popular<\/em>.<\/p>\n<p>http:\/\/www.correiocidadania.com.br\/index.php?option=com_content&#038;view=article&#038;id=11041<\/p>\n","protected":false},"excerpt":{"rendered":"Otto Filgueiras 24.08.2015, Correio da Cidadania Na verdade, houve um golpe do governo petista em conluio com banqueiros, empres\u00e1rios do agroneg\u00f3cio e grandes \n<a class=\"moretag\" href=\"https:\/\/pcb.org.br\/portal2\/9179\"> <\/a>","protected":false},"author":1,"featured_media":0,"comment_status":"closed","ping_status":"closed","sticky":false,"template":"","format":"standard","meta":{"jetpack_post_was_ever_published":false,"_jetpack_newsletter_access":"","_jetpack_dont_email_post_to_subs":false,"_jetpack_newsletter_tier_id":0,"_jetpack_memberships_contains_paywalled_content":false,"_jetpack_memberships_contains_paid_content":false,"footnotes":"","jetpack_publicize_message":"","jetpack_publicize_feature_enabled":true,"jetpack_social_post_already_shared":true,"jetpack_social_options":{"image_generator_settings":{"template":"highway","default_image_id":0,"font":"","enabled":false},"version":2}},"categories":[7],"tags":[],"class_list":["post-9179","post","type-post","status-publish","format-standard","hentry","category-s8-brasil"],"jetpack_publicize_connections":[],"jetpack_featured_media_url":"","jetpack_shortlink":"https:\/\/wp.me\/p659gw-2o3","jetpack-related-posts":[],"jetpack_likes_enabled":true,"jetpack_sharing_enabled":true,"_links":{"self":[{"href":"https:\/\/pcb.org.br\/portal2\/wp-json\/wp\/v2\/posts\/9179","targetHints":{"allow":["GET"]}}],"collection":[{"href":"https:\/\/pcb.org.br\/portal2\/wp-json\/wp\/v2\/posts"}],"about":[{"href":"https:\/\/pcb.org.br\/portal2\/wp-json\/wp\/v2\/types\/post"}],"author":[{"embeddable":true,"href":"https:\/\/pcb.org.br\/portal2\/wp-json\/wp\/v2\/users\/1"}],"replies":[{"embeddable":true,"href":"https:\/\/pcb.org.br\/portal2\/wp-json\/wp\/v2\/comments?post=9179"}],"version-history":[{"count":0,"href":"https:\/\/pcb.org.br\/portal2\/wp-json\/wp\/v2\/posts\/9179\/revisions"}],"wp:attachment":[{"href":"https:\/\/pcb.org.br\/portal2\/wp-json\/wp\/v2\/media?parent=9179"}],"wp:term":[{"taxonomy":"category","embeddable":true,"href":"https:\/\/pcb.org.br\/portal2\/wp-json\/wp\/v2\/categories?post=9179"},{"taxonomy":"post_tag","embeddable":true,"href":"https:\/\/pcb.org.br\/portal2\/wp-json\/wp\/v2\/tags?post=9179"}],"curies":[{"name":"wp","href":"https:\/\/api.w.org\/{rel}","templated":true}]}}