{"id":919,"date":"2010-10-21T18:57:18","date_gmt":"2010-10-21T18:57:18","guid":{"rendered":"http:\/\/pcb.org.br\/portal2\/?p=919"},"modified":"2010-10-21T18:57:18","modified_gmt":"2010-10-21T18:57:18","slug":"adeus-social-democracia-ola-esquerda-anticapitalista","status":"publish","type":"post","link":"https:\/\/pcb.org.br\/portal2\/919","title":{"rendered":"Adeus social-democracia, ol\u00e1 esquerda anticapitalista"},"content":{"rendered":"\n<p>A queda da social-democracia em toda a Europa n\u00e3o obedece a uma melhor ou pior gest\u00e3o de seus l\u00edderes. Pelo contrario, deve-se a uma implac\u00e1vel necessidade hist\u00f3rica. Ali\u00e1s, ao desaparecimento do papel hist\u00f3rico da social-democracia.<\/p>\n<p>Os partidos chamados &#8220;socialistas&#8221; representaram as pol\u00edticas do &#8220;Estado do bem-estar&#8221;, de fazer dos trabalhadores dos pa\u00edses imperialistas part\u00edcipes das migalhas dos fabulosos benef\u00edcios saqueados do Terceiro Mundo, na forma de sal\u00e1rios mais altos, concess\u00f5es sociais e certo n\u00edvel de vida. De modo que estas pol\u00edticas social-democratas criavam um colch\u00e3o que amortizavam a luta de classes e estabeleciam um &#8220;cord\u00e3o sanit\u00e1rio&#8221; diante do &#8220;comunismo&#8221; que representava a URSS e os pa\u00edses socialistas da Europa do Leste.<\/p>\n<p>A imensa maioria dos trabalhadores europeus associou, dessa forma, sua vida relativamente c\u00f4moda com a social-democracia, que falava sempre em seu nome (e at\u00e9, como no caso espanhol, com seu nome) diante das pol\u00edticas abertamente antitrabalhistas dos partidos de direita.<\/p>\n<p>Mas dois acontecimentos hist\u00f3ricos vieram transformar radicalmente a situa\u00e7\u00e3o. Por um lado, a queda do socialismo sovi\u00e9tico, tornando desnecess\u00e1rio esse &#8220;colch\u00e3o&#8221; diante do &#8220;perigo do Leste&#8221;. N\u00e3o em v\u00e3o, a queda da URSS abriu caminho \u00e0s pol\u00edticas de extrema direita capitalista (o chamado &#8220;neoliberalismo&#8221;), encabe\u00e7adas por Reagan, nos Estados Unidos e Tatcher, no Reino Unido.<\/p>\n<p>Por outro lado, a crise de agonia do capitalismo, principalmente nas grandes pot\u00eancias imperialistas, era incapaz de gerar os in\u00fameros volumes de capital necess\u00e1rios para sustentar sua acelerada carreira a lugar nenhum. J\u00e1 n\u00e3o sobram nem as migalhas que iam parar nas m\u00e3os da classe trabalhadora. Trata-se de raspar o caldeir\u00e3o para juntar at\u00e9 as raspas. E isso significa diminuir sal\u00e1rios, reduzir pens\u00f5es, baratear demiss\u00f5es e liquidar qualquer resist\u00eancia oper\u00e1ria, incluindo a dos sindicatos mais reformistas. Isto \u00e9, a luta de classes escancarada e hostil.<\/p>\n<p>O dilema para os partidos &#8220;socialistas&#8221; \u00e9: persistir nas pol\u00edticas do &#8220;estado do bem-estar&#8221;, com o risco de serem varridos por um sopro pelas oligarquias capitalistas que os apoiaram e at\u00e9 financiaram quando lhes interessava sua exist\u00eancia, ou adotar as pol\u00edticas da direita capitalista &#8220;pelo bem da classe oper\u00e1ria&#8221;. O primeiro, n\u00e3o apenas, n\u00e3o v\u00e3o deix\u00e1-lo fazer (e nem lhes passa pela cabe\u00e7a radicalizar-se nem fazer pol\u00edticas verdadeiramente socialistas); e o segundo sup\u00f5e perder cada vez mais o apoio da imensa maioria das trabalhadoras e dos trabalhadores, e n\u00e3o ganhar nada no espa\u00e7o da direita.<\/p>\n<p>O fato de o colapso da social-democracia n\u00e3o ser absoluto e r\u00e1pido, \u00e9 devido \u00e0 confian\u00e7a que alguns setores ainda mant\u00eam de voltar aos &#8220;bons velhos tempos&#8221;, associados \u00e0 social-democracia. E, evidentemente, ao temor de que os partidos de direita fa\u00e7am igual ou pior. \u00c0 medida que a fantasia da &#8220;recupera\u00e7\u00e3o econ\u00f4mica&#8221; vai se evaporando, vai ocorrendo o mesmo com rela\u00e7\u00e3o ao apoio aos partidos &#8220;socialistas&#8221;.<\/p>\n<p>Inclusive, dentro da social-democracia, v\u00e3o aparecendo correntes que resistir\u00e3o a este desvio direitista e suicida, e cujo acontecer depender\u00e1 muito das particularidades destes partidos em cada pa\u00eds. \u00c9 previs\u00edvel, em todo caso, a apari\u00e7\u00e3o de correntes de esquerda e fortes contradi\u00e7\u00f5es internas.<\/p>\n<p>Neste cen\u00e1rio, \u00e9 dram\u00e1tica a divis\u00e3o e a dispers\u00e3o da esquerda anticapitalista, fator que n\u00e3o aparece na equa\u00e7\u00e3o e que, caso aparecesse, aproveitaria uma oportunidade hist\u00f3rica \u00fanica para mudar o curso dos acontecimentos. A unidade de todas as for\u00e7as da esquerda \u2013 comunistas, socialistas revolucion\u00e1rias, sindicatos &#8211; em torno de um programa anti-imperilista \u00e9, portanto, urgente e inadi\u00e1vel.<\/p>\n<p>Boicotar este processo, bombarde\u00e1-lo com as velhas in\u00e9rcias de protagonismos baratos e mesquinhez, sempre reprovados, converte-se em uma atitude verdadeiramente criminosa em um momento em que temos a possibilidade de abrir caminho ao futuro, \u00e0 esquerda anticapitalista, ao socialismo.<\/p>\n<p><em>(*) Teodoro Santana \u00e9 membro do<\/em><em> Comit\u00ea Central do <\/em><a href=\"http:\/\/prcc-canarias.org\/\"><em>Partido Revolucionario de los Comunistas de Canarias (PRCC)<\/em><\/a><\/p>\n<p lang=\"pt-BR\">Tradu\u00e7\u00e3o: Valeria Lima<\/p>\n","protected":false},"excerpt":{"rendered":"\n\n\nCr\u00e9dito: PRCC\n\n\n\n\n\n\n\n\nTeodoro Santana\n<a class=\"moretag\" href=\"https:\/\/pcb.org.br\/portal2\/919\"> <\/a>","protected":false},"author":1,"featured_media":0,"comment_status":"open","ping_status":"open","sticky":false,"template":"","format":"standard","meta":{"jetpack_post_was_ever_published":false,"_jetpack_newsletter_access":"","_jetpack_dont_email_post_to_subs":false,"_jetpack_newsletter_tier_id":0,"_jetpack_memberships_contains_paywalled_content":false,"_jetpack_memberships_contains_paid_content":false,"footnotes":"","jetpack_publicize_message":"","jetpack_publicize_feature_enabled":true,"jetpack_social_post_already_shared":false,"jetpack_social_options":{"image_generator_settings":{"template":"highway","default_image_id":0,"font":"","enabled":false},"version":2}},"categories":[80],"tags":[],"class_list":["post-919","post","type-post","status-publish","format-standard","hentry","category-c93-organizacoes"],"jetpack_publicize_connections":[],"jetpack_featured_media_url":"","jetpack_shortlink":"https:\/\/wp.me\/p659gw-eP","jetpack-related-posts":[],"jetpack_likes_enabled":true,"jetpack_sharing_enabled":true,"_links":{"self":[{"href":"https:\/\/pcb.org.br\/portal2\/wp-json\/wp\/v2\/posts\/919","targetHints":{"allow":["GET"]}}],"collection":[{"href":"https:\/\/pcb.org.br\/portal2\/wp-json\/wp\/v2\/posts"}],"about":[{"href":"https:\/\/pcb.org.br\/portal2\/wp-json\/wp\/v2\/types\/post"}],"author":[{"embeddable":true,"href":"https:\/\/pcb.org.br\/portal2\/wp-json\/wp\/v2\/users\/1"}],"replies":[{"embeddable":true,"href":"https:\/\/pcb.org.br\/portal2\/wp-json\/wp\/v2\/comments?post=919"}],"version-history":[{"count":0,"href":"https:\/\/pcb.org.br\/portal2\/wp-json\/wp\/v2\/posts\/919\/revisions"}],"wp:attachment":[{"href":"https:\/\/pcb.org.br\/portal2\/wp-json\/wp\/v2\/media?parent=919"}],"wp:term":[{"taxonomy":"category","embeddable":true,"href":"https:\/\/pcb.org.br\/portal2\/wp-json\/wp\/v2\/categories?post=919"},{"taxonomy":"post_tag","embeddable":true,"href":"https:\/\/pcb.org.br\/portal2\/wp-json\/wp\/v2\/tags?post=919"}],"curies":[{"name":"wp","href":"https:\/\/api.w.org\/{rel}","templated":true}]}}