{"id":9232,"date":"2015-08-31T23:20:38","date_gmt":"2015-09-01T02:20:38","guid":{"rendered":"http:\/\/pcb.org.br\/portal2\/?p=9232"},"modified":"2015-09-24T23:43:28","modified_gmt":"2015-09-25T02:43:28","slug":"nota-de-repudio-ao-massacre-contra-os-guarani-kaiowa","status":"publish","type":"post","link":"https:\/\/pcb.org.br\/portal2\/9232","title":{"rendered":"Nota de rep\u00fadio ao massacre contra os Guarani-Kaiow\u00e1"},"content":{"rendered":"<p><img decoding=\"async\" class=\"imagem\" title=\"imagem\" src=\"http:\/\/www.cimi.org.br\/site\/thumb.php?cut=1&amp;image=\/pub\/MS\/marangatu\/velorio.jpg&amp;x=649&amp;y=514\" alt=\"imagem\" \/>A Uni\u00e3o da Juventude Comunista vem tornar p\u00fablico o rep\u00fadio aos ataques sofridos pelos ind\u00edgenas Guarani-Kaiow\u00e1 no estado de Mato Grosso do Sul. At\u00e9 o momento, o povo Guarani-Kaiowa retomou cinco de seus Tekohas <!--more-->(terras tradicionais dos povos Guarani-Kaiow\u00e1 \u2013 literalmente traduzido como \u201clugar onde se \u00e9\u201d): s\u00e3o elas as fazendas Primavera, Pedro, Fronteira, Barra e Soberania no munic\u00edpio de Ant\u00f4nio Jo\u00e3o. Faltam apenas duas fazendas para o Tekoha \u00d1anderu Marangatu ser totalmente recuperado pelos ind\u00edgenas.<\/p>\n<p>Essas terras ind\u00edgenas foram homologadas pela Presid\u00eancia da Rep\u00fablica em 2005, mas devido a efeitos de suspens\u00e3o o tr\u00e2mite est\u00e1 parado. O processo est\u00e1 hoje com o ministro Gilmar Mendes, do Supremo Tribunal Federal (STF), e segue paralisado. Conhecido por seus desmandos quando as decis\u00f5es passam pela luta por terra, sejam de ind\u00edgenas, quilombolas e terras consideradas improdutivas para reforma agr\u00e1ria, Gilmar Mendes colabora com o latif\u00fandio, corroborando assim com o conflito e o massacre desses povos. Temos os exemplos das retomadas do Tekoha Kurusu Amb\u00e1 (localizado perto dos munic\u00edpios Coronel Sapucaia e Amambai) e do Tekoha \u00d1anderu Marangatu (localizado perto do munic\u00edpio de Ant\u00f4nio Jo\u00e3o).<\/p>\n<p>No primeiro caso, os latifundi\u00e1rios, com apoio da policia estadual (Departamento de Opera\u00e7\u00f5es da Fronteira \u2013 DOF), junto \u00e0 prefeitura e vereadores de Amambai, FAMASUL (Federa\u00e7\u00e3o de Agricultura e Pecu\u00e1ria de MS) e o sindicato rural, planejaram diversas a\u00e7\u00f5es. Dentre elas, uma caravana de 40 ve\u00edculos foi at\u00e9 o acampamento ind\u00edgena para iniciar o ataque, no qual barracos e motos foram incendiados, e duas crian\u00e7as ficaram desaparecidas por dias. Nos \u00faltimos dias, o Tekoha \u00d1anderu Marangatu vem sendo palco de mais um massacre: ap\u00f3s os ind\u00edgenas retomarem sua terra, os latifundi\u00e1rios novamente se reuniram e bloquearam a estrada federal de acesso, dando-lhes o total controle de quem entra e sai, o que resultou no completo isolamento dos ind\u00edgenas que ali est\u00e3o e os privou de conseguir alimenta\u00e7\u00e3o e atendimento m\u00e9dico aos feridos, entre outras demandas b\u00e1sicas. No dia 29\/08, o conflito se intensificou com mais de 100 pessoas, dentre eles fazendeiros e pistoleiros, na \u00e1rea de conflito, quando ocorreu o ASSASSINATO de mais uma lideran\u00e7a Guarani \u2013 Semion Vilhalva.<\/p>\n<p>Historicamente, a neglig\u00eancia do Estado brasileiro na demarca\u00e7\u00e3o de terra, tem resultado em grandes conflitos como esses apresentados. O atual governo federal \u00e9 o que menos demarcou terras ind\u00edgenas nos \u00faltimos 23 anos, al\u00e9m de ter assumido seu compromisso com o agroneg\u00f3cio, colocando K\u00e1tia Abreu, conhecida militante do agroneg\u00f3cio, como ministra da Agricultura. A partir disso, o governo federal deixa claro quais s\u00e3o suas prioridades \u2013 vide os 188 bilh\u00f5es destinados ao agroneg\u00f3cio para a safra 2015\/16. Neste cen\u00e1rio, o governo demonstra sua coniv\u00eancia com os recentes acontecimentos, juntamente com a m\u00eddia burguesa que acompanha e retrata essas quest\u00f5es para a sociedade, criminalizando os ind\u00edgenas por usarem arco e flecha (autodefesa) e vitimizavando os ruralistas que supostamente necessitavam defender-se com armas, e assim de maneira hip\u00f3crita tenta justificar todos esses massacres, a partir da l\u00f3gica do capital, mais especificamente do agroneg\u00f3cio.<\/p>\n<p>N\u00f3s, da Uni\u00e3o da Juventude Comunista, repudiamos a atitude dos fazendeiros, a neglig\u00eancia e morosidade do Estado brasileiro, suas for\u00e7as de seguran\u00e7a e de justi\u00e7a, a criminaliza\u00e7\u00e3o da m\u00eddia burguesa em rela\u00e7\u00e3o ao movimento \u00edndigena. E reiteramos aqui nosso compromisso em lutar ao lado desses povos. N\u00e3o podemos nos calar diante de tamanho absurdo.<\/p>\n<p>SEMION VILHALVA, PRESENTE!<\/p>\n<p>DEMARCA\u00c7\u00c3O DAS TERRAS IND\u00cdGENAS J\u00c1!<\/p>\n<p>TODA SOLIDARIEDADE AO POVO GUARANI-KAIOW\u00c1!<\/p>\n<blockquote data-secret=\"X5Rm8cAiKI\" class=\"wp-embedded-content\"><p><a href=\"https:\/\/pcb.org.br\/portal2\/1847\">I Semin\u00e1rio Nacional de Universidade Popular (SENUP)<\/a><\/p><\/blockquote>\n<p><iframe loading=\"lazy\" class=\"wp-embedded-content\" sandbox=\"allow-scripts\" security=\"restricted\" style=\"position: absolute; clip: rect(1px, 1px, 1px, 1px);\" src=\"https:\/\/pcb.org.br\/portal2\/1847\/embed#?secret=X5Rm8cAiKI\" data-secret=\"X5Rm8cAiKI\" width=\"600\" height=\"338\" title=\"&#8220;I Semin\u00e1rio Nacional de Universidade Popular (SENUP)&#8221; &#8212; PCB - Partido Comunista Brasileiro\" frameborder=\"0\" marginwidth=\"0\" marginheight=\"0\" scrolling=\"no\"><\/iframe><\/p>\n","protected":false},"excerpt":{"rendered":"A Uni\u00e3o da Juventude Comunista vem tornar p\u00fablico o rep\u00fadio aos ataques sofridos pelos ind\u00edgenas Guarani-Kaiow\u00e1 no estado de Mato Grosso do Sul. \n<a class=\"moretag\" href=\"https:\/\/pcb.org.br\/portal2\/9232\"> <\/a>","protected":false},"author":1,"featured_media":0,"comment_status":"closed","ping_status":"closed","sticky":false,"template":"","format":"standard","meta":{"jetpack_post_was_ever_published":false,"_jetpack_newsletter_access":"","_jetpack_dont_email_post_to_subs":false,"_jetpack_newsletter_tier_id":0,"_jetpack_memberships_contains_paywalled_content":false,"_jetpack_memberships_contains_paid_content":false,"footnotes":"","jetpack_publicize_message":"","jetpack_publicize_feature_enabled":true,"jetpack_social_post_already_shared":true,"jetpack_social_options":{"image_generator_settings":{"template":"highway","default_image_id":0,"font":"","enabled":false},"version":2}},"categories":[88,163,27],"tags":[],"class_list":["post-9232","post","type-post","status-publish","format-standard","hentry","category-c101-criminalizacao","category-movimento-indigena","category-c27-ujc"],"jetpack_publicize_connections":[],"jetpack_featured_media_url":"","jetpack_shortlink":"https:\/\/wp.me\/p659gw-2oU","jetpack-related-posts":[],"jetpack_likes_enabled":true,"jetpack_sharing_enabled":true,"_links":{"self":[{"href":"https:\/\/pcb.org.br\/portal2\/wp-json\/wp\/v2\/posts\/9232","targetHints":{"allow":["GET"]}}],"collection":[{"href":"https:\/\/pcb.org.br\/portal2\/wp-json\/wp\/v2\/posts"}],"about":[{"href":"https:\/\/pcb.org.br\/portal2\/wp-json\/wp\/v2\/types\/post"}],"author":[{"embeddable":true,"href":"https:\/\/pcb.org.br\/portal2\/wp-json\/wp\/v2\/users\/1"}],"replies":[{"embeddable":true,"href":"https:\/\/pcb.org.br\/portal2\/wp-json\/wp\/v2\/comments?post=9232"}],"version-history":[{"count":0,"href":"https:\/\/pcb.org.br\/portal2\/wp-json\/wp\/v2\/posts\/9232\/revisions"}],"wp:attachment":[{"href":"https:\/\/pcb.org.br\/portal2\/wp-json\/wp\/v2\/media?parent=9232"}],"wp:term":[{"taxonomy":"category","embeddable":true,"href":"https:\/\/pcb.org.br\/portal2\/wp-json\/wp\/v2\/categories?post=9232"},{"taxonomy":"post_tag","embeddable":true,"href":"https:\/\/pcb.org.br\/portal2\/wp-json\/wp\/v2\/tags?post=9232"}],"curies":[{"name":"wp","href":"https:\/\/api.w.org\/{rel}","templated":true}]}}