{"id":926,"date":"2010-10-25T14:47:20","date_gmt":"2010-10-25T14:47:20","guid":{"rendered":"http:\/\/pcb.org.br\/portal2\/?p=926"},"modified":"2010-10-25T14:47:20","modified_gmt":"2010-10-25T14:47:20","slug":"bolivia-reduz-a-idade-de-reforma","status":"publish","type":"post","link":"https:\/\/pcb.org.br\/portal2\/926","title":{"rendered":"BOL\u00cdVIA REDUZ A IDADE DE REFORMA!"},"content":{"rendered":"\n<p>Enquanto na Europa tentam aumentar a idade de reforma e reduzir as pens\u00f5es, na Bol\u00edvia o governo de Evo Morales lan\u00e7a um projecto de lei que <strong>reduz a idade da jubila\u00e7\u00e3o de 65 para 58 anos para os homens e de 62 para 56 anos para as mulheres. <\/strong><\/p>\n<p>&#8220;Esta mudan\u00e7a \u00e9 necess\u00e1ria. Nosso povo foi durante anos agravado. O tipo de trabalho que a maioria da popula\u00e7\u00e3o realiza \u00e9 muito pesado. A diminui\u00e7\u00e3o da idade de reforma para os mineiros deve ser maior, para os 56 anos, e para os que v\u00e3o ao fundo das minas deve diminuir para os 51 anos&#8221;, afirmou o presidente Evo Morales.<\/p>\n<p>O vice-presidente, \u00c1lvaro Garc\u00eda Linera, ressaltou qu o projecto rompe com o processo neoliberal engendrado pela lei de 1996.(&#8230;)<\/p>\n<p><a href=\"http:\/\/www.resistir.info\/\" target=\"_blank\">http:\/\/www.resistir.info\/<\/a><\/p>\n<p align=\"justify\">\n","protected":false},"excerpt":{"rendered":"\n\n\nCr\u00e9dito: Wikipedia\n\n\n\n\n\n\n\n\nBol\u00edvia\n<a class=\"moretag\" href=\"https:\/\/pcb.org.br\/portal2\/926\"> <\/a>","protected":false},"author":1,"featured_media":0,"comment_status":"open","ping_status":"open","sticky":false,"template":"","format":"standard","meta":{"jetpack_post_was_ever_published":false,"_jetpack_newsletter_access":"","_jetpack_dont_email_post_to_subs":false,"_jetpack_newsletter_tier_id":0,"_jetpack_memberships_contains_paywalled_content":false,"_jetpack_memberships_contains_paid_content":false,"footnotes":"","jetpack_publicize_message":"","jetpack_publicize_feature_enabled":true,"jetpack_social_post_already_shared":false,"jetpack_social_options":{"image_generator_settings":{"template":"highway","default_image_id":0,"font":"","enabled":false},"version":2}},"categories":[44],"tags":[],"class_list":["post-926","post","type-post","status-publish","format-standard","hentry","category-c55-bolivia"],"jetpack_publicize_connections":[],"jetpack_featured_media_url":"","jetpack_shortlink":"https:\/\/wp.me\/p659gw-eW","jetpack-related-posts":[],"jetpack_likes_enabled":true,"jetpack_sharing_enabled":true,"_links":{"self":[{"href":"https:\/\/pcb.org.br\/portal2\/wp-json\/wp\/v2\/posts\/926","targetHints":{"allow":["GET"]}}],"collection":[{"href":"https:\/\/pcb.org.br\/portal2\/wp-json\/wp\/v2\/posts"}],"about":[{"href":"https:\/\/pcb.org.br\/portal2\/wp-json\/wp\/v2\/types\/post"}],"author":[{"embeddable":true,"href":"https:\/\/pcb.org.br\/portal2\/wp-json\/wp\/v2\/users\/1"}],"replies":[{"embeddable":true,"href":"https:\/\/pcb.org.br\/portal2\/wp-json\/wp\/v2\/comments?post=926"}],"version-history":[{"count":0,"href":"https:\/\/pcb.org.br\/portal2\/wp-json\/wp\/v2\/posts\/926\/revisions"}],"wp:attachment":[{"href":"https:\/\/pcb.org.br\/portal2\/wp-json\/wp\/v2\/media?parent=926"}],"wp:term":[{"taxonomy":"category","embeddable":true,"href":"https:\/\/pcb.org.br\/portal2\/wp-json\/wp\/v2\/categories?post=926"},{"taxonomy":"post_tag","embeddable":true,"href":"https:\/\/pcb.org.br\/portal2\/wp-json\/wp\/v2\/tags?post=926"}],"curies":[{"name":"wp","href":"https:\/\/api.w.org\/{rel}","templated":true}]}}