{"id":928,"date":"2010-10-25T17:06:07","date_gmt":"2010-10-25T17:06:07","guid":{"rendered":"http:\/\/pcb.org.br\/portal2\/?p=928"},"modified":"2010-10-25T17:06:07","modified_gmt":"2010-10-25T17:06:07","slug":"todo-apoio-a-luta-dos-trabalhadores-franceses","status":"publish","type":"post","link":"https:\/\/pcb.org.br\/portal2\/928","title":{"rendered":"Todo apoio \u00e0 luta dos trabalhadores franceses"},"content":{"rendered":"\n<p align=\"justify\">O Partido Comunista Brasileiro &#8211; PCB se solidariza com os trabalhadores, aposentados e o povo Franc\u00eas que luta contra os avan\u00e7os do capital sobre seus direitos. No rastro da crise c\u00edclica do capitalismo, que colocou \u00e0s claras os meandros da acumula\u00e7\u00e3o do capital e da rapina que os grandes bancos e institui\u00e7\u00f5es financeiras fazem \u00e0 popula\u00e7\u00e3o de todo o mundo, os Estados se prontificaram a salvar o capitalismo, injetando volumosos recursos nas institui\u00e7\u00f5es do capital \u2013 bancos e empresas privadas que foram e est\u00e3o sendo salvas pelos Estados, \u00e0s custas de aumento da arrecada\u00e7\u00e3o tribut\u00e1ria e de cortes nos recursos dos trabalhadores.<\/p>\n<p align=\"justify\">Por outro lado, esse mesmo Estado, que na Fran\u00e7a tem \u00e0 frente a direita mais atrasada representada por Sarkozy, quer reduzir os direitos dos trabalhadores que foram conquistados com duras lutas durante d\u00e9cadas de greves e manifesta\u00e7\u00f5es. Neste momento em que a grande contradi\u00e7\u00e3o de classe reaparece claramente, os trabalhadores franceses, reagindo ao rotineiro conluio da burguesia com o Estado, ocupa as ruas, as portas das f\u00e1bricas e as universidades para fazer valer os seus direitos e avan\u00e7ar na organiza\u00e7\u00e3o dos trabalhadores pelo seu objetivo pol\u00edtico.<\/p>\n<p align=\"justify\">O PCB ap\u00f3ia essa luta de classe e de massa que se desenvolve na Fran\u00e7a, com a esperan\u00e7a e o firme engajamento de que essa luta se transforme em uma luta permanente anti-capitalista e pelo socialismo.<\/p>\n<p align=\"justify\">\u00c9 importante registrar que, apesar da vit\u00f3ria do governo de direita na Fran\u00e7a (por ex\u00edgua margem de votos &#8211; 177 a 153) &#8211; que aprovou seu plano para aumento da idade m\u00ednima para aposentadoria, de 60 para 62 anos, e de 65 para 67, para que o trabalhador receba o benef\u00edcio integral, dentre outras medidas -, os trabalhadores e a juventude da Fran\u00e7a deram mostras da capacidade de organiza\u00e7\u00e3o e mobiliza\u00e7\u00e3o popular contra os ataques a seus direitos, desgastando politicamente o governo franc\u00eas e servindo de exemplo para os trabalhadores de toda a Europa (que se mobilizam em v\u00e1rios pa\u00edses) e de todo o mundo.<\/p>\n<p align=\"justify\">Comiss\u00e3o Pol\u00edtica Nacional<\/p>\n<p align=\"justify\">PCB \u2013 Partido Comunista Brasileiro<\/p>\n<p align=\"justify\">\n","protected":false},"excerpt":{"rendered":"\n\n\nCr\u00e9dito: boston.com\nClique aqui e veja o \u00e1lbum de fotos&#8230;\n\n\n\n\n\n\n\n\n\n(Nota Pol\u00edtica do PCB)\n<a class=\"moretag\" href=\"https:\/\/pcb.org.br\/portal2\/928\"> <\/a>","protected":false},"author":1,"featured_media":0,"comment_status":"open","ping_status":"open","sticky":false,"template":"","format":"standard","meta":{"jetpack_post_was_ever_published":false,"_jetpack_newsletter_access":"","_jetpack_dont_email_post_to_subs":false,"_jetpack_newsletter_tier_id":0,"_jetpack_memberships_contains_paywalled_content":false,"_jetpack_memberships_contains_paid_content":false,"footnotes":"","jetpack_publicize_message":"","jetpack_publicize_feature_enabled":true,"jetpack_social_post_already_shared":false,"jetpack_social_options":{"image_generator_settings":{"template":"highway","default_image_id":0,"font":"","enabled":false},"version":2}},"categories":[26],"tags":[],"class_list":["post-928","post","type-post","status-publish","format-standard","hentry","category-c25-notas-politicas-do-pcb"],"jetpack_publicize_connections":[],"jetpack_featured_media_url":"","jetpack_shortlink":"https:\/\/wp.me\/p659gw-eY","jetpack-related-posts":[],"jetpack_likes_enabled":true,"jetpack_sharing_enabled":true,"_links":{"self":[{"href":"https:\/\/pcb.org.br\/portal2\/wp-json\/wp\/v2\/posts\/928","targetHints":{"allow":["GET"]}}],"collection":[{"href":"https:\/\/pcb.org.br\/portal2\/wp-json\/wp\/v2\/posts"}],"about":[{"href":"https:\/\/pcb.org.br\/portal2\/wp-json\/wp\/v2\/types\/post"}],"author":[{"embeddable":true,"href":"https:\/\/pcb.org.br\/portal2\/wp-json\/wp\/v2\/users\/1"}],"replies":[{"embeddable":true,"href":"https:\/\/pcb.org.br\/portal2\/wp-json\/wp\/v2\/comments?post=928"}],"version-history":[{"count":0,"href":"https:\/\/pcb.org.br\/portal2\/wp-json\/wp\/v2\/posts\/928\/revisions"}],"wp:attachment":[{"href":"https:\/\/pcb.org.br\/portal2\/wp-json\/wp\/v2\/media?parent=928"}],"wp:term":[{"taxonomy":"category","embeddable":true,"href":"https:\/\/pcb.org.br\/portal2\/wp-json\/wp\/v2\/categories?post=928"},{"taxonomy":"post_tag","embeddable":true,"href":"https:\/\/pcb.org.br\/portal2\/wp-json\/wp\/v2\/tags?post=928"}],"curies":[{"name":"wp","href":"https:\/\/api.w.org\/{rel}","templated":true}]}}