{"id":93,"date":"2009-08-25T13:49:31","date_gmt":"2009-08-25T13:49:31","guid":{"rendered":"http:\/\/pcb.org.br\/portal2\/?p=93"},"modified":"2009-08-25T13:49:31","modified_gmt":"2009-08-25T13:49:31","slug":"nota-publica-sobre-o-assassinato-de-elton-brum-pela-brigada-militar-do-rio-grande-do-sul-2","status":"publish","type":"post","link":"https:\/\/pcb.org.br\/portal2\/93","title":{"rendered":"NOTA P\u00daBLICA SOBRE O ASSASSINATO DE ELTON BRUM PELA BRIGADA MILITAR DO RIO GRANDE DO SUL"},"content":{"rendered":"\n<p>1. Denunciar mais uma a\u00e7\u00e3o truculenta e violenta da Brigada Militar do Rio Grande do Sul que resultou no assassinato do agricultor Elton Brum, 44 anos, pai de dois filhos, natural de Cangu\u00e7u, durante o despejo da ocupa\u00e7\u00e3o da Fazenda Southall em S\u00e3o Gabriel. As informa\u00e7\u00f5es sobre o despejo apontam que Brum foi assassinado quando a situa\u00e7\u00e3o j\u00e1 encontrava-se controlada e sem resist\u00eancia. H\u00e1 ind\u00edcios de que tenha sido assassinado pelas costas.<\/p>\n<p>2. Denunciar que al\u00e9m da morte do trabalhador sem terra, a a\u00e7\u00e3o resultou ainda em dezenas de feridos, incluindo mulheres e crian\u00e7as, com ferimentos de estilha\u00e7os, espadas e mordidas de c\u00e3es.<\/p>\n<p>3. Denunciamos a Governadora Yeda Crusius, hierarquicamente comandante da Brigada Militar, respons\u00e1vel por uma pol\u00edtica de criminaliza\u00e7\u00e3o dos movimentos sociais e de viol\u00eancia contra os trabalhadores urbanos e rurais. O uso de armas de fogo no tratamento dos movimentos sociais revela que a viol\u00eancia \u00e9 parte da pol\u00edtica deste Estado. A criminaliza\u00e7\u00e3o n\u00e3o \u00e9 uma exce\u00e7\u00e3o, mas regra e necessidade de um governo, impopular e a servi\u00e7o de interesses obscuros, para manter-se no poder pela for\u00e7a.<\/p>\n<p>4. Denunciamos o Coronel Lauro Binsfield, Comandante da Brigada Militar, cujo hist\u00f3rico inclui outras a\u00e7\u00f5es de descontrole, trucul\u00eancia e viol\u00eancia contra os trabalhadores, como no 8 de mar\u00e7o de 2008, quando repetiu os mesmos m\u00e9todos contra as mulheres da Via Campesina.<\/p>\n<p>5. Denunciamos o Poder Judici\u00e1rio que impediu a desapropria\u00e7\u00e3o e a emiss\u00e3o de posse da Fazenda Antoniasi, onde Elton Brum seria assentado. Sua vida teria sido poupada se o Poder Judici\u00e1rio estivesse a servi\u00e7o da Constitui\u00e7\u00e3o Federal e n\u00e3o de interesses olig\u00e1rquicos locais.<\/p>\n<p>6. Denunciamos o Minist\u00e9rio P\u00fablico Estadual de S\u00e3o Gabriel que se omitiu quando as fam\u00edlias assentadas exigiam a libera\u00e7\u00e3o de recursos j\u00e1 dispon\u00edveis para a constru\u00e7\u00e3o da escola de 350 fam\u00edlias, que agora perder\u00e3o o ano letivo, e para a sa\u00fade, que j\u00e1 custou a vida de tr\u00eas crian\u00e7as. O mesmo MPE se omitiu no momento da a\u00e7\u00e3o, diante da viol\u00eancia a qual foi testemunha no local. E agora vem p\u00fablico elogiar a\u00e7\u00e3o da Brigada Militar como profissional.<\/p>\n<p>7. Relembrar \u00e0 sociedade brasileira que os movimentos sociais do campo tem denunciado h\u00e1 mais de um ano a pol\u00edtica de criminaliza\u00e7\u00e3o do Governo Yeda Crusius \u00e0 Comiss\u00e3o de Direitos Humanos do Senado, \u00e0 Secretaria Especial de Direitos Humanos, \u00e0 Ouvidoria Agr\u00e1ria e \u00e0 Organiza\u00e7\u00e3o dos Estados Americanos. A omiss\u00e3o das autoridades e o desrespeito da Governadora \u00e0 qualquer institui\u00e7\u00e3o e a democracia resultaram hoje em uma v\u00edtima fatal.<\/p>\n<p>8. Reafirmar que seguiremos exigindo o assentamento de todas as fam\u00edlias acampadas no Rio Grande do Sul e as condi\u00e7\u00f5es de infra-estrutura para a implanta\u00e7\u00e3o dos assentamentos de S\u00e3o Gabriel.<\/p>\n<p><em><strong>Exigimos Justi\u00e7a e Puni\u00e7\u00e3o aos Culpados! <\/strong><\/em><\/p>\n<p><em><strong>Por nossos mortos, nem um minuto de sil\u00eancio. Toda uma vida de luta! <\/strong><\/em><\/p>\n<p><em><strong>Reforma Agr\u00e1ria, por justi\u00e7a social e soberania popular! <\/strong><\/em><\/p>\n<p><em><strong>Movimento dos Trabalhadores Rurais Sem Terra <\/strong><\/em><\/p>\n","protected":false},"excerpt":{"rendered":"SOLIDARIEDADE AO MST\nO PCB hipoteca sua solidariedade fraterna e militante ao MST e a todos os seus militantes e denuncia a repress\u00e3o e criminaliza\u00e7\u00e3o dos movimentos sociais\nNOTA P\u00daBLICA SOBRE O ASSASSINATO DE ELTON BRUM PELA BRIGADA MILITAR DO RIO GRANDE DO SUL\nO Movimento dos Trabalhadores Rurais Sem Terra vem a p\u00fablico manifestar seu pesar pela perda do companheiro Elton Brum, manifestar sua solidariedade \u00e0 fam\u00edlia e para:\n<a class=\"moretag\" href=\"https:\/\/pcb.org.br\/portal2\/93\"> <\/a>","protected":false},"author":1,"featured_media":0,"comment_status":"open","ping_status":"open","sticky":false,"template":"","format":"standard","meta":{"jetpack_post_was_ever_published":false,"_jetpack_newsletter_access":"","_jetpack_dont_email_post_to_subs":false,"_jetpack_newsletter_tier_id":0,"_jetpack_memberships_contains_paywalled_content":false,"_jetpack_memberships_contains_paid_content":false,"footnotes":"","jetpack_publicize_message":"","jetpack_publicize_feature_enabled":true,"jetpack_social_post_already_shared":false,"jetpack_social_options":{"image_generator_settings":{"template":"highway","default_image_id":0,"font":"","enabled":false},"version":2}},"categories":[26],"tags":[],"class_list":["post-93","post","type-post","status-publish","format-standard","hentry","category-c25-notas-politicas-do-pcb"],"jetpack_publicize_connections":[],"jetpack_featured_media_url":"","jetpack_shortlink":"https:\/\/wp.me\/p659gw-1v","jetpack-related-posts":[],"jetpack_likes_enabled":true,"jetpack_sharing_enabled":true,"_links":{"self":[{"href":"https:\/\/pcb.org.br\/portal2\/wp-json\/wp\/v2\/posts\/93","targetHints":{"allow":["GET"]}}],"collection":[{"href":"https:\/\/pcb.org.br\/portal2\/wp-json\/wp\/v2\/posts"}],"about":[{"href":"https:\/\/pcb.org.br\/portal2\/wp-json\/wp\/v2\/types\/post"}],"author":[{"embeddable":true,"href":"https:\/\/pcb.org.br\/portal2\/wp-json\/wp\/v2\/users\/1"}],"replies":[{"embeddable":true,"href":"https:\/\/pcb.org.br\/portal2\/wp-json\/wp\/v2\/comments?post=93"}],"version-history":[{"count":0,"href":"https:\/\/pcb.org.br\/portal2\/wp-json\/wp\/v2\/posts\/93\/revisions"}],"wp:attachment":[{"href":"https:\/\/pcb.org.br\/portal2\/wp-json\/wp\/v2\/media?parent=93"}],"wp:term":[{"taxonomy":"category","embeddable":true,"href":"https:\/\/pcb.org.br\/portal2\/wp-json\/wp\/v2\/categories?post=93"},{"taxonomy":"post_tag","embeddable":true,"href":"https:\/\/pcb.org.br\/portal2\/wp-json\/wp\/v2\/tags?post=93"}],"curies":[{"name":"wp","href":"https:\/\/api.w.org\/{rel}","templated":true}]}}