{"id":9354,"date":"2015-09-18T14:41:37","date_gmt":"2015-09-18T17:41:37","guid":{"rendered":"http:\/\/pcb.org.br\/portal2\/?p=9354"},"modified":"2015-10-20T14:06:27","modified_gmt":"2015-10-20T17:06:27","slug":"que-as-tropas-se-retirem-e-cessem-a-ocupacao-do-haiti-ja","status":"publish","type":"post","link":"https:\/\/pcb.org.br\/portal2\/9354","title":{"rendered":"Que as tropas se retirem e cessem a ocupa\u00e7\u00e3o do Haiti J\u00c1!"},"content":{"rendered":"<p><img data-recalc-dims=\"1\" decoding=\"async\" class=\"imagem\" title=\"imagem\" src=\"https:\/\/haitinominustah.files.wordpress.com\/2015\/09\/haiti-libre3-banner-amarillo.jpg?w=747&#038;h=157&#038;fit=421%2C157\" alt=\"imagem\" \/><strong>N\u00c3O EM NOSSO NOME<\/strong><\/p>\n<p><strong>Que as tropas se retirem e cessem a ocupa\u00e7\u00e3o do Haiti J\u00c1!<\/strong><\/p>\n<p>N\u00f3s, movimentos, organiza\u00e7\u00f5es, redes e indiv\u00edduos, parte dos povos que, segundo reza sua Carta, constituem as Na\u00e7\u00f5es Unidas, nos dirigimos mais uma vez ao Conselho de Seguran\u00e7a, incluindo em particular os governos dos EUA e da Fran\u00e7a; os governos chamados \u201cAmigos do Haiti\u201d e todos aqueles que participam e apoiam a Miss\u00e3o das Na\u00e7\u00f5es Unidas para a Estabiliza\u00e7\u00e3o daquele pa\u00eds <!--more-->(MINUSTAH); os \u00f3rg\u00e3os multilaterais como a OEA, o FMI, o Banco Mundial, o BID, UNASUL, CARICOM, CELAC; os organismos pertinentes das Na\u00e7\u00f5es Unidas e todos os Estados membros, para reclamar que retirem j\u00e1 as tropas da MINUSTAH e que ponham fim a toda ocupa\u00e7\u00e3o do Haiti.<\/p>\n<p>H\u00e1 mais de 11 anos escutamos desculpas que tentam justificar a supress\u00e3o da soberania do povo haitiano e a viola\u00e7\u00e3o de seu direito \u00e0 autodetermina\u00e7\u00e3o. \u00c9 hora de deixar de lado as mentiras e a autoengana\u00e7\u00e3o e escutar a voz das comunidades e organiza\u00e7\u00f5es haitianas que reclamam respeito por sua dignidade, seus direitos, sua capacidade.<\/p>\n<p>O Haiti n\u00e3o \u00e9 uma amea\u00e7a \u00e0 paz e \u00e0 seguran\u00e7a hemisf\u00e9rica, como afirma o Conselho de Seguran\u00e7a a cada 15 de outubro, quando renova o mandato da MINUSTAH. Nem \u00e9 a MINUSTAH uma miss\u00e3o de paz ou uma miss\u00e3o humanit\u00e1ria, como muitas vezes \u00e9 apresentada. \u00c9 uma for\u00e7a de ocupa\u00e7\u00e3o terceirizada das Na\u00e7\u00f5es Unidas e, em especial, dos pa\u00edses do Sul, que aceitaram servir desta maneira aos interesses dos pa\u00edses mais poderosos, como EUA, Fran\u00e7a e Canad\u00e1, que durante mais de dois s\u00e9culos e atrav\u00e9s de diversas formas de ocupa\u00e7\u00e3o, continuam tentando submeter o Haiti e faz\u00ea-lo pagar pela ousadia de ser o primeiro povo a se libertar da escravid\u00e3o universalizar os direitos humanos.<\/p>\n<p>A MINUSTAH, al\u00e9m disso, fracassou com rela\u00e7\u00e3o aos objetivos que ela mesma proclama. Sem ir mais longe, as Na\u00e7\u00f5es Unidas, a OEA e o chamado \u201cCore Group da comunidade internacional\u201d devem assumir a manipula\u00e7\u00e3o escandalosa das elei\u00e7\u00f5es presidenciais de 2010\/2011, o fato de terem continuado aplaudindo o adiamento de quatro anos das elei\u00e7\u00f5es legislativas e locais requeridas pela Constitui\u00e7\u00e3o haitiana e, agora, continuarem enaltecendo como um \u201cimportante avan\u00e7o\u201d, a elei\u00e7\u00e3o realizada em 9 de agosto passado, com toda classe de viol\u00eancia e irregularidades denunciadas por organiza\u00e7\u00f5es haitianas pertinentes, onde apenas 18% do eleitorado votou \u2013 claramente pondo em xeque, no m\u00ednimo, a legitimidade e credibilidade de seus resultados e continuidade.<\/p>\n<p>A MINUSTAH tamb\u00e9m foi, e continua sendo, respons\u00e1vel por in\u00fameras viola\u00e7\u00f5es aos direitos humanos da popula\u00e7\u00e3o, entre elas a viola\u00e7\u00e3o e abuso sexual de mulheres, meninas, meninos e jovens, a introdu\u00e7\u00e3o do c\u00f3lera que resultou, at\u00e9 a presente data, na morte de mais de 8000 pessoas, e a infec\u00e7\u00e3o de outras 700.000. Pior ainda \u00e9 a desculpa de \u201cimunidade diplom\u00e1tica\u201d, atr\u00e1s da qual as Na\u00e7\u00f5es Unidas, todos os governos e institui\u00e7\u00f5es interventoras, se autoconcedendo impunidade por seus crimes.<\/p>\n<p>N\u00e3o aceitamos que em nosso nome, em nome das Na\u00e7\u00f5es Unidas, um punhado de interesses imperialistas tente impor sua vontade sobre um povo soberano. Repudiamos que em nosso nome violem a dignidade e os direitos do povo haitiano, come\u00e7ando por seu direito \u00e0 autodetermina\u00e7\u00e3o.<\/p>\n<p>Por isso, novamente reclamamos a retirada imediata das tropas estrangeiras do Haiti, o fim da MINUSTAH e de toda forma de ocupa\u00e7\u00e3o estrangeira. Reclamamos que as Na\u00e7\u00f5es Unidas e todos os governos participantes da MINUSTAH deem o exemplo, reconhecendo sua responsabilidade na comiss\u00e3o de graves viola\u00e7\u00f5es contra o povo haitiano, submetendo-se \u00e0 justi\u00e7a e assegurando a repara\u00e7\u00e3o dos crimes cometidos. A esse respeito, n\u00e3o podemos deixar de apoiar a recomenda\u00e7\u00e3o do Especialista Independente das Na\u00e7\u00f5es Unidas sobre o Haiti e os Direitos Humanos, que h\u00e1 dois anos pediu a \u201ccria\u00e7\u00e3o de uma comiss\u00e3o de repara\u00e7\u00e3o para as v\u00edtimas do c\u00f3lera, que permita fazer um invent\u00e1rio dos danos, oferecer as indeniza\u00e7\u00f5es ou as compensa\u00e7\u00f5es pertinentes, identificar os respons\u00e1veis e erradicar a epidemia, entre outras medidas.\u201d<\/p>\n<p>Finalmente, fazemos um firme chamado \u00e0s organiza\u00e7\u00f5es sociais de nossa regi\u00e3o, assim como \u00e0 comunidade internacional e aos organismos multilaterais de voca\u00e7\u00e3o universal e regional que foram parte, de uma ou outra forma, nas diferentes etapas deste infausto processo no Haiti, para que adotem aut\u00eanticas medidas de solidariedade com o povo irm\u00e3o haitiano, sustentadas no respeito indeclin\u00e1vel \u00e0 soberania e autodetermina\u00e7\u00e3o, de forma tal a fortalecer e acrescentar as experi\u00eancias de coopera\u00e7\u00e3o e constru\u00e7\u00e3o do poder popular j\u00e1 existente no Haiti. <span lang=\"es-AR\">Viva o Haiti Livre e Soberano!<\/span><\/p>\n<p>FIRMAS (actualizada al 17.09.15)<\/p>\n<p><strong>ENTIDADES DE CAR\u00c1CTER REGIONAL<\/strong><\/p>\n<p><strong>LATINOAM\u00c9RICA Y EL CARIBE<\/strong><\/p>\n<p>Articulaci\u00f3n Continental de los Movimientos Sociales hacia el ALBA<\/p>\n<p>CADTM \u2013 AYNA<\/p>\n<p>Jubileo Sur\/Am\u00e9ricas (JS\/A)<\/p>\n<p>Movimiento Mesoamericano contra el Modelo extractivo Minero -M4-<\/p>\n<p>Plataforma Interamericana de Derechos Humanos, Democracia y Desarrollo (PIDHDD)<\/p>\n<p>Red Latina sin fronteras<\/p>\n<p>School of the Americas Watch (SOAWatch)<\/p>\n<p>Serpaj Am\u00e9rica Latina-CLA<\/p>\n<p>Sociedad Latinoamericana de Econom\u00cda Pol\u00edtica y Pensamiento Cr\u00edtico SEPLA<\/p>\n<p><strong>ARGENTINA<\/strong><\/p>\n<p>ALBA Movimientos \u2013 Cap\u00edtulo Argentina<\/p>\n<p>Asamblea de Mexicanxs en Argentina<\/p>\n<p>Asociacion ddhh Ca\u00f1ada de Gomez , Pcia. Sta. Fe<\/p>\n<p>Asociaci\u00f3n DDHH Justicia Social por Colombia<\/p>\n<p>ATTAC Argentina<\/p>\n<p>Barricada TV Canal alternativo, popular y comunitario.<\/p>\n<p>Central de Trabajadores de la Argentina (CTA) Aut\u00f3noma<\/p>\n<p>Centro de Militares por la Democracia en Argentina CEMIDA<\/p>\n<p>Colectivo de DDHH Tejiendo Sur<\/p>\n<p>Colectivo La Patria es Am\u00e9rica<\/p>\n<p>Comit\u00e9 argentino de solidaridad con Hait\u00ed por el retiro de las tropas y el fin de la ocupaci\u00f3n<\/p>\n<p>Congreso de los Pueblos capitulo Argentina<\/p>\n<p>Convocatoria por la liberaci\u00f3n Nacional y Social, Frente Sindical:Agrupaci\u00f3n Mart\u00edn Fierro (Varela, Mar del Plata y Neuqu\u00e9n); Agrupaci\u00f3n pol\u00edtico sindical Tolo Arce; Centro Cultural \u201cAlejandro Olmos\u201d; Convocatoria Alte. Brown; Convocatoria Matanza; Convocatoria Capital Federal; Convocatoria Comunidad campesina Tartagal-Salta;Biblioteca Popular Fernando Jara, Cipoletti, R\u00edo Negro<\/p>\n<p>Departamento de Derechos Humanos ATE Nacional<\/p>\n<p>Di\u00e1logo 2000\/Jubileo Sur Argentina<\/p>\n<p>ECOSUR, Ecolog\u00eda, Cultura y Educaci\u00f3n desde los Pueblos del Sur<\/p>\n<p>El Grupo Ecologista Madre Tierra, El Dorado, Misiones<\/p>\n<p>Federacion de Cooperativas Autogestionarias MOI (integrante de la CTA Aut \u2013 cofundador de SELVIHP \u2013 asociado a HIC )<\/p>\n<p>Frente Popular Dar\u00edo Santill\u00e1n<\/p>\n<p>Frente Popular Dar\u00edo Santill\u00e1n Corriente Nacional<\/p>\n<p>Grupo Anticuento de Comunicaci\u00f3n<\/p>\n<p>Instituto de Estudios sobre Estado y Participaci\u00f3n IDEP-ATE<\/p>\n<p>Movimiento Ecum\u00e9nico por los Derechos Humanos<\/p>\n<p>Movimiento por la Unidad Latinoamericana y el Cambio Social (MULCS)<\/p>\n<p>Observatorio de Vulneraci\u00f3n de Derechos ATE Nacional<\/p>\n<p>Peri\u00f3dico obrero EL ROBLE<\/p>\n<p>Programa de Extensi\u00f3n \u201cPor una nueva econom\u00eda, humana y sustentable\u201d de la carrera de Comunicaci\u00f3n Social de la Universidad Nacional de Entre R\u00edos<\/p>\n<p>Red Eco Alternativo colectivo de comunicaci\u00f3n y cultura \u2013<\/p>\n<p>Servicio Paz y Justicia Argentina<\/p>\n<p>Unidad Popular en el Frente Popular<\/p>\n<p>Uni\u00f3n Solidaria de Comunidades del Pueblo Diaguita Cacano (USC), Santiago del Estero<\/p>\n<p>Voz a vos comunicaciones<\/p>\n<p>Adolfo \u201cFito\u201d Aguirre, Sec. de Relaciones Internacionales, CTA-Aut\u00f3noma<\/p>\n<p>Adolfo P\u00e9rez Esquivel, Premio Nobel de la Paz<\/p>\n<p>Adriana Perla Kreiman, Presidenta Bloque Socialista, Honorable Concejo Deliberante de Mor\u00f3n, Pcia de Buenos Aires<\/p>\n<p>Alba Rosa Lanzillotto<\/p>\n<p>Alberto B Ilieff. Bs As<\/p>\n<p>Aldo Getino. Mascar\u00f3 Cine Americano<\/p>\n<p>Aldo M. Etchegoyen, Co.Presidente Honorario de APDH y Cko-Presidente de la Com.Provincial por la Memoria<\/p>\n<p>Aldo Sebastian Vergara Duveaux, abogado, militante de las CEBs, Catamarca,<\/p>\n<p>Alejandro Cabrera Britos, delegado general ATE SENASA MART\u00cdNEZ<\/p>\n<p>Alfredo Grande, psicoanalista, director de Atico Cooperativa de Salud Mental<\/p>\n<p>Alicia Dominici, Esquel, Pcia. Chubut<\/p>\n<p>Alicia Trussi, Docente La Plata<\/p>\n<p>Ana Capdevielle, m\u00e9dica pediatra<\/p>\n<p>Ana Pagano-Corriente Nacional Emancipaci\u00f3n Sur<\/p>\n<p>Aurora Tumanischwili Penel\u00f3n, FeTERA FLORES (Federaci\u00f3n de trabajadores de la energ\u00eda el\u00e9ctrica de la Rep\u00fablica Argentina en CTA)<\/p>\n<p>Beverly Keene, Di\u00e1logo 2000-Jubileo Sur Argentina<\/p>\n<p>Carina Maloberti, Consejo Directivo Nacional \u2013 ATE-CTA<\/p>\n<p>Carlos Aznarez, Resumen Latinoamericano<\/p>\n<p>Carlos Custer, responsable del \u00e1rea de Internacionales en la CTA Aut\u00f3noma.<\/p>\n<p>Carlos Guanciarrosa, Agrupaci\u00f3n Enrique Mosc\u00f3n, FeTERA<\/p>\n<p>Carlos Loza, AGP, junta interna Asociaci\u00f3n General de Puertos<\/p>\n<p>Claudia Hasanbegovic, abogada, Ph.D.<\/p>\n<p>Claudio Katz, economista UBA-CONICET<\/p>\n<p>Claudio Lozano, Diputado Nacional de Unidad Popular<\/p>\n<p>Cnl (R) Jos\u00e9 Luis Garc\u00eda, CEMIDA<\/p>\n<p>Cristina Hughes Delgado, Grupo de Reflexi\u00f3n Rural<\/p>\n<p>Daniel Eduardo Echeverr\u00eda (Religioso Misionero de los SS. Corazones), La Matanza<\/p>\n<p>Del Cantare Mar\u00eda Candela<\/p>\n<p>Dora R. de la Vega, traductora<\/p>\n<p>Dr. Arturo Blatezky \u2013 Pastor de la Iglesia Evang\u00e9lica del R\u00edo de la Plata y Coordinador Naional del Movimiento Ecum\u00e9nico por los Derechos Humanos<\/p>\n<p>Eduardo Espinosa, ATE, Ministerio de Desarrollo Humano Pvcia. Bs.As.<\/p>\n<p>Eduardo Lucita Economistas del Izquierda EDI<\/p>\n<p>Eduardo Macaluse Diputado Nacional (MC) Unidad Popular<\/p>\n<p>Elia Espen, Madre de Plaza de Mayo L\u00ednea Fundadora<\/p>\n<p>Fueyo, Maximina, Jubilada de Ensenada Pcia. Bs. As.<\/p>\n<p>Graciela Iturraspe Diputada Nacional (MC) Unidad Popular<\/p>\n<p>Graciela Rosenblum, presidenta de la liga argentina por los derechos del hombre<\/p>\n<p>Grau, Susana Esdith, Jubilada de Ensenada Pcia. Bs. As.<\/p>\n<p>Guillermo L\u00f3pez, FeTERA FLORES (Federaci\u00f3n de trabajadores de la energ\u00eda el\u00e9ctrica de la Rep\u00fablica Argentina en CTA)<\/p>\n<p>Guillermo Ramon Somoza , CTA-Capital<\/p>\n<p>H\u00e9ctor \u201cPelusa\u201d Carrica, Responsable DDHH ATE Nacional<\/p>\n<p>Herman Schiller, periodista, conductor de los programas radiales \u201cLe\u00f1a al fuego\u201d y \u201cAguantando de pie\u201d, Buenos Aires.<\/p>\n<p>Horacio Fernandez, Director Instituto de Estudios sobre Estado y Participaci\u00f3n IDEP-ATE<\/p>\n<p>Hugo Cachorro Godoy, presidente Unidad Popular Pcia de Bs.As. y Sec. Gral. Adj. Asociaci\u00f3n de Trabajadores del Estado ATE Nacional<\/p>\n<p>Hugo Crosatto ex-comisi\u00f3n interna Los 9 de Mercedes Benz<\/p>\n<p>Jaime Rodr\u00edguez, escritor y periodista, Grupo Anticuento de Comunicaci\u00f3n<\/p>\n<p>Jorge Beinstein, Profesor Em\u00e9rito de la Universidad Nacional de La Plata<\/p>\n<p>Jos\u00e9 Luis Bournasell<\/p>\n<p>Jose Luis Matassa, Secretario General ATE Capital<\/p>\n<p>Juan Florencio Cicale, Jubilado<\/p>\n<p>Juan Rosales, profesor honorario de la UBA y de la C\u00e1tedra Abierta de Estudios Americanistas (FFyL-UBA)<\/p>\n<p>Juan Yahdjian, m\u00e9dico, Grupo Ecologista Madre Tierra, El Dorado, Misiones<\/p>\n<p>Julio Gambina (IEF \u2013 CTA Aut\u00f3noma y FISyP)<\/p>\n<p>Liliana Marzano, Religiosa<\/p>\n<p>Liliana Parada Diputada Nacional (MC) Unidad Popular<\/p>\n<p>Lucia Gonz\u00e1lez, estudiante.<\/p>\n<p>Luc\u00eda L\u00f3pez \u2013 Educadora Popular<\/p>\n<p>Luciano Andr\u00e9s Valencia, escritor e historiador, Cipoletti, Pcia. Rio Negro<\/p>\n<p>luis ferrari<\/p>\n<p>Luis Lafferriere, Director Programa de Extensi\u00f3n \u201cPor una nueva econom\u00eda, humana y sustentable\u201d de la carrera de Comunicaci\u00f3n Social de la Universidad Nacional de Entre R\u00edos<\/p>\n<p>Manuel Justo Gaggero -abogado -Ex Director del diario \u201cEl Mundo\u201d<\/p>\n<p>Marcia Rodr\u00edguez Otegui<\/p>\n<p>Mar\u00eda Adela Antokoletz<\/p>\n<p>Mar\u00eda Elena Saludas (ATTAC \u2013 Argentina \/CADTM \u2013 AYNA)<\/p>\n<p>Maria Felisa Lemos, M\u00e9dica, Rosario<\/p>\n<p>Mar\u00eda Gabriela Sanchez<\/p>\n<p>Maria Marta Sal, Docente jubilada, G ualeguaych\u00fa, Entre R\u00edos<\/p>\n<p>Mar\u00eda Rosa Gonz\u00e1lez, comunicadora social<\/p>\n<p>Mar\u00eda Torrellas, Amigas y Amigos del Pueblo Vasco<\/p>\n<p>Mario Mazzitelli, Partido Socialista Aut\u00e9ntico<\/p>\n<p>Marta Maffei, Diputada Nacional M.C.<\/p>\n<p>Marta Speroni, militante internacionalista por los DDHH<\/p>\n<p>Mirta Baravalle, Madre de Plaza de Mayo L\u00ednea Fundadora<\/p>\n<p>Mirta Olivera<\/p>\n<p>Nestor Jeifetz, Federacion de Cooperativas Autogestionarias MOI<\/p>\n<p>Nina Brugo, Sec. de la Mujer de la Mesa Nac. de Unidad Popular y de la Asoc. de Abogados de Bs As<\/p>\n<p>Nora Corti\u00f1as, Madre de Plaza de Mayo L\u00ednea Fundadora<\/p>\n<p>Nora Moyano, docente jubilada UNCUYO, Mendoza<\/p>\n<p>Norberto Ganci -periodsta, directo El Club de la Pluma, C\u00f3rdoba<\/p>\n<p>Pablo Bergel, Legislador de la Ciudad Aut\u00f3noma de Buenos Aires<\/p>\n<p>Prof. Elsa Bruzzone, CEMIDA<\/p>\n<p>Raul Billar<\/p>\n<p>Roberto Ochandio, Esquel, Pcia. Chubut<\/p>\n<p>Ruben Eduardo Moreno, Editor Diario de opini\u00f3n <u><a href=\"http:\/\/www.sutribuna.com.ar\/\">http:\/\/www.sutribuna.com.ar<\/a><\/u>, Ca\u00f1ada de G\u00f3mez, Pcia. Sta. Fe<\/p>\n<p>Rub\u00e9n Giustiniani, Senador de la N<\/p>\n<p>Rub\u00e9n Sacchi, Director Revista Lilith, Revista Septiembre y blog de cr\u00edtica<\/p>\n<p>Silvana Pradi Canseco, Rosario,<\/p>\n<p>Silvia C.Leanza\u200b -Fundacion Ecosur- Patagonia Norte- \u200b<\/p>\n<p>Soledad P\u00e9rez Rodr\u00edguez, estudiante UBA<\/p>\n<p>Susana Rearte, Coordinadora en defensa del patrimonio p\u00fablico y de la Soberan\u00eda<\/p>\n<p>Vicente Zito Lema, escritor, personalidad destacada de los DD HH de la CABA<\/p>\n<p>V\u00edctor de Gennaro, Diputado Nacional de Unidad Popular<\/p>\n<p>Wanda L\u00f3pez Trelles<\/p>\n<p><strong>BOLIVIA<\/strong><\/p>\n<p>Silvya De Alarc\u00f3n, Docente universitaria<\/p>\n<p><strong>BRASIL<\/strong><\/p>\n<p>APROPUCSP- Associa\u00e7\u00e3o dos Professores da PUCSP, Sao Paulo<\/p>\n<p>Casa da Am\u00e9rica Latina<\/p>\n<p>Casa Latino-americana de Curitiba\/Paran\u00e1 \/<\/p>\n<p>Comit\u00ea Pr\u00f3-Haiti S\u00e3o Paulo\/Brasil<\/p>\n<p>F\u00f3rum Mudan\u00e7as Clim\u00e1ticas e Justi\u00e7a Social<\/p>\n<p>Grupo Tortura Nunca Mais-Rj<\/p>\n<p>Jornal \u00c1gua Verde, cidade de Curitiba<\/p>\n<p>Jubileu Sul Brasil<\/p>\n<p>Movimento dos Trabalhadores Rurais Sem Terra<\/p>\n<p>Movimento Marcha Verde \u2013 Paran\u00e1<\/p>\n<p>Organiza\u00e7\u00e3o Ind\u00edgena Revolucion\u00e1ria<\/p>\n<p>Pol\u00edticas Alternativas para el Cono Sur PACS, Rio de Janeiro<\/p>\n<p>PCB \u2013 Partido Comunista Brasileiro<\/p>\n<p>Tribunal Popular<\/p>\n<p>UJC \u2013 Uni\u00e3o da Juventude Comunista<\/p>\n<p>Uni\u00e3o de Negros Pela Igualdade \u2013 UNEGRO<\/p>\n<p>Via Campesina Brasil<\/p>\n<p>Alexandre Braga \u2013 estudante de Ci\u00eancias do Estado\/UFMG e UNEGRO<\/p>\n<p>Aline Castro, Red por ti Am\u00e9rica,<\/p>\n<p>Armando Gomes<\/p>\n<p>Bia Abramides- Professora da PUCSP, Sao Paulo<\/p>\n<p>Eliana Rolemberg<\/p>\n<p>Frei Betto<\/p>\n<p>Gabriel E. Vitullo, Profesor de la Carrera de Ciencias Sociales de la Universidade Federal do Rio Grande do Norte, Natal<\/p>\n<p>Iolanda Toshie Ide<\/p>\n<p>Ivan Pinheiro \u2013 Secret\u00e1rio Geral do PCB<\/p>\n<p>Ivo Poletto, sociol\u00f3go y educador popular y asesor, F\u00f3rum Mudan\u00e7as Clim\u00e1ticas e Justi\u00e7a Social<\/p>\n<p>Jos\u00e9 Jonas Duarte da Costa, Professor\/UFPB<\/p>\n<p>Marcelo Dur\u00e3o \u2013 MST<\/p>\n<p>M\u00e1rio Augusto Jakobskind \u2013 Rio de Janeiro-<\/p>\n<p>Maur\u00edcio Campos dos Santos<\/p>\n<p>Pedro C\u00e9sar Batista, Jornalista e escritor, Conselheiro de Cultura do Distrito Federal (Literatura), Secret\u00e1rio Geral do Sindicato dos Escritore do Distrito Federal, Coordenador Geral do Movimento Cultural de Olho na Justi\u00e7a<\/p>\n<p>Ra\u00fal Fitipaldi, portal Desacato.info, Florian\u00f3polis<\/p>\n<p>Tali Feld Gleiser, portal Desacato.info, Florian\u00f3polis<\/p>\n<p>Virg\u00ednia Fontes \u2013 historiadora \u2013 Rio de Janeiro<\/p>\n<p><strong>CHILE<\/strong><\/p>\n<p>Andr\u00e9s Figueroa Cornejo, luchador social y periodista profesional de origen chileno<\/p>\n<p>Manuel Cabieses Donoso, Director de la revista Punto Final<\/p>\n<p>Marta Harnecker, escritora<\/p>\n<p>SOAWatch<\/p>\n<p><strong>COLOMBIA<\/strong><\/p>\n<p>Congreso de Los Pueblos<\/p>\n<p>Jos\u00e9 Francisco Puello-Socarras, Escuela Superior de Administraci\u00f3n P\u00fablica<\/p>\n<p>Movimiento Pol\u00edtico y Social Marcha Patri\u00f3tica<\/p>\n<p><strong>CUBA<\/strong><\/p>\n<p>Aurelio Alonso Tejada,subdirector, revista Casa de las Am\u00e9ricas<\/p>\n<p>Centro Dr. Martin Luther King<\/p>\n<p>Organizaci\u00f3n de Solidaridad de los Pueblos de \u00c1frica, Asia y Am\u00e9rica Latina (OSPAAAL)<\/p>\n<p><strong>ECUADOR<\/strong><\/p>\n<p>Acci\u00f3n Ecol\u00f3gica<\/p>\n<p>Centro de Documentaci\u00f3n en Derechos Humanos \u201cSegundo Montes Mozo S.J.\u201d (CSMM) \u2013<\/p>\n<p>Napole\u00f3n Saltos Galarza, Polo Democr\u00e1tico<\/p>\n<p><strong>EL SALVADOR<\/strong><\/p>\n<p>Red de Ambientalistas Comunitarios de El salvador RACDES<\/p>\n<p><strong>HAIT\u00cd<\/strong><\/p>\n<p>Ricot Jean Pierre, PAPDA<\/p>\n<p><strong>HONDURAS<\/strong><\/p>\n<p>Instituto ecum\u00e9nico de servicios a la Comunidad<\/p>\n<p>Igor Calvo, militante de base del FNRP<\/p>\n<p><strong>M\u00c9XICO<\/strong><\/p>\n<p>Alberto Arroyo Picard<\/p>\n<p>Brenda Porras Rodr\u00edguez<\/p>\n<p>Brigadistas en Solidaridad con Cuba y pa\u00edses del Caribe, San Crist\u00f3bal de Las Casas, Chiapas<\/p>\n<p>Colectivo Chikinte, San Crist\u00f3bal de Las Casas, Chiapas,<\/p>\n<p>Comit\u00e9 Amigos de Puerto Rico (Carlos Rivera)<\/p>\n<p>Coordinadora Mexicana en Apoyo al Estado Nacional Soberano de Borinken (Jos\u00e9 Antonio Salas)<\/p>\n<p>Dr. Alejandro Alvarez Bejar, profesor universitario<\/p>\n<p>Dr. Andr\u00e9s Pe\u00f1aloza, bialii Asesoria e Investigaci\u00f3n<\/p>\n<p>Fernando Alan L\u00f3pez BonifacioFrente del Pueblo (Germ\u00e1n Hurtado, Jos\u00e9 Antonio Salas)<\/p>\n<p><strong>NICARAGUA<\/strong><\/p>\n<p>Servicio Paz y Justicia SERPAJ Nicaragua<\/p>\n<p><strong>PANAM\u00c1<\/strong><\/p>\n<p>Antonio Vargas, abogado<\/p>\n<p>Colectivo Voces Ecol\u00f3gicas COVEC.<\/p>\n<p>Conrado Sanjur, sacerdote diocesano<\/p>\n<p>Coordinadora Nacional Cristiana de Panam\u00e1 H\u00e9ctor Gallego<\/p>\n<p>Coordinadora Popular de Derechos Humanos de Panam\u00e1 (COPODEHUPA), Conrado Sanjur, Responsable<\/p>\n<p>Frente Nacional por los Derechos Sociales FRENADESO<\/p>\n<p>Servicio Paz y Justicia (SERPAJ-Panam\u00e1)<\/p>\n<p>Uni\u00f3n Campesina Paname\u00f1a (UCP), miembro del Frente Nacional por la Defensa de los Derechos Econ\u00f3micos y Sociales (FRENADESO)<\/p>\n<p>Uni\u00f3n Ind\u00edgena Campesina (UIC), miembro del Frente Nacional por la Defensa de los Derechos Econ\u00f3micos y Sociales (FRENADESO)<\/p>\n<p><strong>PARAGUAY<\/strong><\/p>\n<p>Organizaci\u00f3n de Mujeres Campesinas e Ind\u00edgenas CONAMURI<\/p>\n<p>Servicio Paz y Justicia \u2013 Paraguay<\/p>\n<p><strong>PER\u00da<\/strong><\/p>\n<p>Cuerpo de redacci\u00f3n de la publicaci\u00f3n mensual \u201cLucha Ind\u00edgena\u201d, Hugo Blanco Director<\/p>\n<p>Dr. Winaron Orrillo, Premio Nacional de Culturqa<\/p>\n<p>Fausto Reyes Ino\u00f1an, Chiclayo-Lambayeque<\/p>\n<p>Juan Rojas Vargas \u2013<\/p>\n<p>Luis Manuel Ormachea Azpilcueta<\/p>\n<p>Movimiento Nacional de Mujeres TODAS SOMOS MICAELA<\/p>\n<p>Ricardo Napur\u00ed, ex diputado constituyente y senador peruano<\/p>\n<p>Willy Luciano Vergara Perez, Arquitectura y supervisi\u00f3n de obras civiles, Cajamarca<\/p>\n<p><strong>PUERTO RICO<\/strong><\/p>\n<p>Comuna Caribe<\/p>\n<p><strong>REP\u00daBLICA DOMINICANA<\/strong><\/p>\n<p>Confederacion Nacional de Unidad Sindical-CNUS<\/p>\n<p>Iv\u00e1n Rodr\u00edguez<\/p>\n<p>Movimiento de Campesinos Trabajadores Las Comunidades Unidas-MCCU<\/p>\n<p>Movimiento por la Salvaci\u00f3n de la Rep\u00fablica (MSR)<\/p>\n<p>Narciso Isa Conde, Movimiento Caama\u00f1ista-MC<\/p>\n<p><strong>URUGUAY<\/strong><\/p>\n<p>Comisi\u00f3n Multisectorial<\/p>\n<p>Coordinadora uruguaya por el Retiro de las Tropas de Hait\u00ed<\/p>\n<p>Equipo parlamentario del Partido por la Victoria del Pueblo<\/p>\n<p>Mujeres de Paz<\/p>\n<p>Plataforma Descam<\/p>\n<p>Red de Economistas de Izquierda del Uruguay<\/p>\n<p>Andrea A. Pereira Yardino<\/p>\n<p>Antonio El\u00edas, Universidad de la Rep\u00fablica<\/p>\n<p>Beatriz Benzano, Mujeres de Paz<\/p>\n<p>Carmen Ferrera<\/p>\n<p>Eduardo Rubio, Representante Nacional Legislador x Uruguay, Asamblea Popular-Unidad Popular<\/p>\n<p>Elena Bicera, Montevideo<\/p>\n<p>Elena Fonseca, Montevideo<\/p>\n<p>Jorge Zabalza<\/p>\n<p>Jos\u00e9 E.D\u00edaz, ex parlamentario (FA-PS,1985-1995) y ex Ministro del Interior (2005-2007)<\/p>\n<p>Laura Dom\u00ednguez, Universidad de la Rep\u00fablica<\/p>\n<p>Luis E. Sabini Fernandez, periodista y docente, Piri\u00e1polis<\/p>\n<p>Malena Laucero<\/p>\n<p>\u200bNancy Espasandin\u200b- Maestra- Lic. Ciencias Pol\u00edticas<\/p>\n<p>Oscar M. Ma\u00f1\u00e1n Garc\u00eda, Prof. efectivo en el Centro Regional de Profesores del Centro, Consejo de Formaci\u00f3n en Educaci\u00f3n, Administraci\u00f3n Nacional de Educaci\u00f3n P\u00fablica, Prof. Agregado de la Unidad Acad\u00e9mica Historia y Desarrollo, Dpto. Econom\u00eda,<\/p>\n<p>Prof. Julio A. Louis,<\/p>\n<p>Ramiro Chimuris, Plataforma Descam<\/p>\n<p>Veronika Engler<\/p>\n<p><strong>VENEZUELA<\/strong><\/p>\n<p>Amaylin Riveros<\/p>\n<p>Antonio J. Gonz\u00e1lez Plessmann, activista de derechos humanos<\/p>\n<p>Asia Villegas Poljak, Medica<\/p>\n<p>Carmen Boh\u00f3rquez, \u200eRed de intelectuales, artistas y movimientos sociales en Defensa de la Humanidad<\/p>\n<p>Coalici\u00f3n de tendencias Clasista (CTC-VZLA)<\/p>\n<p>Elba Mart\u00ednez Vargas, Internacionalista, Caracas<\/p>\n<p>fma reporta<\/p>\n<p>Giordana Garc\u00eda Sojo. Viceministra de Cultura<\/p>\n<p>Helga Malave , Telesur<\/p>\n<p>Maglio Vargas, Coalici\u00f3n de las Tendencias Clasistas (CTC-VZLA)<\/p>\n<p>Maureen Riveros, Activista en DDHH<\/p>\n<p>Paulino N\u00fa\u00f1ez Mu\u00f1oz, Plataforma Auditor\u00eda Ciudadana Venezuela,<\/p>\n<p>Pedro Vargas, Coalici\u00f3n de tendencias Clasista (CTC-VZLA)<\/p>\n<p><strong>OTRAS<\/strong><\/p>\n<p>Dick Emanuelsson, reportero en Am\u00e9rica Latina<\/p>\n<p>Josep Amengual i Batle, Misioneros de los Sagrados Corazones<\/p>\n<p><strong>EE.UU.<\/strong><\/p>\n<p>Other Worlds<\/p>\n<p><strong>ESPA\u00d1A<\/strong><\/p>\n<p>Comunidade Cristiana Vangarda Obreira da Coru\u00f1a.<\/p>\n<p>Ecologistas en Acci\u00f3n<\/p>\n<p>Sector de Trabajadores Adherentes a la Sexta<\/p>\n<p>Adriana Straijer<\/p>\n<p>Anuncio Moro\u00f1o Noia, Comunidad Cristiana Vangarda Obreira, A Coru\u00f1a<\/p>\n<p>Jos\u00e9 Antonio Vera \u2013 Periodista<\/p>\n<p>Juan Luis Gonz\u00e1lez P\u00e9rez, Analista Internacional<\/p>\n<p>Mar\u00eda Escudero<\/p>\n<p>Rafael Carbonell, Misioneros de los Sagrados Corazones<\/p>\n<p>Damia Socias<\/p>\n<p><strong>FRANCIA<\/strong><\/p>\n<p>Francis G\u00e9ly, Grupo de apoyo SERPAJ-AL<\/p>\n<p><strong>ITALIA<\/strong><\/p>\n<p>Geraldina Colotti periodista de il manifesto y escritora<\/p>\n<p><strong>PORTUGAL<\/strong><\/p>\n<p>Miguel Urbano, escritor, e ex-parlamentar europeu<\/p>\n<p>Damia Socias<\/p>\n<p><strong>FRANCIA<\/strong><\/p>\n<p>Francis G\u00e9ly, Grupo de apoyo SERPAJ-AL<\/p>\n<p><strong>ITALIA<\/strong><\/p>\n<p>Geraldina Colotti periodista de il manifesto y escritora<\/p>\n<p><strong>PORTUGAL<\/strong><\/p>\n<p>Miguel Urbano, escritor, e ex-parlamentar europeu<\/p>\n<p>PARA ADERIR, envie sua mensagem para <a href=\"mailto:haiti.no.minustah@gmail.com\" target=\"_blank\">haiti.no.minustah@gmail.com<\/a><\/p>\n<p>Fonte: http:\/\/haitinominustah.info\/2015\/09\/12\/llamamos-a-movilizarnos-por-un-haiti-libre-de-la-minustah-y-toda-forma-de-ocupacion\/<\/p>\n<p>Tradu\u00e7\u00e3o: Partido Comunista Brasileiro (PCB)<\/p>\n","protected":false},"excerpt":{"rendered":"N\u00c3O EM NOSSO NOME Que as tropas se retirem e cessem a ocupa\u00e7\u00e3o do Haiti J\u00c1! N\u00f3s, movimentos, organiza\u00e7\u00f5es, redes e indiv\u00edduos, parte \n<a class=\"moretag\" href=\"https:\/\/pcb.org.br\/portal2\/9354\"> <\/a>","protected":false},"author":1,"featured_media":0,"comment_status":"closed","ping_status":"closed","sticky":false,"template":"","format":"standard","meta":{"jetpack_post_was_ever_published":false,"_jetpack_newsletter_access":"","_jetpack_dont_email_post_to_subs":false,"_jetpack_newsletter_tier_id":0,"_jetpack_memberships_contains_paywalled_content":false,"_jetpack_memberships_contains_paid_content":false,"footnotes":"","jetpack_publicize_message":"","jetpack_publicize_feature_enabled":true,"jetpack_social_post_already_shared":true,"jetpack_social_options":{"image_generator_settings":{"template":"highway","default_image_id":0,"font":"","enabled":false},"version":2}},"categories":[55],"tags":[],"class_list":["post-9354","post","type-post","status-publish","format-standard","hentry","category-c66-haiti"],"jetpack_publicize_connections":[],"jetpack_featured_media_url":"","jetpack_shortlink":"https:\/\/wp.me\/p659gw-2qS","jetpack-related-posts":[],"jetpack_likes_enabled":true,"jetpack_sharing_enabled":true,"_links":{"self":[{"href":"https:\/\/pcb.org.br\/portal2\/wp-json\/wp\/v2\/posts\/9354","targetHints":{"allow":["GET"]}}],"collection":[{"href":"https:\/\/pcb.org.br\/portal2\/wp-json\/wp\/v2\/posts"}],"about":[{"href":"https:\/\/pcb.org.br\/portal2\/wp-json\/wp\/v2\/types\/post"}],"author":[{"embeddable":true,"href":"https:\/\/pcb.org.br\/portal2\/wp-json\/wp\/v2\/users\/1"}],"replies":[{"embeddable":true,"href":"https:\/\/pcb.org.br\/portal2\/wp-json\/wp\/v2\/comments?post=9354"}],"version-history":[{"count":0,"href":"https:\/\/pcb.org.br\/portal2\/wp-json\/wp\/v2\/posts\/9354\/revisions"}],"wp:attachment":[{"href":"https:\/\/pcb.org.br\/portal2\/wp-json\/wp\/v2\/media?parent=9354"}],"wp:term":[{"taxonomy":"category","embeddable":true,"href":"https:\/\/pcb.org.br\/portal2\/wp-json\/wp\/v2\/categories?post=9354"},{"taxonomy":"post_tag","embeddable":true,"href":"https:\/\/pcb.org.br\/portal2\/wp-json\/wp\/v2\/tags?post=9354"}],"curies":[{"name":"wp","href":"https:\/\/api.w.org\/{rel}","templated":true}]}}