{"id":9432,"date":"2015-09-26T23:50:53","date_gmt":"2015-09-27T02:50:53","guid":{"rendered":"http:\/\/pcb.org.br\/portal2\/?p=9432"},"modified":"2015-10-22T22:13:08","modified_gmt":"2015-10-23T01:13:08","slug":"o-pcb-sauda-acordo-parcial-entre-as-farc-ep-e-o-governo-colombiano","status":"publish","type":"post","link":"https:\/\/pcb.org.br\/portal2\/9432","title":{"rendered":"O PCB sa\u00fada acordo parcial entre as FARC-EP e o governo colombiano"},"content":{"rendered":"<p><img data-recalc-dims=\"1\" height=\"300\" width=\"620\" decoding=\"async\" class=\"imagem\" title=\"imagem\" src=\"https:\/\/i0.wp.com\/www.resumenlatinoamericano.org\/wp-content\/uploads\/2015\/09\/k2.items_.cache_.7776e9668d7192450d67b1d14410f108_XLnsp-545-620x300.jpg?resize=620%2C300\" alt=\"imagem\" \/>O PCB sa\u00fada a celebra\u00e7\u00e3o, nesta semana, de importante acordo parcial entre as FARC-EP e o governo colombiano, a prop\u00f3sito de um dos mais complexos temas dos di\u00e1logos de Havana, com a cria\u00e7\u00e3o de uma jurisdi\u00e7\u00e3o especial para a paz e o compromisso, por parte do Estado, da outorga de \u201canistia mais ampla poss\u00edvel por crimes pol\u00edticos e conexos\u201d a todos os envolvidos no conflito. O acordo ratifica acordos anteriores e certamente gerar\u00e1 ambiente prop\u00edcio para avan\u00e7ar em consensos sobre outros itens da agenda.<!--more--><\/p>\n<p>O documento prev\u00ea que, uma vez celebrado e institu\u00eddo o acordo final, as FARC poder\u00e3o se organizar em movimento pol\u00edtico legal, deixando de usar as armas, ap\u00f3s 60 dias de sua assinatura.<\/p>\n<p>Esse acordo parcial s\u00f3 foi poss\u00edvel em raz\u00e3o das mobiliza\u00e7\u00f3es do movimento popular e das for\u00e7as progressistas da sociedade colombiana, da solidariedade internacional, do governo e do povo cubanos, anfitri\u00f5es dos di\u00e1logos para a solu\u00e7\u00e3o do conflito, e dos demais pa\u00edses garantidores e acompanhantes do processo, entre os quais se destaca a Venezuela. As iniciativas do presidente Hugo Ch\u00e1vez, nos anos 1990, estimulando as trocas de prisioneiros e o interc\u00e2mbio epistolar p\u00fablico com a insurg\u00eancia, foram decisivas para suscitar os primeiros sinais de di\u00e1logo entre as partes.<\/p>\n<p>O PCB n\u00e3o pode deixar de registrar que presta solidariedade \u00e0s for\u00e7as populares colombianas, inclusive \u00e0s FARC, desde muito antes do in\u00edcio dos di\u00e1logos de paz (em 2012), porque sempre considerou as guerrilhas colombianas como organiza\u00e7\u00f5es pol\u00edticas insurgentes, nos termos do consagrado direito dos povos \u00e0 rebeli\u00e3o, e que a luta pela paz com justi\u00e7a social na Col\u00f4mbia tem um conte\u00fado anti-imperialista, dado que esse pa\u00eds transformou-se na principal plataforma militar dos Estados Unidos no continente latino-americano.<\/p>\n<p>O regozijo com a celebra\u00e7\u00e3o desse acordo parcial n\u00e3o deve, entretanto, desmobilizar a solidariedade internacional nem baixar a guarda da resist\u00eancia colombiana, em todas as suas express\u00f5es. O hist\u00f3rico da burguesia local e do imperialismo a que ela serve n\u00e3o \u00e9 de pacifismo, nem de respeitar acordos, como foi o caso do exterm\u00ednio de milhares de militantes da Uni\u00e3o Patri\u00f3tica, nos anos 1980, exatamente ap\u00f3s um acordo com o Estado para desmobiliza\u00e7\u00e3o da guerrilha e sua transforma\u00e7\u00e3o num movimento pol\u00edtico desarmado.<\/p>\n<p>O interesse do setor hegem\u00f4nico da sociedade colombiana por uma solu\u00e7\u00e3o pol\u00edtica para o conflito se deve ao insucesso de sua enorme ofensiva para derrotar militarmente a guerrilha, com o chamado Plano Col\u00f4mbia, na primeira d\u00e9cada deste s\u00e9culo, e \u00e0 necessidade do capitalismo se desenvolver no pa\u00eds num ambiente capaz de atrair investimentos estrangeiros para a explora\u00e7\u00e3o de suas imensas riquezas minerais, muitas delas localizadas em territ\u00f3rio ocupado pelas guerrilhas.<\/p>\n<p>Estamos convencidos de que o povo colombiano valorizar\u00e1 essa possibilidade de continuar lutando pelos seus direitos e por uma sociedade justa e solid\u00e1ria num ambiente em que n\u00e3o caibam mais as pris\u00f5es arbitr\u00e1rias, os assassinatos pol\u00edticos de lideran\u00e7as populares, os deslocamentos, as atrocidades dos bandos paramilitares.<\/p>\n<p>Partido Comunista Brasileiro (PCB)<\/p>\n<p>Comiss\u00e3o Pol\u00edtica Nacional<\/p>\n","protected":false},"excerpt":{"rendered":"O PCB sa\u00fada a celebra\u00e7\u00e3o, nesta semana, de importante acordo parcial entre as FARC-EP e o governo colombiano, a prop\u00f3sito de um dos \n<a class=\"moretag\" href=\"https:\/\/pcb.org.br\/portal2\/9432\"> <\/a>","protected":false},"author":1,"featured_media":0,"comment_status":"closed","ping_status":"closed","sticky":false,"template":"","format":"standard","meta":{"jetpack_post_was_ever_published":false,"_jetpack_newsletter_access":"","_jetpack_dont_email_post_to_subs":false,"_jetpack_newsletter_tier_id":0,"_jetpack_memberships_contains_paywalled_content":false,"_jetpack_memberships_contains_paid_content":false,"footnotes":"","jetpack_publicize_message":"","jetpack_publicize_feature_enabled":true,"jetpack_social_post_already_shared":true,"jetpack_social_options":{"image_generator_settings":{"template":"highway","default_image_id":0,"font":"","enabled":false},"version":2}},"categories":[26],"tags":[],"class_list":["post-9432","post","type-post","status-publish","format-standard","hentry","category-c25-notas-politicas-do-pcb"],"jetpack_publicize_connections":[],"jetpack_featured_media_url":"","jetpack_shortlink":"https:\/\/wp.me\/p659gw-2s8","jetpack-related-posts":[],"jetpack_likes_enabled":true,"jetpack_sharing_enabled":true,"_links":{"self":[{"href":"https:\/\/pcb.org.br\/portal2\/wp-json\/wp\/v2\/posts\/9432","targetHints":{"allow":["GET"]}}],"collection":[{"href":"https:\/\/pcb.org.br\/portal2\/wp-json\/wp\/v2\/posts"}],"about":[{"href":"https:\/\/pcb.org.br\/portal2\/wp-json\/wp\/v2\/types\/post"}],"author":[{"embeddable":true,"href":"https:\/\/pcb.org.br\/portal2\/wp-json\/wp\/v2\/users\/1"}],"replies":[{"embeddable":true,"href":"https:\/\/pcb.org.br\/portal2\/wp-json\/wp\/v2\/comments?post=9432"}],"version-history":[{"count":0,"href":"https:\/\/pcb.org.br\/portal2\/wp-json\/wp\/v2\/posts\/9432\/revisions"}],"wp:attachment":[{"href":"https:\/\/pcb.org.br\/portal2\/wp-json\/wp\/v2\/media?parent=9432"}],"wp:term":[{"taxonomy":"category","embeddable":true,"href":"https:\/\/pcb.org.br\/portal2\/wp-json\/wp\/v2\/categories?post=9432"},{"taxonomy":"post_tag","embeddable":true,"href":"https:\/\/pcb.org.br\/portal2\/wp-json\/wp\/v2\/tags?post=9432"}],"curies":[{"name":"wp","href":"https:\/\/api.w.org\/{rel}","templated":true}]}}