{"id":9459,"date":"2015-09-30T19:10:40","date_gmt":"2015-09-30T22:10:40","guid":{"rendered":"http:\/\/pcb.org.br\/portal2\/?p=9459"},"modified":"2015-10-22T22:17:39","modified_gmt":"2015-10-23T01:17:39","slug":"%e2%80%8b%e2%80%8blancamento-da-aguardada-biografia-luiz-carlos-prestes-um-comunista-brasileiro-da-historiadora-anita-prestes-publicada-pela-boitempo-editorial","status":"publish","type":"post","link":"https:\/\/pcb.org.br\/portal2\/9459","title":{"rendered":"\u200b\u200bLan\u00e7amento da aguardada biografia &#8220;Luiz Carlos Prestes: um comunista brasileiro&#8221;, da historiadora Anita Prestes, publicada pela Boitempo Editorial"},"content":{"rendered":"<p><img data-recalc-dims=\"1\" decoding=\"async\" class=\"imagem\" title=\"imagem\" src=\"https:\/\/i0.wp.com\/1.bp.blogspot.com\/-8HlohdSpX2k\/VgbalqkUFZI\/AAAAAAAAQoI\/42JZ_AT3dsE\/s400\/cover.jpg?w=747&#038;ssl=1\" alt=\"imagem\" \/>Boitempo Editorial<\/p>\n<p>Nesta aguardada biografia [com mais de 600 p\u00e1ginas], a historiadora Anita Leocadia Prestes, filha do l\u00edder com a tamb\u00e9m comunista Olga Benario Prestes, narra os momentos-chave da atua\u00e7\u00e3o pol\u00edtica de seu pai, um dos grandes personagens da hist\u00f3ria brasileira. Sua participa\u00e7\u00e3o<!--more--> no movimento tenentista \u2013 especialmente na Marcha, entre 1924 e 1927, da Coluna que levou seu nome \u2013 e no levante antifascista contra Get\u00falio Vargas inscreveu o nome desse revolucion\u00e1rio singular na trajet\u00f3ria pol\u00edtico-social do pa\u00eds.<\/p>\n<p>Baseada na metodologia marxista, a obra se diferencia das demais biografias de Prestes j\u00e1 publicadas pela diversidade de documentos originais aos quais a autora teve acesso ao longo de mais de trinta anos de pesquisa. Para al\u00e9m do acervo pessoal, a historiadora realizou vasta investiga\u00e7\u00e3o em arquivos nacionais e estrangeiros, podendo, assim, consultar fontes prim\u00e1rias fundamentais. Nos arquivos da antiga URSS, Anita perscrutou toda uma s\u00e9rie de documentos referentes \u00e0 atua\u00e7\u00e3o pol\u00edtica do Cavaleiro da Esperan\u00e7a e a din\u00e2micas e discuss\u00f5es internas ao Partido Comunista, como relat\u00f3rios e atas de reuni\u00f5es, que ora integra a obra e a qualifica como a mais completa radiografia pol\u00edtica de Prestes.<\/p>\n<p>A biografia traz fotos e manuscritos de correspond\u00eancia pessoal, algumas at\u00e9 ent\u00e3o desconhecidas do p\u00fablico, que ilustram diferentes momentos da trajet\u00f3ria do biografado. Com 19 cap\u00edtulos e mais de 500 p\u00e1ginas, a obra \u00e9 leitura fundamental para quem deseja entender o legado revolucion\u00e1rio de Luiz Carlos Prestes para o Brasil.<\/p>\n<p><b>Fonte: <\/b> <a href=\"http:\/\/www.boitempoeditorial.com.br\/v3\/Titulos\/visualizar\/-o-cavaleiro-da-esperanca\" target=\"_blank\">Boitempo Editorial<\/a><\/p>\n","protected":false},"excerpt":{"rendered":"Boitempo Editorial Nesta aguardada biografia [com mais de 600 p\u00e1ginas], a historiadora Anita Leocadia Prestes, filha do l\u00edder com a tamb\u00e9m comunista Olga \n<a class=\"moretag\" href=\"https:\/\/pcb.org.br\/portal2\/9459\"> <\/a>","protected":false},"author":1,"featured_media":0,"comment_status":"closed","ping_status":"closed","sticky":false,"template":"","format":"standard","meta":{"jetpack_post_was_ever_published":false,"_jetpack_newsletter_access":"","_jetpack_dont_email_post_to_subs":false,"_jetpack_newsletter_tier_id":0,"_jetpack_memberships_contains_paywalled_content":false,"_jetpack_memberships_contains_paid_content":false,"footnotes":"","jetpack_publicize_message":"","jetpack_publicize_feature_enabled":true,"jetpack_social_post_already_shared":true,"jetpack_social_options":{"image_generator_settings":{"template":"highway","default_image_id":0,"font":"","enabled":false},"version":2}},"categories":[46],"tags":[],"class_list":["post-9459","post","type-post","status-publish","format-standard","hentry","category-c56-memoria"],"jetpack_publicize_connections":[],"jetpack_featured_media_url":"","jetpack_shortlink":"https:\/\/wp.me\/p659gw-2sz","jetpack-related-posts":[],"jetpack_likes_enabled":true,"jetpack_sharing_enabled":true,"_links":{"self":[{"href":"https:\/\/pcb.org.br\/portal2\/wp-json\/wp\/v2\/posts\/9459","targetHints":{"allow":["GET"]}}],"collection":[{"href":"https:\/\/pcb.org.br\/portal2\/wp-json\/wp\/v2\/posts"}],"about":[{"href":"https:\/\/pcb.org.br\/portal2\/wp-json\/wp\/v2\/types\/post"}],"author":[{"embeddable":true,"href":"https:\/\/pcb.org.br\/portal2\/wp-json\/wp\/v2\/users\/1"}],"replies":[{"embeddable":true,"href":"https:\/\/pcb.org.br\/portal2\/wp-json\/wp\/v2\/comments?post=9459"}],"version-history":[{"count":0,"href":"https:\/\/pcb.org.br\/portal2\/wp-json\/wp\/v2\/posts\/9459\/revisions"}],"wp:attachment":[{"href":"https:\/\/pcb.org.br\/portal2\/wp-json\/wp\/v2\/media?parent=9459"}],"wp:term":[{"taxonomy":"category","embeddable":true,"href":"https:\/\/pcb.org.br\/portal2\/wp-json\/wp\/v2\/categories?post=9459"},{"taxonomy":"post_tag","embeddable":true,"href":"https:\/\/pcb.org.br\/portal2\/wp-json\/wp\/v2\/tags?post=9459"}],"curies":[{"name":"wp","href":"https:\/\/api.w.org\/{rel}","templated":true}]}}