{"id":949,"date":"2010-11-03T01:57:37","date_gmt":"2010-11-03T01:57:37","guid":{"rendered":"http:\/\/pcb.org.br\/portal2\/?p=949"},"modified":"2017-11-29T14:22:05","modified_gmt":"2017-11-29T17:22:05","slug":"sobre-a-barbarie-imperialista-a-crise-do-capital-e-a-luta-dos-povos","status":"publish","type":"post","link":"https:\/\/pcb.org.br\/portal2\/949","title":{"rendered":"Sobre a Barb\u00e1rie Imperialista, A Crise do Capital e a Luta dos Povos"},"content":{"rendered":"<p><img data-recalc-dims=\"1\" decoding=\"async\" class=\"imagem\" title=\"imagem\" src=\"https:\/\/i0.wp.com\/3.bp.blogspot.com\/-y1LVf1J_AC8\/TdS8nzjVaLI\/AAAAAAAACIs\/1wc3lJl937k\/s1600\/imperialism_usa.jpg?w=747&#038;ssl=1\" alt=\"imagem\" \/><!--more--><strong>Comunica\u00e7\u00e3o de Miguel Urbano Rodrigues<\/strong><\/p>\n<p>Sobre a Barb\u00e1rie Imperialista,<\/p>\n<p>A Crise do Capital e a Luta dos Povos<\/p>\n<p><strong>Miguel Urbano Rodrigues<\/strong><\/p>\n<p>Camaradas e amigos<\/p>\n<p>N\u00f3s, participantes neste Encontro, reunidos em Serpa, temos consci\u00eancia de que o planeta Terra enfrenta uma crise global de civiliza\u00e7\u00e3o que pode ter como desfecho a extin\u00e7\u00e3o da Humanidade.<\/p>\n<p>Contribuir para que se difunda a consci\u00eancia dessa amea\u00e7a, insepar\u00e1vel do funcionamento de uma engrenagem monstruosa, \u00e9 hoje uma tarefa revolucion\u00e1ria.<\/p>\n<p>Dif\u00edcil de assumir porque na vastid\u00e3o do mundo as grandes maiorias ainda n\u00e3o se aperceberam de que a supera\u00e7\u00e3o da actual crise passa pelo desaparecimento do capitalismo.<\/p>\n<p>Na era da informa\u00e7\u00e3o instant\u00e2nea, a desinforma\u00e7\u00e3o alastra. Como o capital controla o sistema medi\u00e1tico a n\u00edvel quase planet\u00e1rio, a mentira \u00e9 imposta como verdade aos povos. Nunca a aliena\u00e7\u00e3o das massas foi t\u00e3o cientificamente trabalhada por aqueles que as exploram. Uma contra-cultura alienante, exportada pelos EUA, contribui para a passividade das massas e um consumismo irracional, robotizante.<\/p>\n<p>Uma mentira perigosa que diariamente percorre o mundo \u00e9 a que projecta a imagem dos EUA como vencedores da mal chamada crise financeira.<\/p>\n<p>Embora tecnicamente os EUA n\u00e3o estejam em recess\u00e3o, \u00e9 falso que se encaminhem para uma recupera\u00e7\u00e3o. Isso porque a crise neles iniciada \u00e9 uma crise estrutural do capitalismo, simultaneamente econ\u00f3mica, ambiental, militar, social, energ\u00e9tica, cultural.<\/p>\n<p>Aproximadamente 30 milh\u00f5es de trabalhadores est\u00e3o desempregados ou subempregados, mas os lucros das empresas aumentam ali prodigiosamente. O Washington Post, porta-voz do establishment, reconhecia em 30 de Julho, num artigo de Steve Pearlstein, que no mundo real as empresas existem para criar lucros para os accionistas e n\u00e3o empregos. Na mesma semana, o The New YorK Times sublinhava que a queda das vendas \u00e9 acompanhada por um aumento dos lucros. Um exemplo: a Ford reduziu a metade a sua for\u00e7a de trabalho nos \u00faltimos cinco anos. Inicialmente perdeu 20 mil milh\u00f5es de d\u00f3lares. Mas este ano anuncia um lucro prov\u00e1vel de 5 mil milh\u00f5es de d\u00f3lares. Fred Goldstein, do International Action Center, lembra-nos que os capitalistas instalam tecnologias concebidas para destruir empregos, porque a l\u00f3gica do sistema exige que a produ\u00e7\u00e3o seja reduzida para as empresas serem rent\u00e1veis.<\/p>\n<p>O debate em Washington op\u00f5e os que defendem uma maior \u00abausteridade\u00bb, travando o aumento da astron\u00f3mica d\u00edvida p\u00fablica, \u00e0queles que exigem mais \u00abest\u00edmulos\u00bb para a recupera\u00e7\u00e3o da banca e das grandes empresas. Mas tudo indica que, esgotados os 787 mil milh\u00f5es de d\u00f3lares injectados pelo Estado na economia, o pa\u00eds cair\u00e1 novamente em recess\u00e3o.<\/p>\n<p>O presidente Barack Obama hesita. Acossado pela direita republicana, faz concess\u00f5es, temeroso de uma vit\u00f3ria republicana nas elei\u00e7\u00f5es Legislativas de 2 de Novembro. Critica, com suavidade, os banqueiros e outros magnates da Finan\u00e7a, mas na pr\u00e1tica assiste passivamente ao seu prodigioso enriquecimento. Os sacerdotes do dinheiro continuam a atribuir-se vencimentos e pr\u00e9mios fabulosos. O secret\u00e1rio do Tesouro, Thimothy Geitner, um neoliberal ligado a Wall Street, goza da total confian\u00e7a do Presidente.<\/p>\n<p>A reforma da Sa\u00fade foi um grande embuste. As Seguradoras v\u00e3o embolsar centenas de milhares de milh\u00f5es de d\u00f3lares, e milh\u00f5es de imigrantes ilegais n\u00e3o s\u00e3o abrangidos pela nova legisla\u00e7\u00e3o aprovada pelo Congresso. O or\u00e7amento de Defesa \u00e9 o maior desde a II Guerra Mundial, mas as verbas atribu\u00eddas \u00e0 Educa\u00e7\u00e3o e aos Transportes foram consideravelmente reduzidas.<\/p>\n<p><strong>A ESTRAT\u00c9GIA IMPERIAL<\/strong><\/p>\n<p>Contrariamente \u00e0s esperan\u00e7as suscitadas, a actual Administra\u00e7\u00e3o n\u00e3o rompeu com a pol\u00edtica agressiva de Bush, orientada para a domina\u00e7\u00e3o universal e perp\u00e9tua do imperialismo estadounidense.<\/p>\n<p>Obama manteve no Pent\u00e1gono o falc\u00e3o republicano Robert Gates e a secret\u00e1ria de Estado Hillary Clinton t\u00eam assumido posi\u00e7\u00f5es no tocante ao M\u00e9dio Oriente, \u00e0 Am\u00e9rica Latina, \u00e0 Palestina e \u00e0 \u00c1sia Oriental ainda mais negativas do que as de Madeleine Albright e Condoleeza Rice.<\/p>\n<p>Em Outubro o Pent\u00e1gono, com o aval do Presidente Obama, criou o Cibermand, organiza\u00e7\u00e3o cujo objectivo, segundo o general Kevin Chilton, \u00e9 preparar os EUA para as \u00abconfronta\u00e7\u00f5es da ciber guerra\u00bb. Outros generais afirmaram que o controle militar do ciberespa\u00e7o garantir\u00e1 aos EUA o dom\u00ednio perp\u00e9tuo sobre a Terra.<\/p>\n<p>Outra terr\u00edvel amea\u00e7a \u00e0 humanidade do sistema imperial s\u00e3o as armas electr\u00f3nicas que podem atingir um alvo humano a 10 mil quil\u00f3metros de dist\u00e2ncia. Basta carregar num bot\u00e3o algures nos EUA para abater \u00abo inimigo\u00bb seleccionado. As novas armas magn\u00e9ticas s\u00e3o outra inova\u00e7\u00e3o do arsenal do terror criado pela tecnologia de a ci\u00eancia colocadas ao servi\u00e7o de uma pol\u00edtica criminosa.<\/p>\n<p>Na Am\u00e9rica Latina n\u00e3o houve altera\u00e7\u00e3o sens\u00edvel na politica de hostilidade a Cuba e o regresso da IV Esquadra ao Sul do Hemisf\u00e9rio, o refor\u00e7o da alian\u00e7a com o regime neofascista da Colombia, o golpe nas Honduras \u2013 organizado na Embaixada dos EUA \u2013 e a intentona no Equador comprovam um aumento da agressividade do governo Obama na Regi\u00e3o.<\/p>\n<p>A campanha permanente desencadeada pelos media estadounidenses contra os regimes progressistas da Venezuela bolivariana, da Bol\u00edvia e do Equador insere-se numa estrat\u00e9gia ambiciosa a m\u00e9dio prazo. Washington chegou \u00e0 conclus\u00e3o de que o recurso a golpes militares tradicionais para derrubar esses governos, que contam com forte apoio de massas, seria contraproducente, contribuindo para incentivar em toda a Am\u00e9rica Latina o sentimento anti-imperialista.<\/p>\n<p>Minar por dentro os governos de Chavez, Evo Morales e Rafael Correa, provocando a sua implos\u00e3o, \u00e9 o objectivo pelo qual trabalha a Administra\u00e7\u00e3o Obama.<\/p>\n<p>Na Am\u00e9rica Latina o imperialismo, n\u00e3o tenhamos ilus\u00f5es, est\u00e1 na ofensiva e, com poucas excep\u00e7\u00f5es, verifica-se um refluxo da luta de massas.<\/p>\n<p>Obama tenta aprofundar as rela\u00e7\u00f5es com o Brasil, a Argentina e o Uruguai, consciente de que as pol\u00edticas desenvolvidas pelos governos desses pa\u00edses n\u00e3o afectam o funcionamento do sistema capitalista, sendo compat\u00edveis com a sua l\u00f3gica.<\/p>\n<p>Na Col\u00f4mbia, um governo neofascista mascarado de democrata \u00e9 o mais \u00edntimo aliado dos EUA no Continente. No final de Setembro o seu presidente recebeu calorosas felicita\u00e7\u00f5es de Barack Obama por ter assassinado o comandante Jorge Brice\u00f1o das FARC numa opera\u00e7\u00e3o que envolveu 27 helic\u00f3pteros e 30 avi\u00f5es de combate.<\/p>\n<p>Os oligarcas que oprimem o povo da Col\u00f4mbia acusam-no de assassino e terrorista. Mas Jorge Brice\u00f1o, el Mono Jojoy, passar\u00e1 \u00e0 Historia como um her\u00f3i da Am\u00e9rica Latina. Cumpro um dever, camaradas, prestando aqui homenagem a esse combatente revolucion\u00e1rio tal como a Raul Reyes, tamb\u00e9m assassinado num bombardeamento pirata, e a Manuel Marulanda, o fundador das FARC.<\/p>\n<p><strong>AS LUTAS NA EUROPA<\/strong><\/p>\n<p>Na Europa, a crise global atinge os pa\u00edses de maneira desigual.<\/p>\n<p>A estrutura da Uni\u00e3o Europeia \u00e9 afectada pelas contradi\u00e7\u00f5es que se manifestam nos grandes, incapazes de adoptarem uma estrat\u00e9gia comum. Apenas se entendem quando se trata de impor medidas dr\u00e1sticas a pa\u00edses como a Gr\u00e9cia, a Espanha, a Irlanda e Portugal. Os pequenos estados da Europa Oriental, esses s\u00e3o tratados como cobaias. \u00c9 o caso das Republicas B\u00e1lticas, submetidas a receitas ultra liberais de efeito social devastador. Nalguns casos a redu\u00e7\u00e3o dos sal\u00e1rios atinge ali 30%.<\/p>\n<p>O tema das lutas na Europa ser\u00e1 tratado em interven\u00e7\u00f5es de outros camaradas. Permito-me apenas registar que em consequ\u00eancia de pol\u00edticas que descarregam o custo da crise sobre os trabalhadores, concebidas para beneficiar o grande capital, nomeadamente a banca e as transnacionais, se assiste a uma intensifica\u00e7\u00e3o da luta de massas em muitos pa\u00edses do Continente. Isso \u00e9 j\u00e1 uma realidade na Grecia, em Fran\u00e7a, em Espanha e Portugal onde os trabalhadores saem \u00e0s ruas em protestos gigantescos. Cabe aqui uma refer\u00eancia especial \u00e0s propor\u00e7\u00f5es assumidas pela luta de massas na Fran\u00e7a e na Gr\u00e9cia. Pela firmeza e combatividade demonstradas frente a uma repress\u00e3o brutal e pelo n\u00edvel de consci\u00eancia pol\u00edtica de que d\u00e3o provas, a classe oper\u00e1ria grega e o seu partido de vanguarda, o KKE, tornaram-se nos \u00faltimos meses credores do respeito e admira\u00e7\u00e3o das for\u00e7as progressistas em todo o mundo.<\/p>\n<p>Uma conclus\u00e3o transparente: a crise destruiu a m\u00e1scara da chamada democracia representativa em toda a Europa. Na Uni\u00e3o Europeia e fora dela, a soberania dos povos \u00e9 duramente golpeada por ditaduras da burguesia de fachada democr\u00e1tica.<\/p>\n<p><strong>AS GUERRAS PERDIDAS DOS EUA<\/strong><\/p>\n<p>Enquanto a NATO, instrumento do poder imperial, estende os seus tent\u00e1culos pela \u00c1sia adentro, os EUA implantam-se tamb\u00e9m militarmente no continente africano. A sua For\u00e7a A\u00e9rea tem bombardeado a Som\u00e1lia, e o Pent\u00e1gono decidiu manter um grande ex\u00e9rcito permanente em \u00c1frica, o chamado AFRICOM. Falta apenas decidir qual ser\u00e1 o pa\u00eds sede.<\/p>\n<p>No M\u00e9dio Oriente e na \u00c1sia Central o imperialismo estadounidense enfrenta desafios insepar\u00e1veis do seu projecto de controlar as imensas reservas de petr\u00f3leo e g\u00e1s da Regi\u00e3o.<\/p>\n<p>Envolveu-se em duas guerras de agress\u00e3o contra os povos do Iraque e do Afeganist\u00e3o, reafirma o seu apoio incondicional ao Estado neofascista de Israel e amea\u00e7a recorrer a armas nucleares t\u00e1cticas para destruir o Ir\u00e3o.<\/p>\n<p>Uma propaganda perversa, massacrante, apresenta essa escalada militar como exig\u00eancia da luta mundial contra o terrorismo, assumida pelos EUA alegadamente em defesa de valores eternos da humanidade.<\/p>\n<p>Na realidade os Estados Unidos, com a cumplicidade activa da Uni\u00e3o Europeia, est\u00e3o a disseminar o terrorismo e a barb\u00e1rie pelo planeta.<\/p>\n<p>O professor Petras n\u00e3o exagera. No Iraque e no Afeganist\u00e3o foram cometidos crimes monstruosos, que trazem \u00e0 mem\u00f3ria os das SS nazis do III Reich alem\u00e3o. Nessa orgia de barb\u00e1rie vale tudo desde chacinas colectivas, corte de l\u00ednguas a prisioneiros, torturas e viola\u00e7\u00f5es sexuais ate \u00e0 destrui\u00e7\u00e3o de aldeias inteiras pelas bombas dos drones, os avi\u00f5es sem piloto. Mas apesar de nelas terem sido investidos mais de um milh\u00e3o de milh\u00f5es de d\u00f3lares, essas guerras abjectas s\u00e3o guerras perdidas.<\/p>\n<p>Obama, que fez do Afeganist\u00e3o a primeira prioridade da sua politica externa, mant\u00e9m nesse pa\u00eds um enorme ex\u00e9rcito, com efectivos que dobram as for\u00e7as de ocupa\u00e7\u00e3o da NATO, e n\u00e3o hesitou em estender a agress\u00e3o \u00e0s zonas tribais do Paquist\u00e3o, alvo agora de bombardeamentos de rotina quase di\u00e1rios.<\/p>\n<p>Outra situa\u00e7\u00e3o muito inc\u00f3moda para Washington. O Afeganist\u00e3o \u00e9 presentemente o maior produtor mundial de hero\u00edna. Antes da invas\u00e3o, a cultura da papoila do \u00f3pio era ali quase residual.<\/p>\n<p>Uma nova agress\u00e3o se esbo\u00e7a no horizonte. A Casa Branca ao amea\u00e7ar o Ir\u00e3o \u2013 segundas reservas de hidrocarbonetos da regi\u00e3o \u2013 repete noutro contexto um folhetim semelhante ao das \u00abarmas de destrui\u00e7\u00e3o massiva\u00bb, pretexto para a invas\u00e3o e destrui\u00e7\u00e3o do Iraque.<\/p>\n<p>Como o governo de Ahmanidejah n\u00e3o se submete, Washington aplicou j\u00e1 v\u00e1rios pacotes de san\u00e7\u00f5es ao Ir\u00e3o \u2013 com o \u00e1men do Conselho de Seguran\u00e7a da ONU \u2013 e incentiva o aliado fascista israelense a multiplicar as provoca\u00e7\u00f5es a Teer\u00e3o.<\/p>\n<p>A irracionalidade dessa estrat\u00e9gia justifica os temores de intelectuais como Chossudovsky para quem um ataque ao Ir\u00e3o poderia ser o pr\u00f3logo da III Guerra Mundial.<\/p>\n<p>N\u00e3o se pode esquecer que a maior parte do petr\u00f3leo importado pelos EUA e pela Europa passa pelo Estreito de Ormuz, que seria imediatamente fechado \u00e0 navega\u00e7\u00e3o se o Ir\u00e3o fosse bombardeado.<\/p>\n<p>Sejamos realistas: a irresponsabilidade da pol\u00edtica do presidente Obama est\u00e1 a empurrar a humanidade para uma situa\u00e7\u00e3o de beira de abismo.<\/p>\n<p>Como reagir? Parece-me \u00f3bvio que, independentemente da opini\u00e3o que se tenha do regime do Ayatolah Kameney, a solidarideadde com o povo do Ir\u00e3o, herdeiro de grandes civiliza\u00e7\u00f5es, se torna hoje insepar\u00e1vel da defesa da vida humana contra a barb\u00e1rie.<\/p>\n<p>O desastre das guerras asi\u00e1ticas da actual Administra\u00e7\u00e3o dos EUA-continuadora da escalada de Bush \u2013 \u00e9 t\u00e3o evidente que come\u00e7ou a afectar a coluna vertebral da disciplina nas For\u00e7as Armadas.<\/p>\n<p>O ex-comandante chefe no Afeganist\u00e3o, general Stanley McChrystal, foi demitido por ter criticado duramente numa entrevista a estrat\u00e9gia do Presidente para a Regi\u00e3o. Mas o mal-estar prosseguiu. O general David Petraeus, seu sucessor, n\u00e3o esconde tamb\u00e9m cr\u00edticas \u00e0 pol\u00edtica militar de Obama. Nelas \u00e9 acompanhado por oficiais do seu estado-maior. E que aconteceu? Nada. O presidente n\u00e3o reagiu. Esse sil\u00eancio foi interpretado por influentes media como ind\u00edcio de que Obama perdeu o controle da pol\u00edtica asi\u00e1tica que estaria cada vez mais a ser assumido pelo Pent\u00e1gono.<\/p>\n<p>Alias, nestas v\u00e9speras das elei\u00e7\u00f5es norte-americanas a crescente popularidade de movimentos de extrema-direita como o Tea Party de Sarah Palin, suscita algum alarme entre os dirigentes do Partido Democrata e mesmo em meios republicanos.<\/p>\n<p>A complexidade e gravidade da crise financeira, econ\u00f3mica e social que atinge os EUA tende a favorecer a ascens\u00e3o de um populismo profundamente reaccion\u00e1rio que desfralda bandeiras ostensivamente contra-revolucion\u00e1rias.<\/p>\n<p>Projectos fascistas no horizonte dos EUA? O filipino Walden Bello coloca a pergunta \u00abFascismo nos EUA?\u00bb e responde : \u00abN\u00e3o \u00e9 t\u00e3o implaus\u00edvel como possa pensar-se\u00bb.<\/p>\n<p>N\u00e3o sou t\u00e3o pessimista. Mas o Capitalismo n\u00e3o tem solu\u00e7\u00f5es v\u00e1lidas para a sua crise estrutural e por isso mesmo os EUA, baluarte do sistema, procuram com desespero encontr\u00e1-las em guerras genoc\u00eddas e de saque.<\/p>\n<p>N\u00e3o sendo humaniz\u00e1vel, o sistema tem de ser erradicado da Terra.<\/p>\n<p>A sua agonia ser\u00e1 lenta e o fim n\u00e3o tem data. A luta dos povos vai ser decisiva para a sua destrui\u00e7\u00e3o. \u00c9 minha convic\u00e7\u00e3o inabal\u00e1vel de que o socialismo \u00e9 a \u00fanica alternativa \u00e0 barb\u00e1rie capitalista. N\u00e3o estarei vivo ent\u00e3o. Mas como revolucion\u00e1rio aprendi na luta que as ideias pelas quais vivi e me bati \u2013 essas sobrevivem \u00e0s breves exist\u00eancias individuais.<\/p>\n<p><em>Serpa, 30 de Outubro de 2010<\/em><\/p>\n<p>Fonte: http:\/\/www.odiario.info\/?p=1789<\/p>\n","protected":false},"excerpt":{"rendered":"\n\n\nCr\u00e9dito: ODiario.info\n\n\n\n\n\n\n\n\nIII Encontro Civiliza\u00e7\u00e3o ou Barb\u00e1rie\n<a class=\"moretag\" href=\"https:\/\/pcb.org.br\/portal2\/949\"> <\/a>","protected":false},"author":1,"featured_media":0,"comment_status":"closed","ping_status":"closed","sticky":false,"template":"","format":"standard","meta":{"jetpack_post_was_ever_published":false,"_jetpack_newsletter_access":"","_jetpack_dont_email_post_to_subs":false,"_jetpack_newsletter_tier_id":0,"_jetpack_memberships_contains_paywalled_content":false,"_jetpack_memberships_contains_paid_content":false,"footnotes":"","jetpack_publicize_message":"","jetpack_publicize_feature_enabled":true,"jetpack_social_post_already_shared":false,"jetpack_social_options":{"image_generator_settings":{"template":"highway","default_image_id":0,"font":"","enabled":false},"version":2}},"categories":[89],"tags":[],"class_list":["post-949","post","type-post","status-publish","format-standard","hentry","category-c102-civilizacao-ou-barbarie"],"jetpack_publicize_connections":[],"jetpack_featured_media_url":"","jetpack_shortlink":"https:\/\/wp.me\/p659gw-fj","jetpack-related-posts":[],"jetpack_likes_enabled":true,"jetpack_sharing_enabled":true,"_links":{"self":[{"href":"https:\/\/pcb.org.br\/portal2\/wp-json\/wp\/v2\/posts\/949","targetHints":{"allow":["GET"]}}],"collection":[{"href":"https:\/\/pcb.org.br\/portal2\/wp-json\/wp\/v2\/posts"}],"about":[{"href":"https:\/\/pcb.org.br\/portal2\/wp-json\/wp\/v2\/types\/post"}],"author":[{"embeddable":true,"href":"https:\/\/pcb.org.br\/portal2\/wp-json\/wp\/v2\/users\/1"}],"replies":[{"embeddable":true,"href":"https:\/\/pcb.org.br\/portal2\/wp-json\/wp\/v2\/comments?post=949"}],"version-history":[{"count":0,"href":"https:\/\/pcb.org.br\/portal2\/wp-json\/wp\/v2\/posts\/949\/revisions"}],"wp:attachment":[{"href":"https:\/\/pcb.org.br\/portal2\/wp-json\/wp\/v2\/media?parent=949"}],"wp:term":[{"taxonomy":"category","embeddable":true,"href":"https:\/\/pcb.org.br\/portal2\/wp-json\/wp\/v2\/categories?post=949"},{"taxonomy":"post_tag","embeddable":true,"href":"https:\/\/pcb.org.br\/portal2\/wp-json\/wp\/v2\/tags?post=949"}],"curies":[{"name":"wp","href":"https:\/\/api.w.org\/{rel}","templated":true}]}}