{"id":950,"date":"2010-11-03T20:26:12","date_gmt":"2010-11-03T20:26:12","guid":{"rendered":"http:\/\/pcb.org.br\/portal2\/?p=950"},"modified":"2010-11-03T20:26:12","modified_gmt":"2010-11-03T20:26:12","slug":"nota-unidade-classista-de-solidariedade-servidores-justica-rj","status":"publish","type":"post","link":"https:\/\/pcb.org.br\/portal2\/950","title":{"rendered":"Nota Unidade Classista de Solidariedade Servidores Justi\u00e7a RJ"},"content":{"rendered":"\n<p>A Unidade Classista\/PCB, que participa da organiza\u00e7\u00e3o da Intersindical, vem de p\u00fablico se solidarizar com os Servidores da Justi\u00e7a do Estado do Rio de Janeiro e com os Coordenadores do Sind-Justi\u00e7a, diante da trucul\u00eancia do Presidente do Tribunal de Justi\u00e7a, que age contra o leg\u00edtimo direito de greve e da livre organiza\u00e7\u00e3o e reivindica\u00e7\u00e3o dos servidores do Poder Judici\u00e1rio.<\/p>\n<p>Da mesma forma, o Governo Estadual de S\u00e9rgio Cabral (PMDB, PT e PCdoB), que tem tratado os servi\u00e7os p\u00fablicos e os Servidores do Estado com pancada, sacando armas, terceirizando e privatizando suas atividades, deixa clara sua pol\u00edtica de criminaliza\u00e7\u00e3o dos movimentos sociais e de desrespeito, inclusive, do processo judicial transitado em julgado que d\u00e1, aos Servidores da Justi\u00e7a, o direito ao reajuste de 24%.<\/p>\n<p>Em repres\u00e1lia \u00e0 mobiliza\u00e7\u00e3o dos Trabalhadores do Tribunal de Justi\u00e7a, a \u201cCasa da Justi\u00e7a\u201d, que deveria ser a primeira defensora dos direitos assegurados na Constitui\u00e7\u00e3o Federal, mostra sua real face: desrespeita o direito constitucional de greve, corta o ponto de servidores legitimamente em greve e cassa licen\u00e7as sindicais, chegando a promover remo\u00e7\u00f5es arbitr\u00e1rias, revogadas com a unidade e a determina\u00e7\u00e3o do conjunto da categoria em greve.<\/p>\n<p>Diante da ofensiva de um Estado que se coloca nitidamente ao lado da burguesia, que criminaliza os movimentos sociais, sindicais e populares, s\u00f3 resta aos trabalhadores a luta, a organiza\u00e7\u00e3o e a mobiliza\u00e7\u00e3o. Mais do que nunca, s\u00e3o necess\u00e1rias unidade e combatividade dos trabalhadores numa conjuntura internacional de acirramento da luta de classes, a exemplo dos trabalhadores da Europa que, em mobiliza\u00e7\u00e3o permanente, colocam-se em combate em defesa de seus direitos.<\/p>\n<p>Lutar N\u00e3o \u00e9 Crime!<\/p>\n<p>\u2013 Decis\u00e3o judicial \u00e9 para ser cumprida!<\/p>\n<p>\u2013 Pelo imediato pagamento dos 24%, para todos os Servidores da Justi\u00e7a!<\/p>\n<p>\u2013 Pelo leg\u00edtimo direito de greve dos trabalhadores!<\/p>\n<p>\u2013 Toda Solidariedade aos Servidores da Justi\u00e7a e ao conjunto da classe trabalhadora!<\/p>\n<p>\u2013 Nenhum direito a menos!<\/p>\n<p>\u2013 Avan\u00e7ar nas conquistas!<\/p>\n<p>Rio de Janeiro, 29 de outubro de 2010<\/p>\n<p>Unidade Classista\/PCB, fortalecendo a Intersindical<\/p>\n<p>unidadeclassistarj@gmail.com \u2013 (21) 2509-2056<\/p>\n<p align=\"justify\">\n","protected":false},"excerpt":{"rendered":"\n\n\nCr\u00e9dito: Unidade CLassista &#8211; UC\n\n\n\n\n\n\n\n\nNota de Solidariedade aos Servidores da Justi\u00e7a do Estado do Rio de Janeiro, em greve desde o dia 19 de outubro\n<a class=\"moretag\" href=\"https:\/\/pcb.org.br\/portal2\/950\"> <\/a>","protected":false},"author":1,"featured_media":0,"comment_status":"open","ping_status":"open","sticky":false,"template":"","format":"standard","meta":{"jetpack_post_was_ever_published":false,"_jetpack_newsletter_access":"","_jetpack_dont_email_post_to_subs":false,"_jetpack_newsletter_tier_id":0,"_jetpack_memberships_contains_paywalled_content":false,"_jetpack_memberships_contains_paid_content":false,"footnotes":"","jetpack_publicize_message":"","jetpack_publicize_feature_enabled":true,"jetpack_social_post_already_shared":false,"jetpack_social_options":{"image_generator_settings":{"template":"highway","default_image_id":0,"font":"","enabled":false},"version":2}},"categories":[31],"tags":[],"class_list":["post-950","post","type-post","status-publish","format-standard","hentry","category-c31-unidade-classista"],"jetpack_publicize_connections":[],"jetpack_featured_media_url":"","jetpack_shortlink":"https:\/\/wp.me\/p659gw-fk","jetpack-related-posts":[],"jetpack_likes_enabled":true,"jetpack_sharing_enabled":true,"_links":{"self":[{"href":"https:\/\/pcb.org.br\/portal2\/wp-json\/wp\/v2\/posts\/950","targetHints":{"allow":["GET"]}}],"collection":[{"href":"https:\/\/pcb.org.br\/portal2\/wp-json\/wp\/v2\/posts"}],"about":[{"href":"https:\/\/pcb.org.br\/portal2\/wp-json\/wp\/v2\/types\/post"}],"author":[{"embeddable":true,"href":"https:\/\/pcb.org.br\/portal2\/wp-json\/wp\/v2\/users\/1"}],"replies":[{"embeddable":true,"href":"https:\/\/pcb.org.br\/portal2\/wp-json\/wp\/v2\/comments?post=950"}],"version-history":[{"count":0,"href":"https:\/\/pcb.org.br\/portal2\/wp-json\/wp\/v2\/posts\/950\/revisions"}],"wp:attachment":[{"href":"https:\/\/pcb.org.br\/portal2\/wp-json\/wp\/v2\/media?parent=950"}],"wp:term":[{"taxonomy":"category","embeddable":true,"href":"https:\/\/pcb.org.br\/portal2\/wp-json\/wp\/v2\/categories?post=950"},{"taxonomy":"post_tag","embeddable":true,"href":"https:\/\/pcb.org.br\/portal2\/wp-json\/wp\/v2\/tags?post=950"}],"curies":[{"name":"wp","href":"https:\/\/api.w.org\/{rel}","templated":true}]}}