{"id":9506,"date":"2015-10-07T19:45:14","date_gmt":"2015-10-07T22:45:14","guid":{"rendered":"http:\/\/pcb.org.br\/portal2\/?p=9506"},"modified":"2015-10-22T22:26:17","modified_gmt":"2015-10-23T01:26:17","slug":"nota-conjunta-de-apoio-a-ocupacao-da-reitoria-da-ufpe","status":"publish","type":"post","link":"https:\/\/pcb.org.br\/portal2\/9506","title":{"rendered":"NOTA CONJUNTA DE APOIO \u00c0 OCUPA\u00c7\u00c3O DA REITORIA DA UFPE"},"content":{"rendered":"<p><img data-recalc-dims=\"1\" decoding=\"async\" class=\"imagem\" title=\"imagem\" src=\"https:\/\/i0.wp.com\/2.bp.blogspot.com\/-86Wa5KJ8fzg\/VhQGCG5hr1I\/AAAAAAAABYI\/WovFjBvavcs\/s600\/12036920_992297140832323_950140108908084809_n.jpg?w=747\" alt=\"imagem\" \/>Na manh\u00e3 da sexta-feira, dia 02 de outubro, estudantes, t\u00e9cnicas\/os e docentes da UFPE sa\u00edram em dire\u00e7\u00e3o \u00e0 reitoria para participar do Conselho Universit\u00e1rio, que tinha como pauta a homologa\u00e7\u00e3o do Novo Estatuto da UFPE, e foram recepcionadas\/os pelos seguran\u00e7as da Universidade com bastante viol\u00eancia. A comunidade acad\u00eamica, interessada em construir o espa\u00e7o com mais representatividade e transpar\u00eancia, foi impedida de acompanhar a reuni\u00e3o.<!--more--><\/p>\n<p>Desde ent\u00e3o, a reitoria da Universidade Federal de Pernambuco encontra-se ocupada pela comunidade acad\u00eamica, que cobram do reitor An\u00edsio Brasileiro a homologa\u00e7\u00e3o do Novo Estatuto da UFPE, constru\u00eddo coletivamente durante o \u00faltimo Congresso Estatuinte. O Novo Estatuto, dentre outros avan\u00e7os, prev\u00ea paridade entre os tr\u00eas seguimentos que comp\u00f5em o corpo universit\u00e1rio (estudantes, t\u00e9cnicas\/os administrativas\/os e docentes) dentro dos espa\u00e7os de delibera\u00e7\u00e3o na Universidade, tornando a UFPE um espa\u00e7o mais democr\u00e1tico e popular.<\/p>\n<p>A reitoria, ignorando todas as delibera\u00e7\u00f5es tiradas no Congresso Estatuinte, afirma que seu objetivo agora \u00e9 criar comiss\u00f5es para rediscutir cada item do estatuto, por haver supostas institucionalidades no mesmo. Mais uma vez, fica evidente a postura autorit\u00e1ria dos setores dominantes dentro da Universidade e o descompromisso do reitor com a democracia. Desde o primeiro dia, setores ligados ao gabinete do reitor v\u00eam tentando \u201cdialogar\u201d com as\/os estudantes, por\u00e9m tudo isso n\u00e3o passa de tentativas de imposi\u00e7\u00e3o do modelo antidemocr\u00e1tico da atual gest\u00e3o!<\/p>\n<p>Apesar de toda coer\u00e7\u00e3o praticada pela seguran\u00e7a universit\u00e1ria, sob o comando do reitor, que vai desde agress\u00f5es f\u00edsicas e psicol\u00f3gicas a estudantes at\u00e9 cortes no fornecimento de energia e \u00e1gua ao pr\u00e9dio da reitoria, a ocupa\u00e7\u00e3o encontra-se mais forte do que nunca.<\/p>\n<p>Convidamos a todas e todos a ocuparem a reitoria! Esse espa\u00e7o \u00e9 de todo n\u00f3s!<\/p>\n<p>Lutar, criar, Universidade Popular!<\/p>\n<p>Uni\u00e3o da Juventude Comunista (UJC)<\/p>\n<p>Partido Comunista Brasileiro (PCB)<\/p>\n<p>Unidade Classista (UC)<\/p>\n<p>Coletivo Ana Montenegro<\/p>\n<p>Jornal O Poder Popular<\/p>\n<p><a href=\"http:\/\/uniaodajuventudecomunistape.blogspot.com.br\/2015\/10\/nota-conjunta-de-apoio-ocupacao-da.html\">http:\/\/uniaodajuventudecomunistape.blogspot.com.br\/2015\/10\/nota-conjunta-de-apoio-ocupacao-da.html<\/a><\/p>\n","protected":false},"excerpt":{"rendered":"Na manh\u00e3 da sexta-feira, dia 02 de outubro, estudantes, t\u00e9cnicas\/os e docentes da UFPE sa\u00edram em dire\u00e7\u00e3o \u00e0 reitoria para participar do Conselho \n<a class=\"moretag\" href=\"https:\/\/pcb.org.br\/portal2\/9506\"> <\/a>","protected":false},"author":1,"featured_media":0,"comment_status":"closed","ping_status":"closed","sticky":false,"template":"","format":"standard","meta":{"jetpack_post_was_ever_published":false,"_jetpack_newsletter_access":"","_jetpack_dont_email_post_to_subs":false,"_jetpack_newsletter_tier_id":0,"_jetpack_memberships_contains_paywalled_content":false,"_jetpack_memberships_contains_paid_content":false,"footnotes":"","jetpack_publicize_message":"","jetpack_publicize_feature_enabled":true,"jetpack_social_post_already_shared":true,"jetpack_social_options":{"image_generator_settings":{"template":"highway","default_image_id":0,"font":"","enabled":false},"version":2}},"categories":[27],"tags":[],"class_list":["post-9506","post","type-post","status-publish","format-standard","hentry","category-c27-ujc"],"jetpack_publicize_connections":[],"jetpack_featured_media_url":"","jetpack_shortlink":"https:\/\/wp.me\/p659gw-2tk","jetpack-related-posts":[],"jetpack_likes_enabled":true,"jetpack_sharing_enabled":true,"_links":{"self":[{"href":"https:\/\/pcb.org.br\/portal2\/wp-json\/wp\/v2\/posts\/9506","targetHints":{"allow":["GET"]}}],"collection":[{"href":"https:\/\/pcb.org.br\/portal2\/wp-json\/wp\/v2\/posts"}],"about":[{"href":"https:\/\/pcb.org.br\/portal2\/wp-json\/wp\/v2\/types\/post"}],"author":[{"embeddable":true,"href":"https:\/\/pcb.org.br\/portal2\/wp-json\/wp\/v2\/users\/1"}],"replies":[{"embeddable":true,"href":"https:\/\/pcb.org.br\/portal2\/wp-json\/wp\/v2\/comments?post=9506"}],"version-history":[{"count":0,"href":"https:\/\/pcb.org.br\/portal2\/wp-json\/wp\/v2\/posts\/9506\/revisions"}],"wp:attachment":[{"href":"https:\/\/pcb.org.br\/portal2\/wp-json\/wp\/v2\/media?parent=9506"}],"wp:term":[{"taxonomy":"category","embeddable":true,"href":"https:\/\/pcb.org.br\/portal2\/wp-json\/wp\/v2\/categories?post=9506"},{"taxonomy":"post_tag","embeddable":true,"href":"https:\/\/pcb.org.br\/portal2\/wp-json\/wp\/v2\/tags?post=9506"}],"curies":[{"name":"wp","href":"https:\/\/api.w.org\/{rel}","templated":true}]}}