{"id":9510,"date":"2015-10-07T20:00:06","date_gmt":"2015-10-07T23:00:06","guid":{"rendered":"http:\/\/pcb.org.br\/portal2\/?p=9510"},"modified":"2015-10-22T22:26:29","modified_gmt":"2015-10-23T01:26:29","slug":"o-pcpe-o-kke-e-o-pc-italiano-debateram-o-oportunismo-em-pisa","status":"publish","type":"post","link":"https:\/\/pcb.org.br\/portal2\/9510","title":{"rendered":"O PCPE, o KKE e o PC Italiano debateram o oportunismo, em Pisa"},"content":{"rendered":"<p><img data-recalc-dims=\"1\" decoding=\"async\" class=\"imagem100\" title=\"imagem\" src=\"https:\/\/i0.wp.com\/unidadylucha.es\/images\/headers\/cabecero100x940.png?w=747\" alt=\"imagem\" \/>A.G. Em 22 de agosto, realizou-se um debate na cidade italiana de Pisa, organizado pelo Partido Comunista Italiano, sobre o car\u00e1ter e o papel de for\u00e7as como o PODEMOS, o SYRIZA e o Movimento 5 Estrelas.<!--more--><\/p>\n<p>No debate, realizado no \u00e2mbito da I Festa Comunista regional, participaram os camaradas Petros Skipoulos, do Partido Comunista da Gr\u00e9cia (KKE), Marco Rizzo, Secret\u00e1rio-geral do Partido Comunista Italiano (PCI) e \u00c1stor Garcia, respons\u00e1vel pela \u00c1rea Internacional da Partido Comunista dos Povos de Espanha (PCPE), que abordaram, a partir da experi\u00eancia de cada pa\u00eds, as principais vertentes que permitem entender o r\u00e1pido crescimento das diversas organiza\u00e7\u00f5es oportunistas.<\/p>\n<p>Nas palavras de Marco Rizzo, que iniciou as interven\u00e7\u00f5es, o principal elemento a considerar nestes tr\u00eas pa\u00edses \u00e9 o de que, na sequ\u00eancia do desenvolvimento da crise capitalista, o capitalismo passou de \u201corganizar o consenso\u201d para \u201corientar a dissid\u00eancia\u201d, incentivando o surgimento e desenvolvimento de for\u00e7as pol\u00edticas, como o partido da Beppe Grillo, que tentam canalizar o descontentamento popular, resultante das consequ\u00eancias da gest\u00e3o burguesa da crise, para posi\u00e7\u00f5es legitimadoras do capitalismo, tentando assim impedir qualquer avan\u00e7o na consci\u00eancia revolucion\u00e1ria das massas.<\/p>\n<p>Petros Skipoulos fez a sua interven\u00e7\u00e3o para caracterizar o papel do SYRIZA durante os meses transcorridos desde as elei\u00e7\u00f5es de janeiro deste ano. Apresentou um conjunto de dados interessantes sobre os v\u00ednculos do partido de Alexis Tsipras com setores da oligarquia grega e de figuras como Gianis Varoufakis, considerado um dos representantes dos interesses norte-americanos na Gr\u00e9cia. Skipoulos explicou os detalhes da posi\u00e7\u00e3o do KKE no referendo de 5 de julho e denunciou o papel das organiza\u00e7\u00f5es oportunistas, que atacaram o Partido Comunista da Gr\u00e9cia e defenderam e defendem Tsipras. Falou tamb\u00e9m sobre o papel do novo partido, Unidade Popular, formado por ex-membros do SYRIZA, que tem como objetivo tentar canalizar, nas pr\u00f3ximas elei\u00e7\u00f5es, o voto de setores da popula\u00e7\u00e3o grega que se op\u00f5em ao novo memorando, mas sem oferecer qualquer alternativa de classe, tentando assim dificultar o crescimento da influ\u00eancia do KKE entre amplos setores oper\u00e1rios e populares.<\/p>\n<p>Finalmente, o representante do PCPE explicou o r\u00e1pido crescimento do PODEMOS como parte de uma estrat\u00e9gia do bloco dominante olig\u00e1rquico-burgu\u00eas para articular a mudan\u00e7a pol\u00edtica numa altura em que a crise econ\u00f3mica derivou em crise pol\u00edtica e coloca em risco a estabilidade institucional em Espanha. Caracterizou o PODEMOS como \u201ca nova social-democracia que pretende assumir o papel do PSOE, sem p\u00f4r em quest\u00e3o a presen\u00e7a espanhola na UE, na NATO ou no euro\u201d.<\/p>\n<p>Os tr\u00eas oradores coincidiram em que, perante o crescimento deste tipo de organiza\u00e7\u00f5es oportunistas, \u00e9 necess\u00e1rio o fortalecimento dos Partidos Comunistas, a defesa da independ\u00eancia pol\u00edtica e ideol\u00f3gica da classe oper\u00e1ria e um enfoque claro na luta pol\u00edtica para o poder oper\u00e1rio e popular, contra os monop\u00f3lios e o sistema em que se baseiam.<\/p>\n<p>Este evento serviu para refor\u00e7ar os la\u00e7os fraternais entre os tr\u00eas partidos e para abrir novas perspetivas na coopera\u00e7\u00e3o bilateral e multilateral.<\/p>\n<p>Publicado em 2015\/09\/30, em: http:\/\/www.unidadylucha.es\/index.php\/internacional\/1580-pcpe-kke-y-pc-italiano-debaten-en-pisa-sobre-el-oportunismo<\/p>\n<p>Tradu\u00e7\u00e3o do castelhano de PAT<\/p>\n","protected":false},"excerpt":{"rendered":"A.G. Em 22 de agosto, realizou-se um debate na cidade italiana de Pisa, organizado pelo Partido Comunista Italiano, sobre o car\u00e1ter e o \n<a class=\"moretag\" href=\"https:\/\/pcb.org.br\/portal2\/9510\"> <\/a>","protected":false},"author":1,"featured_media":0,"comment_status":"closed","ping_status":"closed","sticky":false,"template":"","format":"standard","meta":{"jetpack_post_was_ever_published":false,"_jetpack_newsletter_access":"","_jetpack_dont_email_post_to_subs":false,"_jetpack_newsletter_tier_id":0,"_jetpack_memberships_contains_paywalled_content":false,"_jetpack_memberships_contains_paid_content":false,"footnotes":"","jetpack_publicize_message":"","jetpack_publicize_feature_enabled":true,"jetpack_social_post_already_shared":true,"jetpack_social_options":{"image_generator_settings":{"template":"highway","default_image_id":0,"font":"","enabled":false},"version":2}},"categories":[9],"tags":[],"class_list":["post-9510","post","type-post","status-publish","format-standard","hentry","category-s10-internacional"],"jetpack_publicize_connections":[],"jetpack_featured_media_url":"","jetpack_shortlink":"https:\/\/wp.me\/p659gw-2to","jetpack-related-posts":[],"jetpack_likes_enabled":true,"jetpack_sharing_enabled":true,"_links":{"self":[{"href":"https:\/\/pcb.org.br\/portal2\/wp-json\/wp\/v2\/posts\/9510","targetHints":{"allow":["GET"]}}],"collection":[{"href":"https:\/\/pcb.org.br\/portal2\/wp-json\/wp\/v2\/posts"}],"about":[{"href":"https:\/\/pcb.org.br\/portal2\/wp-json\/wp\/v2\/types\/post"}],"author":[{"embeddable":true,"href":"https:\/\/pcb.org.br\/portal2\/wp-json\/wp\/v2\/users\/1"}],"replies":[{"embeddable":true,"href":"https:\/\/pcb.org.br\/portal2\/wp-json\/wp\/v2\/comments?post=9510"}],"version-history":[{"count":0,"href":"https:\/\/pcb.org.br\/portal2\/wp-json\/wp\/v2\/posts\/9510\/revisions"}],"wp:attachment":[{"href":"https:\/\/pcb.org.br\/portal2\/wp-json\/wp\/v2\/media?parent=9510"}],"wp:term":[{"taxonomy":"category","embeddable":true,"href":"https:\/\/pcb.org.br\/portal2\/wp-json\/wp\/v2\/categories?post=9510"},{"taxonomy":"post_tag","embeddable":true,"href":"https:\/\/pcb.org.br\/portal2\/wp-json\/wp\/v2\/tags?post=9510"}],"curies":[{"name":"wp","href":"https:\/\/api.w.org\/{rel}","templated":true}]}}