{"id":9512,"date":"2015-10-07T20:03:52","date_gmt":"2015-10-07T23:03:52","guid":{"rendered":"http:\/\/pcb.org.br\/portal2\/?p=9512"},"modified":"2015-10-22T22:26:41","modified_gmt":"2015-10-23T01:26:41","slug":"terroristas-do-ei-explodem-arco-monumental-de-palmira","status":"publish","type":"post","link":"https:\/\/pcb.org.br\/portal2\/9512","title":{"rendered":"Terroristas do EI explodem Arco Monumental de Palmira"},"content":{"rendered":"<p><img data-recalc-dims=\"1\" decoding=\"async\" class=\"imagem\" title=\"imagem\" src=\"https:\/\/i0.wp.com\/www.prensalatina.com.br\/images\/stories\/Fotos\/2015\/octubre\/05\/palmira-arco-de-triunfo.jpg?w=747\" alt=\"imagem\" \/><strong>Damasco, (Prensa Latina)<\/strong>Grupos terroristas do grupo Estado Isl\u00e2mico (EI) destru\u00edram o famoso Arco Monumental na cidade s\u00edria de Palmira, uma joia arquitet\u00f4nica do s\u00e9culo III, confirmou nesta segunda (05) o Diretor Geral de Antiguidades e Museus, Maamoun Abdulkarim.<!--more--><\/p>\n<p>O arco era uma das obras mais valiosas entre os tesouros desta hist\u00f3rica cidade localizada a 223 quil\u00f4metros ao nordeste desta capital, e declarada Patrim\u00f4nio da Humanidade em 1980 pela Unesco.<\/p>\n<p>O Arco Monumental permitia a passagem \u00e0 grande avenida das Columnatas, uma das joias que guarda Palmira.<\/p>\n<p>&#8220;Parece que uma maldi\u00e7\u00e3o caiu sobre esta cidade e espero apenas not\u00edcias que v\u00e3o preocupar ainda mais. Se Palmira mant\u00e9m-se em suas m\u00e3os, a cidade est\u00e1 condenada&#8221;, sublinhou Abdulkarim.<\/p>\n<p>No \u00faltimo 6 de setembro soube-se que os extremistas do grupo EI, cavaram t\u00faneis sob o hist\u00f3rico Arco Monumental, e colocaram cargas explosivas, em uma nova tentativa em continuar destruindo o patrim\u00f4nio cultural universal desta zona.<\/p>\n<p>Dois dias antes, no dia 4, os grupos takfiristas que mant\u00eam ocupada a cidade de Palmira desde maio deste ano, destru\u00edram tr\u00eas importantes torres funer\u00e1rias de alto valor arqueol\u00f3gico.<\/p>\n<p>As torres destru\u00eddas correspondem \u00e0s c\u00e9lebres tumbas de Elahbel, Jamblique e Khitot, obras que &#8220;simbolizavam o desenvolvimento econ\u00f4mico da cidade nos primeiros s\u00e9culos de nossa era&#8221;.<\/p>\n<p>No dia 30 de agosto, os extremistas armados dinamitaram e destru\u00edram as ru\u00ednas do templo Bel, um monumento milenar, com 1.983 anos de hist\u00f3ria.<\/p>\n<p>O templo de Bel era uma antiga constru\u00e7\u00e3o de pedra em ru\u00ednas, constru\u00eddo no ano 32 do s\u00e9culo I, estava consagrado ao deus semita Bel.<\/p>\n<p>Tamb\u00e9m foi destru\u00eddo, no dia 24 de agosto o templo de Baalshamin, outra joia arquitet\u00f4nica de quase dois mil anos, ap\u00f3s dinamitarem-na com uma grande quantidade explosivos.<\/p>\n<p>Este santu\u00e1rio, um dos s\u00edtios arqueol\u00f3gicos mais importantes do mundo, foi constru\u00eddo no ano 17, do s\u00e9culo I, e sobreviveu a numerosos invasores e ocupantes.<\/p>\n<p>Outros monumentos destro\u00e7ados pelo EI foram o mausol\u00e9u dedicado a Mohammad Ben Ali, um descendente da fam\u00edlia do profeta Ali Ben Abi Taleb, demolido por uma explos\u00e3o, e a est\u00e1tua da deusa Al lat, uma das pe\u00e7as arqueol\u00f3gicas mais importantes que se preservavam em Palmira, e que foi destru\u00edda a golpes de martelo.<\/p>\n<p>&#8220;Agora \u00e9 a destrui\u00e7\u00e3o sem sentido -disse Abdulkarim-, seus atos de vingan\u00e7a n\u00e3o s\u00e3o ideol\u00f3gicos, j\u00e1 que agora est\u00e3o explodindo edif\u00edcios com nenhum significado religioso&#8221;, acrescentou.<\/p>\n<p>http:\/\/www.prensalatina.com.br\/index.php?option=com_content&#038;task=view&#038;id=4221501&#038;Itemid=1<\/p>\n","protected":false},"excerpt":{"rendered":"Damasco, (Prensa Latina)Grupos terroristas do grupo Estado Isl\u00e2mico (EI) destru\u00edram o famoso Arco Monumental na cidade s\u00edria de Palmira, uma joia arquitet\u00f4nica do \n<a class=\"moretag\" href=\"https:\/\/pcb.org.br\/portal2\/9512\"> <\/a>","protected":false},"author":1,"featured_media":0,"comment_status":"closed","ping_status":"closed","sticky":false,"template":"","format":"standard","meta":{"jetpack_post_was_ever_published":false,"_jetpack_newsletter_access":"","_jetpack_dont_email_post_to_subs":false,"_jetpack_newsletter_tier_id":0,"_jetpack_memberships_contains_paywalled_content":false,"_jetpack_memberships_contains_paid_content":false,"footnotes":"","jetpack_publicize_message":"","jetpack_publicize_feature_enabled":true,"jetpack_social_post_already_shared":true,"jetpack_social_options":{"image_generator_settings":{"template":"highway","default_image_id":0,"font":"","enabled":false},"version":2}},"categories":[9],"tags":[],"class_list":["post-9512","post","type-post","status-publish","format-standard","hentry","category-s10-internacional"],"jetpack_publicize_connections":[],"jetpack_featured_media_url":"","jetpack_shortlink":"https:\/\/wp.me\/p659gw-2tq","jetpack-related-posts":[],"jetpack_likes_enabled":true,"jetpack_sharing_enabled":true,"_links":{"self":[{"href":"https:\/\/pcb.org.br\/portal2\/wp-json\/wp\/v2\/posts\/9512","targetHints":{"allow":["GET"]}}],"collection":[{"href":"https:\/\/pcb.org.br\/portal2\/wp-json\/wp\/v2\/posts"}],"about":[{"href":"https:\/\/pcb.org.br\/portal2\/wp-json\/wp\/v2\/types\/post"}],"author":[{"embeddable":true,"href":"https:\/\/pcb.org.br\/portal2\/wp-json\/wp\/v2\/users\/1"}],"replies":[{"embeddable":true,"href":"https:\/\/pcb.org.br\/portal2\/wp-json\/wp\/v2\/comments?post=9512"}],"version-history":[{"count":0,"href":"https:\/\/pcb.org.br\/portal2\/wp-json\/wp\/v2\/posts\/9512\/revisions"}],"wp:attachment":[{"href":"https:\/\/pcb.org.br\/portal2\/wp-json\/wp\/v2\/media?parent=9512"}],"wp:term":[{"taxonomy":"category","embeddable":true,"href":"https:\/\/pcb.org.br\/portal2\/wp-json\/wp\/v2\/categories?post=9512"},{"taxonomy":"post_tag","embeddable":true,"href":"https:\/\/pcb.org.br\/portal2\/wp-json\/wp\/v2\/tags?post=9512"}],"curies":[{"name":"wp","href":"https:\/\/api.w.org\/{rel}","templated":true}]}}