{"id":955,"date":"2010-11-04T17:35:09","date_gmt":"2010-11-04T17:35:09","guid":{"rendered":"http:\/\/pcb.org.br\/portal2\/?p=955"},"modified":"2017-11-29T14:07:03","modified_gmt":"2017-11-29T17:07:03","slug":"declaracao-do-iii-encontro-internacional-civilizacao-ou-barbarie","status":"publish","type":"post","link":"https:\/\/pcb.org.br\/portal2\/955","title":{"rendered":"DECLARA\u00c7\u00c3O do III Encontro Internacional Civiliza\u00e7\u00e3o ou Barb\u00e1rie"},"content":{"rendered":"<p><img decoding=\"async\" class=\"imagem\" title=\"imagem\" src=\"https:\/\/i0.wp.com\/www.odiario.info\/b2-img\/CARTAZIIIENCONTRO.jpg\" alt=\"imagem\" \/><!--more-->Reunidos na cidade portuguesa de Serpa, os participantes no III Encontro Internacional Civiliza\u00e7\u00e3o ou Barb\u00e1rie \u2013 Desafios do Mundo Contempor\u00e2neo:<\/p>\n<p>Lan\u00e7am um alerta para o agravamento da crise global do sistema capitalista.<\/p>\n<ul>\n<li>Constatam que pela evolu\u00e7\u00e3o dessa crise \u2013 pol\u00edtica, social, financeira, econ\u00f3mica, militar, energ\u00e9tica, cultural e ambiental &#8211; o capitalismo, na sua escalada de agressividade, se tornou um factor de regress\u00e3o absoluta da civiliza\u00e7\u00e3o, amea\u00e7ando a pr\u00f3pria continuidade da vida na Terra.<\/li>\n<li>Sublinham que os EUA, n\u00facleo do sistema capitalista, optaram por uma estrat\u00e9gia de terrorismo de Estado que assume matizes genoc\u00eddas nas suas guerras asi\u00e1ticas.<\/li>\n<li>Identificam na Uni\u00e3o Europeia um bloco politico-econ\u00f3mico-militar ao servi\u00e7o do capital monopolista, empenhado em impor, atrav\u00e9s do chamado Tratado Constitucional, um refor\u00e7o da integra\u00e7\u00e3o capitalista, aprofundando o seu car\u00e1cter federalista, neoliberal e militarista.<\/li>\n<li>Sa\u00fadam a resist\u00eancia dos povos europeus \u00e0 ofensiva em curso contra os seus direitos e garantias,contra as soberanias nacionais e a democracia, ofensiva que promove o desemprego e a pauperiza\u00e7\u00e3o, favorece o grande capital, e suprime direitos laborais e sociais,sobretudo nos sectores da Sa\u00fade, da Educa\u00e7\u00e3o, da seguran\u00e7a social,destruindo conquistas hist\u00f3ricas dos trabalhadores ,e atingindo com particular viol\u00eancia as mulheres trabalhadoras. As gigantescas manifesta\u00e7\u00f5es de protesto em Fran\u00e7a, em Espanha, Italia, Portugal e sobretudo na Gr\u00e9cia confirmam que a radicaliza\u00e7\u00e3o da luta de massas, como resposta \u00e0 viol\u00eancia do sistema, se amplia a n\u00edvel continental.<\/li>\n<li>Condenam as guerras imperiais que atingem os povos do Iraque e do Afeganist\u00e3o, agredidos e ocupados e os monstruosos crimes ali cometidos pelas for\u00e7as armadas dos EUA e da OTAN, com a aprova\u00e7\u00e3o e cumplicidade do Governo portugu\u00eas; denunciam como farsa os calend\u00e1rios de retirada das tropas invasoras; advertem que aut\u00eanticos ex\u00e9rcitos de mercen\u00e1rios se comportam na Regi\u00e3o como hordas fascistas; e sa\u00fadam a resitencia dos povos iraquiano e afeg\u00e3o em luta pela liberdade e independencencia.<\/li>\n<li>Manifestam a sua solidariedade com o povo m\u00e1rtir da Palestina e o povo do L\u00edbano no seu combate her\u00f3ico contra o sionismo neofascista. Denunciam o Tribunal Especial das Na\u00e7\u00f5es Unidas sobre o L\u00edbano como mero serventu\u00e1rio dos EUA e de Israel. Denunciam a hipocrisia da falsa pol\u00edtica de paz do governo Obama, aliado incondicional do sionismo e do Estado terrorista de Israel.<\/li>\n<li>Advertem contra o perigo de uma agress\u00e3o iminente dos EUA e de Israel ao povo do Ir\u00e3 &#8211; agress\u00e3o que poderia ser o pr\u00f3logo da III Guerra Mundial &#8211; e denunciam a campanha de desinforma\u00e7\u00e3o montada para deformar a imagem daquela na\u00e7\u00e3o que foi ber\u00e7o de grandes civiliza\u00e7\u00f5es.<\/li>\n<li>Alertam para a pol\u00edtica de cerco militar e guerra fria que os EUA conduzem contra a Rep\u00fablica Popular da China.<\/li>\n<\/ul>\n<ul>\n<li>Condenam as interven\u00e7\u00f5es militares directas e indirectas do imperialismo estadounidense na America Latina; denunciam o regresso da IV Frota da US Navy a \u00e1guas sul americanas e a instala\u00e7\u00e3o de 7 novas bases norte-americanas na Col\u00f4mbia e reclamam o encerramento de todas as existentes no Continente, incluindo a de Guantanamo, ocupada ilegalmente em Cuba.<\/li>\n<li>Denunciam a participa\u00e7\u00e3o do governo dos EUA, atrav\u00e9s da CIA e do Pent\u00e1gono, no golpe de estado nas Honduras e na fracassada intentona no Equador e sa\u00fadam as conquistas democr\u00e1ticas e as medidas anti-imperialistas alcan\u00e7adas pelos governos progressistas de Evo Morales na Bol\u00edvia e de Rafael Correa no Equador.<\/li>\n<li>Sa\u00fadam a luta, corajosa e dif\u00edcil, de uma percentagem crescente de cidad\u00e3os norteamericanos contra as engrenagens de um sistema de poder cuja ambi\u00e7\u00e3o e irracionalidade configuram amea\u00e7a \u00e0 humanidade e sublinham que as esperan\u00e7as suscitadas pela elei\u00e7\u00e3o de Barack Obama se desvaneceram \u00e0 medida que se tornou evidente que o novo presidente dava continuidade no fundamental \u00e0 pol\u00edtica externa de George Bush \u2013 agravando-a mesmo ,como sucede no Afeganist\u00e3o e na Am\u00e9rica Latina &#8211; e, no plano interno, actuava como aliado do capital contra os trabalhadores.<\/li>\n<li>Sa\u00fadam calorosamente o povo da Venezuela pelos avan\u00e7os realizados no desenvolvimento da Revolu\u00e7\u00e3o Bolivariana, e pela firmeza perante o imperialismo estadounidense e na defesa do projecto de constru\u00e7\u00e3o de uma sociedade socialista.<\/li>\n<li>Reclamam o fim do bloqueio imposto a Cuba pelos EUA e da \u00abPosi\u00e7\u00e3o Comum da EU\u00bb, ambos instrumentos do imperialismo. Sublinham que a sua revolu\u00e7\u00e3o socialista a her\u00f3ica resist\u00eancia do seu povo a meio s\u00e9culo de guerra n\u00e3o declarada foi factor decisivo para o fortalecimento em todo o continente da resist\u00eancia ao imperialismo norte-americano. Sem essa resist\u00eancia e exemplo, os avan\u00e7os revolucionarios registados na Venezuela n\u00e3o teriam sido possiveis, nem a emerg\u00eancia de governos progressistas noutros pa\u00edses.<\/li>\n<li>Saudam as primeiras manifesta\u00e7\u00f5es da classe oper\u00e1ria e dos trabalhadores da R\u00fassia da contra a explora\u00e7\u00e3o desencadeada pela restaura\u00e7\u00e3o capitalista bem curso no pa\u00eds.<\/li>\n<li>Saudam a campanha internacional \u00abGaza Livre\u00bb pelo levantamento do criminoso bloqueio a Gaza.<\/li>\n<li>Condenam os crimes cometidos pelo governo de Uribe Velez na Col\u00f4mbia nos quais desempenhou importante papel o actual presidente Juan Manuel Santos e lembram que a solidaridade da Uni\u00e3o Europeia com o regime neofascista colombiano dificulta uma solu\u00e7\u00e3o negociada para o conflito existente naquele pais pela qual tem lutado corajosamente o seu povo. Exprimem a sua solidariedade com a senadora Piedad Cordoba e as v\u00edtimas do terrorismo de estado.<\/li>\n<li>Constatam que o crescimento econ\u00f3mico capitalista, baseado no aumento do consumo, mobiliza fluxos colossais de materiais e de energia, causando a degrada\u00e7\u00e3o e a exaust\u00e3o de recursos naturais finitos \u2013 nomeadamente o petr\u00f3leo que neste momento atinge o n\u00edvel m\u00e1ximo de produ\u00e7\u00e3o poss+ivel- amea\u00e7ando os processos de renova\u00e7\u00e3o natural. Ao inv\u00e9s do bem-estar das popula\u00e7\u00f5es, o crescimento econ\u00f3mico capitalista desfigura assim a rela\u00e7\u00e3o harmoniosa do Homem com a Terra que habita e que \u00e9 patrim\u00f3nio comum da humanidade, destruindo o ambiente necess\u00e1rio \u00e0 vida e os recursos indispens\u00e1veis \u00e0 produ\u00e7\u00e3o materiales de bens essenciais.<\/li>\n<li>Alertam para a necessidade imperiosa do combate \u00e0 aliena\u00e7\u00e3o de grande parte da humanidade, envenenada pelo massacre medi\u00e1tico de uma comunica\u00e7\u00e3o social &#8211; controlada pelo imperialismo \u2013 que desinforma e manipula, disseminando a mentira e ocultando a realidade em escala mundial.<\/li>\n<li>Apelam ao refor\u00e7o da defesa da diversidade cultural e da resist\u00eancia cultural e lingu\u00edstica ,contra a hegemoniza\u00e7\u00e3o e a coloniza\u00e7\u00e3o do espa\u00e7o medi\u00e1tico ,comercial ,cultural, cient\u00edfico pela express\u00e3o anglo-sax\u00f3nica ,enquanto \u00abl\u00edngua de trabalho\u00bb do imperialismo.<\/li>\n<li>Proclamam a convic\u00e7\u00e3o de que o marxismo &#8211; e em particular o seu n\u00facleo fundador assente na obra de Marx e Engels &#8211; continua a ocupar um lugar central entre as refer\u00eancias te\u00f3ricas mobilizadas n\u00e3o somente pelos comunistas mas tamb\u00e9m pelos progressistas do mundo. A reapropria\u00e7\u00e3o e o refor\u00e7o do marxismo, da sua metodologia e dos seus conceitos, como pensamento da cr\u00edtica e da transforma\u00e7\u00e3o do mundo, nem dogm\u00e1tico nem domesticado, e a heran\u00e7a do marxismo-leninismo, continuam a ser uma necessidade absoluta da luta ideol\u00f3gica e na justa defini\u00e7\u00e3o da estrat\u00e9gia e da t\u00e1ctica das for\u00e7as que se empenhem no combate anti-capitalista e anti-imperialista. Contra o sistema totalit\u00e1rio de desinforma\u00e7\u00e3o, de aliena\u00e7\u00e3o e de manipula\u00e7\u00e3o das massas, o marxismo \u2013leninismo permanece como a arma intelectual mais preciosa nas m\u00e3os dos trabalhadores e dos povos que resistem. Renunciar a ele equivaleria a desistir da luta pelo socialismo.<\/li>\n<li>Denunciam o car\u00e1cter profundamente reaccion\u00e1rio das campanhas de criminaliza\u00e7\u00e3o do comunismo, recordam as consequ\u00eancias tr\u00e1gicas do desaparecimento da Uni\u00e3o Sovi\u00e9tica e expressam a convic\u00e7\u00e3o de que o socialismo \u00e9 a \u00fanica alternativa ao sistema capitalista que, ao entrar na fase senil, optou por uma estrat\u00e9gia de desespero e exterminista, que amea\u00e7a reconduzir a humanidade \u00e0 barb\u00e1rie.<\/li>\n<li>Registam o significado das comemora\u00e7\u00f5es do I Centen\u00e1rio da Republica Portuguesa, sublinhando a import\u00e2ncia decisiva da participa\u00e7\u00e3o do povo na revolu\u00e7\u00e3o do 5 de Outubro de 1910 e nas suas conquistas pol\u00edticas.<\/li>\n<li>Constatam com alegria e esperan\u00e7a a intensifica\u00e7\u00e3o das lutas dos trabalhadores em escala mundial, bem como a resist\u00eancia \u00e0s guerras de agress\u00e3o, designadamente nos EUA, centro do sistema de domina\u00e7\u00e3o, e sublinham que o refor\u00e7o da solidariedade internacionalista entre os explorados e os exclu\u00eddos de todo o mundo \u00e9 imprescindivel \u00e0 globaliza\u00e7\u00e3o do combate contra o inimigo comum: o capitalismo e o imperialismo.<\/li>\n<\/ul>\n<p>Serpa, 1 de Novembro de 2010<\/p>\n<p>Fonte: http:\/\/www.odiario.info\/?p=1798<\/p>\n<p align=\"justify\">\n","protected":false},"excerpt":{"rendered":"\n\n\nCr\u00e9dito: ODiario.info\n\n\n\n\n\n\n\n\nDECLARA\u00c7\u00c3O do III Encontro Internacional Civiliza\u00e7\u00e3o ou Barb\u00e1rie \u2013 Desafios do Mundo Contempor\u00e2neo:\n<a class=\"moretag\" href=\"https:\/\/pcb.org.br\/portal2\/955\"> <\/a>","protected":false},"author":1,"featured_media":0,"comment_status":"closed","ping_status":"closed","sticky":false,"template":"","format":"standard","meta":{"jetpack_post_was_ever_published":false,"_jetpack_newsletter_access":"","_jetpack_dont_email_post_to_subs":false,"_jetpack_newsletter_tier_id":0,"_jetpack_memberships_contains_paywalled_content":false,"_jetpack_memberships_contains_paid_content":false,"footnotes":"","jetpack_publicize_message":"","jetpack_publicize_feature_enabled":true,"jetpack_social_post_already_shared":false,"jetpack_social_options":{"image_generator_settings":{"template":"highway","default_image_id":0,"font":"","enabled":false},"version":2}},"categories":[89],"tags":[],"class_list":["post-955","post","type-post","status-publish","format-standard","hentry","category-c102-civilizacao-ou-barbarie"],"jetpack_publicize_connections":[],"jetpack_featured_media_url":"","jetpack_shortlink":"https:\/\/wp.me\/p659gw-fp","jetpack-related-posts":[],"jetpack_likes_enabled":true,"jetpack_sharing_enabled":true,"_links":{"self":[{"href":"https:\/\/pcb.org.br\/portal2\/wp-json\/wp\/v2\/posts\/955","targetHints":{"allow":["GET"]}}],"collection":[{"href":"https:\/\/pcb.org.br\/portal2\/wp-json\/wp\/v2\/posts"}],"about":[{"href":"https:\/\/pcb.org.br\/portal2\/wp-json\/wp\/v2\/types\/post"}],"author":[{"embeddable":true,"href":"https:\/\/pcb.org.br\/portal2\/wp-json\/wp\/v2\/users\/1"}],"replies":[{"embeddable":true,"href":"https:\/\/pcb.org.br\/portal2\/wp-json\/wp\/v2\/comments?post=955"}],"version-history":[{"count":0,"href":"https:\/\/pcb.org.br\/portal2\/wp-json\/wp\/v2\/posts\/955\/revisions"}],"wp:attachment":[{"href":"https:\/\/pcb.org.br\/portal2\/wp-json\/wp\/v2\/media?parent=955"}],"wp:term":[{"taxonomy":"category","embeddable":true,"href":"https:\/\/pcb.org.br\/portal2\/wp-json\/wp\/v2\/categories?post=955"},{"taxonomy":"post_tag","embeddable":true,"href":"https:\/\/pcb.org.br\/portal2\/wp-json\/wp\/v2\/tags?post=955"}],"curies":[{"name":"wp","href":"https:\/\/api.w.org\/{rel}","templated":true}]}}