{"id":958,"date":"2010-11-05T18:17:40","date_gmt":"2010-11-05T18:17:40","guid":{"rendered":"http:\/\/pcb.org.br\/portal2\/?p=958"},"modified":"2010-11-05T18:17:40","modified_gmt":"2010-11-05T18:17:40","slug":"a-historia-faz-justica-a-marighella","status":"publish","type":"post","link":"https:\/\/pcb.org.br\/portal2\/958","title":{"rendered":"A Hist\u00f3ria faz justi\u00e7a a Marighella"},"content":{"rendered":"\n<p>Decorridos 41 anos &#8211; completados hoje &#8211; do covarde assassinato de Carlos Marighella, cresce no pa\u00eds o respeito por sua coragem, determina\u00e7\u00e3o e milit\u00e2ncia e o sentimento de que seu nome j\u00e1 se situa, tranquilamente e como medida de justi\u00e7a, entre os patriotas que mais lutaram pela melhoria de vida, ascens\u00e3o social, a liberdade e o respeito a todos os direitos do nosso povo.<\/p>\n<p>Marighella &#8211; ou Carlos como o chamavam os mais pr\u00f3ximos, os familiares e os amigos &#8211;\u00a0 morreu em uma emboscada montada pelas for\u00e7as de repress\u00e3o da ditadura militar, \u00e0 frente o Departamento de Ordem Pol\u00edtica e Social (DOPS) de S\u00e3o Paulo. Ele foi inequivocamente um dos quadros pol\u00edticos mais atuantes de nossa Hist\u00f3ria. S\u00f3 a rea\u00e7\u00e3o, e com o assassinato, foi capaz de conter a chama que o animou sempre, a vida inteira, em sua luta pela liberdade e justi\u00e7a para o nosso povo.<\/p>\n<p>Defensor das causas populares at\u00e9 o limite de pagar mesmo com a vida, como lhe aconteceu, Marighella foi um batalhador por reformas de base como as da educa\u00e7\u00e3o e agr\u00e1ria e pela soberania nacional. Foi o que o motivou a filiar-se aos 18 anos ao Partido Comunista Brasileiro (PCB).<\/p>\n<p><strong>Um combatente em todas as frentes de resist\u00eancia<\/strong><\/p>\n<p>A partir da\u00ed, lutou em todas as frentes: combateu a ditadura Vargas e a repress\u00e3o por ela desencadeada; foi deputado federal at\u00e9 a proscri\u00e7\u00e3o do PCB (1947); enfrentou a partir de ent\u00e3o duas d\u00e9cadas de clandestinidade; resistiu e\u00a0 enfrentou as for\u00e7as da nova ditadura, a militar, instaurada em 1964; rompeu com o velho Partid\u00e3o, fundou a A\u00e7\u00e3o Libertadora Nacional (ALN)\u00a0 e bateu de frente, o resto dos seus dias, com o regime de exce\u00e7\u00e3o instaurado no pa\u00eds.<\/p>\n<p>Sua coragem, luta, ensinamentos e sobretudo seu amor pela liberdade e pela justi\u00e7a ser\u00e3o sempre um exemplo para todos os brasileiros que, quanto mais o tempo passa, mais lhe s\u00e3o reconhecidos e fazem justi\u00e7a por ter dedicado sua vida \u00e0 transforma\u00e7\u00e3o da realidade dos exclu\u00eddos e a dar voz aos anseios de liberdade e justi\u00e7a do nosso povo.<\/p>\n<p>Independente do julgamento que lhe fa\u00e7am os ainda sobreviventes da rea\u00e7\u00e3o, o que prevalece \u00e9 o reconhecimento de que Marighella hoje j\u00e1 \u00e9 Hist\u00f3ria e que esta lhe reserva um lugar entre os grandes da luta pelo progresso e melhorias de nosso pa\u00eds.<\/p>\n<p>Fonte: http:\/\/www.zedirceu.com.br\/index.php?option=com_content&amp;task=view&amp;&amp;id=10554<\/p>\n","protected":false},"excerpt":{"rendered":"\n\n\nCr\u00e9dito: PCB\n\n\n\n\n\n\n\n\n<a class=\"moretag\" href=\"https:\/\/pcb.org.br\/portal2\/958\"> <\/a>","protected":false},"author":1,"featured_media":0,"comment_status":"open","ping_status":"open","sticky":false,"template":"","format":"standard","meta":{"jetpack_post_was_ever_published":false,"_jetpack_newsletter_access":"","_jetpack_dont_email_post_to_subs":false,"_jetpack_newsletter_tier_id":0,"_jetpack_memberships_contains_paywalled_content":false,"_jetpack_memberships_contains_paid_content":false,"footnotes":"","jetpack_publicize_message":"","jetpack_publicize_feature_enabled":true,"jetpack_social_post_already_shared":false,"jetpack_social_options":{"image_generator_settings":{"template":"highway","default_image_id":0,"font":"","enabled":false},"version":2}},"categories":[46],"tags":[],"class_list":["post-958","post","type-post","status-publish","format-standard","hentry","category-c56-memoria"],"jetpack_publicize_connections":[],"jetpack_featured_media_url":"","jetpack_shortlink":"https:\/\/wp.me\/p659gw-fs","jetpack-related-posts":[],"jetpack_likes_enabled":true,"jetpack_sharing_enabled":true,"_links":{"self":[{"href":"https:\/\/pcb.org.br\/portal2\/wp-json\/wp\/v2\/posts\/958","targetHints":{"allow":["GET"]}}],"collection":[{"href":"https:\/\/pcb.org.br\/portal2\/wp-json\/wp\/v2\/posts"}],"about":[{"href":"https:\/\/pcb.org.br\/portal2\/wp-json\/wp\/v2\/types\/post"}],"author":[{"embeddable":true,"href":"https:\/\/pcb.org.br\/portal2\/wp-json\/wp\/v2\/users\/1"}],"replies":[{"embeddable":true,"href":"https:\/\/pcb.org.br\/portal2\/wp-json\/wp\/v2\/comments?post=958"}],"version-history":[{"count":0,"href":"https:\/\/pcb.org.br\/portal2\/wp-json\/wp\/v2\/posts\/958\/revisions"}],"wp:attachment":[{"href":"https:\/\/pcb.org.br\/portal2\/wp-json\/wp\/v2\/media?parent=958"}],"wp:term":[{"taxonomy":"category","embeddable":true,"href":"https:\/\/pcb.org.br\/portal2\/wp-json\/wp\/v2\/categories?post=958"},{"taxonomy":"post_tag","embeddable":true,"href":"https:\/\/pcb.org.br\/portal2\/wp-json\/wp\/v2\/tags?post=958"}],"curies":[{"name":"wp","href":"https:\/\/api.w.org\/{rel}","templated":true}]}}