{"id":959,"date":"2010-11-06T18:36:56","date_gmt":"2010-11-06T18:36:56","guid":{"rendered":"http:\/\/pcb.org.br\/portal2\/?p=959"},"modified":"2010-11-06T18:36:56","modified_gmt":"2010-11-06T18:36:56","slug":"bancadas-de-oposicao-apoiam-o-pcchileno-e-rechacam-detencao-de-manuel-olate","status":"publish","type":"post","link":"https:\/\/pcb.org.br\/portal2\/959","title":{"rendered":"Bancadas de oposi\u00e7\u00e3o apoiam o PCChileno e recha\u00e7am deten\u00e7\u00e3o de Manuel Olate"},"content":{"rendered":"\n<p>Valpara\u00edso, 03 de novembro de 2010 .- Os representantes do PS, PPD, DC e PRSD manifestaram o seu mais pleno apoio ao PCChileno e a seus dirigentes por supostos v\u00ednculos com as FARC e \u00e0 deten\u00e7\u00e3o de Manuel Olate.<\/p>\n<p>Os parlamentares da oposi\u00e7\u00e3o criticaram o governo por ter participado dessas acusa\u00e7\u00f5es infundadas, sendo juiz e j\u00fari vis\u00edvelmente neste caso, e sem sequer tornar p\u00fablico o mencionado &#8220;dossi\u00ea&#8221; que inculpar\u00eda os comunistas.<\/p>\n<p>O presidente do PCChileno, deputado Guillermo Teillier, liderou uma confer\u00eancia de imprensa onde os blocos de oposi\u00e7\u00e3o manifestaram o seu apoio contra as recentes alega\u00e7\u00f5es de v\u00ednculos com as FARC, al\u00e9m de chamar para a r\u00e1pida liberta\u00e7\u00e3o do militante do PC, Manuel Olate. &#8220;N\u00f3s decidimos dar esta confer\u00eancia, juntamente com representantes de v\u00e1rias bancadas da coliga\u00e7\u00e3o, que quiseram manifestar a sua solidariedade num momento em Partido Comunista Chileno foi submetido a duros ataques pela direita, tentando vincul\u00e1-lo com o terrorismo que seria gestado desde Araucan\u00eda, que \u00e9 uma quest\u00e3o que at\u00e9 mesmo o governo anunciou que deve alterar a Lei Antiterrorista para mudar o modo de lidar com o povo mapuche, e a verdade \u00e9 que todas as provas tenham sido apresentadas como atos terroristas na Araucan\u00eda n\u00e3o foram comprovadas, e, neste caso, foi preso Manuel Olate, que tratam de ligar com as FARC.&#8221;<\/p>\n<p>&#8220;Quero dizer que n\u00f3s, enquanto Partido Comunista, refutamos todas as acusa\u00e7\u00f5es de que estamos praticando alguma forma de terrorismo, porque essa n\u00e3o \u00e9 a ess\u00eancia da nossa organiza\u00e7\u00e3o e a descartamos completamente e, no caso de Manuel Olate, as provas apresentadas, e n\u00f3s n\u00e3o sabemos porque elas s\u00f3 foram publicados na imprensa, a verdade \u00e9 que n\u00e3o nos comprometem de nenhuma forma, e esperamos que ele seja liberado logo, pois nunca se recusou a comparecer perante a justi\u00e7a, e tem entrado e sa\u00eddo do pa\u00eds livremente, reconhecendo que estava em um acampamento com muitas outras pessoas de todos os lugares do mundo, No Equador, enquanto estava no acampamento, passaram muitas pessoas que est\u00e3o ligadas \u00e0 troca humanit\u00e1ria de prisioneiros, e tentam assim lig\u00e1-lo ao envio de pessoas para se prepararem na guerrilha, e ningu\u00e9m sabe onde est\u00e3o os guerrilheiros no Chile &#8220;, disse o presidente do PC.<\/p>\n<p>&#8220;Temos a obriga\u00e7\u00e3o de defender Manuel Olate, porque temos de nos defender. N\u00f3s participamos do processo porque acreditamos que h\u00e1 uma solu\u00e7\u00e3o pol\u00edtica para o conflito, n\u00e3o estamos com os que violam os direitos humanos, n\u00e3o apoiamos os seq\u00fcestros, por\u00e9m t\u00e3o pouco apoiamos a matan\u00e7a indiscriminada de sindicalistas e camponeses, como os encontrados no t\u00famulo coletivo de La Macarena, onde jazem mais de 2.000 v\u00edtimas que o governo do presidente Uribe n\u00e3o quer reconhecer ou sequer investigar o caso &#8220;, disse o timoneiro do PC, ante as cr\u00edticas e supostas liga\u00e7\u00f5es com terroristas.<\/p>\n<p>Por sua parte, Sergio Aguilo (PS) disse que espera que Olate possa ser libertado nas pr\u00f3ximas horas, tamb\u00e9m indicando que tem um relacionamento pr\u00f3ximo com ele e sua fam\u00edlia. &#8220;Eu conhe\u00e7o Manuel Olate, pai e filho, h\u00e1 mais de 30 anos. Moram em Talca, \u00e1rea que eu represento, \u00e9 de uma fam\u00edlia de camponeses, honesto e respons\u00e1vel, e eu posso dizer, tenho a convic\u00e7\u00e3o de que este \u00e9 um embuste. A fam\u00edlia tamb\u00e9m tem essa convic\u00e7\u00e3o.&#8221; Aguil\u00f3, como os demais parlamentares, n\u00e3o esconderam sua surpresa com a falta de provas s\u00f3lidas para acusar o militante do PC. &#8220;Como membros da coliga\u00e7\u00e3o, parece-nos que os \u00fanicos registros que o incriminam foram adquiridos na Col\u00f4mbia, depois de um conflito internacional com o Equador, que levou os dois pa\u00edses a retirar os seus embaixadores.&#8221;<\/p>\n<p>O deputado Silber (PDC) pediu imparcialidade por parte do governo, pedindo a todos que exer\u00e7am seus pap\u00e9is no processo, nem mais nem menos. &#8220;\u00c9 surpreendente que no final do dia, o governo parece mais como advogado de uma das partes para incriminar, do que realmente um governo que assegure a equidade, transpar\u00eancia e respeito a atos que podem ser de import\u00e2ncia para a n\u00edvel p\u00fablico&#8221;, disse o parlamentar. &#8220;Vemos com preocupa\u00e7\u00e3o a situa\u00e7\u00e3o que est\u00e1 ocorrendo no Partido Comunista, com os seus dirigentes, seus membros e, claro, que essa responsabilidade importante do governo, que n\u00e3o exerceu &#8211; a nosso ver, o desempenho do seu papel que lhe cabe&#8221;, disse ele.<\/p>\n<p>O deputado Enrique Acorssi (PPD) deu o seu apoio aos deputados comunistas, argumentando que &#8220;o governo nos \u00faltimos tempos tem tido uma atitude como juiz e j\u00fari em processos que est\u00e3o relacionados aos direitos humanos e toda a quest\u00e3o do terrorismo. &#8221; &#8220;Aqui h\u00e1 uma quest\u00e3o muito delicada que \u00e9 a de que outros pa\u00edses acusam de terrorismo pessoas de outras nacionalidades sem fundamento. At\u00e9 hoje n\u00e3o chegou nenhum fundamento a ser submetido ao Tribunal de Justi\u00e7a que demonstra que o Sr. Olate participou em atos terroristas, por isso, acredito que a justi\u00e7a deve agir, pois n\u00e3o se pode fazer acusa\u00e7\u00f5es ao vento&#8221;, declarou Accorsi.<\/p>\n<p>Finalmente, a deputada Cristina Girardi tamb\u00e9m expressou seu apoio como parlamentar do PDP ao Partido Comunista, Manuel Olate e sua fam\u00edlia. &#8220;Acreditamos que isso est\u00e1 gerando uma persegui\u00e7\u00e3o n\u00e3o s\u00f3 a Manuel Olate, mas ao Partido Comunista, e o que parece muito mais grave \u00e9 que est\u00e3o tentando ligar as demandas do movimento mapuche com as FARC, constituindo uma esp\u00e9cie de deslegitima\u00e7\u00e3o das demandas do povo mapuche, e esta n\u00e3o \u00e9 a primeira vez que isso aconteceu&#8221;, concluiu.<\/p>\n<p>Fonte: <a href=\"http:\/\/www.pcchile.cl\/index.php?option=com_content&amp;task=view&amp;id=2422&amp;Itemid=2\" target=\"_blank\">http:\/\/www.pcchile.cl\/index.php?option=com_content&amp;task=view&amp;id=2422&amp;Itemid=2<\/a><\/p>\n<p align=\"justify\">\n","protected":false},"excerpt":{"rendered":"\n\n\nCr\u00e9dito: static.diario.latercera\n\n\n\n\n\n\n\n\n\n\n\nChile\n<a class=\"moretag\" href=\"https:\/\/pcb.org.br\/portal2\/959\"> <\/a>","protected":false},"author":1,"featured_media":0,"comment_status":"open","ping_status":"open","sticky":false,"template":"","format":"standard","meta":{"jetpack_post_was_ever_published":false,"_jetpack_newsletter_access":"","_jetpack_dont_email_post_to_subs":false,"_jetpack_newsletter_tier_id":0,"_jetpack_memberships_contains_paywalled_content":false,"_jetpack_memberships_contains_paid_content":false,"footnotes":"","jetpack_publicize_message":"","jetpack_publicize_feature_enabled":true,"jetpack_social_post_already_shared":false,"jetpack_social_options":{"image_generator_settings":{"template":"highway","default_image_id":0,"font":"","enabled":false},"version":2}},"categories":[87],"tags":[],"class_list":["post-959","post","type-post","status-publish","format-standard","hentry","category-c100-chile"],"jetpack_publicize_connections":[],"jetpack_featured_media_url":"","jetpack_shortlink":"https:\/\/wp.me\/p659gw-ft","jetpack-related-posts":[],"jetpack_likes_enabled":true,"jetpack_sharing_enabled":true,"_links":{"self":[{"href":"https:\/\/pcb.org.br\/portal2\/wp-json\/wp\/v2\/posts\/959","targetHints":{"allow":["GET"]}}],"collection":[{"href":"https:\/\/pcb.org.br\/portal2\/wp-json\/wp\/v2\/posts"}],"about":[{"href":"https:\/\/pcb.org.br\/portal2\/wp-json\/wp\/v2\/types\/post"}],"author":[{"embeddable":true,"href":"https:\/\/pcb.org.br\/portal2\/wp-json\/wp\/v2\/users\/1"}],"replies":[{"embeddable":true,"href":"https:\/\/pcb.org.br\/portal2\/wp-json\/wp\/v2\/comments?post=959"}],"version-history":[{"count":0,"href":"https:\/\/pcb.org.br\/portal2\/wp-json\/wp\/v2\/posts\/959\/revisions"}],"wp:attachment":[{"href":"https:\/\/pcb.org.br\/portal2\/wp-json\/wp\/v2\/media?parent=959"}],"wp:term":[{"taxonomy":"category","embeddable":true,"href":"https:\/\/pcb.org.br\/portal2\/wp-json\/wp\/v2\/categories?post=959"},{"taxonomy":"post_tag","embeddable":true,"href":"https:\/\/pcb.org.br\/portal2\/wp-json\/wp\/v2\/tags?post=959"}],"curies":[{"name":"wp","href":"https:\/\/api.w.org\/{rel}","templated":true}]}}