{"id":964,"date":"2010-11-09T16:58:58","date_gmt":"2010-11-09T16:58:58","guid":{"rendered":"http:\/\/pcb.org.br\/portal2\/?p=964"},"modified":"2017-11-29T13:50:56","modified_gmt":"2017-11-29T16:50:56","slug":"o-capital-imperialismo-algumas-caracteristicas","status":"publish","type":"post","link":"https:\/\/pcb.org.br\/portal2\/964","title":{"rendered":"O capital-imperialismo: algumas caracter\u00edsticas"},"content":{"rendered":"<p><img data-recalc-dims=\"1\" decoding=\"async\" class=\"imagem\" title=\"imagem\" src=\"https:\/\/i0.wp.com\/3.bp.blogspot.com\/_amGLCJy4vpQ\/TMXOuAeb2EI\/AAAAAAAAEMI\/OERSXoroIDE\/s400\/encontro_2010.jpg?w=747&#038;ssl=1\" alt=\"imagem\" \/><!--more--><strong>III Encontro Civiliza\u00e7\u00e3o ou Barb\u00e1rie<\/strong><\/p>\n<p>O conceito de capital-imperialismo: concentra\u00e7\u00e3o da propriedade, expropria\u00e7\u00f5es, redes de domina\u00e7\u00e3o, encapsulamento do trabalho e garantia de circula\u00e7\u00e3o do capital. A barb\u00e1rie humana: expropria\u00e7\u00f5es da vida no planeta.<\/p>\n<p>Para ler o texto na \u00edntegra, clique aqui: <a href=\"http:\/\/www.odiario.info\/b2-img\/VirginiaFontes.pdf\" target=\"_blank\" rel=\"noopener\">http:\/\/www.odiario.info\/b2-img\/VirginiaFontes.pdf<\/a><\/p>\n<p>Fonte: http:\/\/www.odiario.info\/?p=1805<\/p>\n<hr size=\"1\" \/>\n<p><em>*Historiadora, com mestrado na UFF (1985) e doutorado em Filosofia &#8211; Universit\u00e9 de Paris X, Nanterre (1992). Atua na P\u00f3s-Gradua\u00e7\u00e3o em Hist\u00f3ria da UFF, onde integra o NIEP-MARX &#8211; Nucleo Interdisciplinar de Estudos e Pesquisas sobre Marx e o marxismo, e na Escola Polit\u00e9cnica Joaquim Ven\u00e2ncio-Fiocruz, integrando o grupo de pesquisa sobre Epistemologia. \u00c1reas de atua\u00e7\u00e3o: Teoria e Filosofia da Hist\u00f3ria, Epistemologia, Hist\u00f3ria do Brasil Rep\u00fablica, Hist\u00f3ria Contempor\u00e2nea. Autora de Reflex\u00f5es Im-pertinentes (2005) e de in\u00fameros artigos em peri\u00f3dicos nacionais e internacionais. Docente da Escola Nacional Florestan Fernandes-MST.Coordenadora do GT Hist\u00f3ria e Marxismo-Anpuh. Integra diversos conselhos editoriais, como o da Universidade Federal do Rio de Janeiro e da Revista Cr\u00edtica Marxista.<\/em><\/p>\n<p>Fonte: <a href=\"http:\/\/buscatextual.cnpq.br\/buscatextual\/visualizacv.jsp?id=K4783947U0\"><em>http:\/\/buscatextual.cnpq.br\/buscatextual\/visualizacv.jsp?id=K4783947U0<\/em><\/a><\/p>\n","protected":false},"excerpt":{"rendered":"\n\n\nCr\u00e9dito: ODiario.info\n\n\n\n\n\n\n\n\nVirg\u00ednia Fontes*\n<a class=\"moretag\" href=\"https:\/\/pcb.org.br\/portal2\/964\"> <\/a>","protected":false},"author":1,"featured_media":0,"comment_status":"closed","ping_status":"closed","sticky":false,"template":"","format":"standard","meta":{"jetpack_post_was_ever_published":false,"_jetpack_newsletter_access":"","_jetpack_dont_email_post_to_subs":false,"_jetpack_newsletter_tier_id":0,"_jetpack_memberships_contains_paywalled_content":false,"_jetpack_memberships_contains_paid_content":false,"footnotes":"","jetpack_publicize_message":"","jetpack_publicize_feature_enabled":true,"jetpack_social_post_already_shared":false,"jetpack_social_options":{"image_generator_settings":{"template":"highway","default_image_id":0,"font":"","enabled":false},"version":2}},"categories":[89],"tags":[],"class_list":["post-964","post","type-post","status-publish","format-standard","hentry","category-c102-civilizacao-ou-barbarie"],"jetpack_publicize_connections":[],"jetpack_featured_media_url":"","jetpack_shortlink":"https:\/\/wp.me\/p659gw-fy","jetpack-related-posts":[],"jetpack_likes_enabled":true,"jetpack_sharing_enabled":true,"_links":{"self":[{"href":"https:\/\/pcb.org.br\/portal2\/wp-json\/wp\/v2\/posts\/964","targetHints":{"allow":["GET"]}}],"collection":[{"href":"https:\/\/pcb.org.br\/portal2\/wp-json\/wp\/v2\/posts"}],"about":[{"href":"https:\/\/pcb.org.br\/portal2\/wp-json\/wp\/v2\/types\/post"}],"author":[{"embeddable":true,"href":"https:\/\/pcb.org.br\/portal2\/wp-json\/wp\/v2\/users\/1"}],"replies":[{"embeddable":true,"href":"https:\/\/pcb.org.br\/portal2\/wp-json\/wp\/v2\/comments?post=964"}],"version-history":[{"count":0,"href":"https:\/\/pcb.org.br\/portal2\/wp-json\/wp\/v2\/posts\/964\/revisions"}],"wp:attachment":[{"href":"https:\/\/pcb.org.br\/portal2\/wp-json\/wp\/v2\/media?parent=964"}],"wp:term":[{"taxonomy":"category","embeddable":true,"href":"https:\/\/pcb.org.br\/portal2\/wp-json\/wp\/v2\/categories?post=964"},{"taxonomy":"post_tag","embeddable":true,"href":"https:\/\/pcb.org.br\/portal2\/wp-json\/wp\/v2\/tags?post=964"}],"curies":[{"name":"wp","href":"https:\/\/api.w.org\/{rel}","templated":true}]}}