{"id":9667,"date":"2015-10-24T21:40:18","date_gmt":"2015-10-25T00:40:18","guid":{"rendered":"http:\/\/pcb.org.br\/portal2\/?p=9667"},"modified":"2015-11-15T11:13:22","modified_gmt":"2015-11-15T14:13:22","slug":"dce-mario-prata-ufrj-solidario-ao-professor-mauro-iasi","status":"publish","type":"post","link":"https:\/\/pcb.org.br\/portal2\/9667","title":{"rendered":"DCE MARIO PRATA (UFRJ) SOLID\u00c1RIO AO PROFESSOR MAURO IASI"},"content":{"rendered":"<p><img decoding=\"async\" class=\"imagem\" title=\"imagem\" src=\"https:\/\/upload.wikimedia.org\/wikipedia\/pt\/b\/ba\/Logo_DCE_UFRJ.jpg\" alt=\"imagem\" \/>Desde o \u00faltimo final de semana circulam nas redes sociais v\u00eddeos e mensagens de \u00f3dio e intoler\u00e2ncia ideol\u00f3gica contra o professor da UFRJ e militante do PCB Mauro Iasi, e sua fam\u00edlia. O ataque orquestrado por grupos de extrema direita faz parte de uma ofensiva destes grupos contra o conjunto dos lutadores, organiza\u00e7\u00f5es e movimentos populares e de esquerda. A dissemina\u00e7\u00e3o do \u00f3dio e viol\u00eancia visa intimidar o conjunto dos movimentos em luta pela transforma\u00e7\u00e3o social da realidade brasileira.<!--more--><\/p>\n<p>Mauro Iasi trata-se de um professor exemplar, um militante generoso e sempre vinculado \u00e1s lutas da classe trabalhadora. Neste sentido, o Diret\u00f3rio Central dos Estudantes da UFRJ, coerente com a sua trajet\u00f3ria de lutas pela democratiza\u00e7\u00e3o da sociedade brasileira e em defesa da educa\u00e7\u00e3o p\u00fablica, presta a sua total solidariedade ao companheiro Mauro Iasi.<\/p>\n<p>N\u00e3o nos intimidaremos com os ataques fascistas! S\u00e3o estes mesmos setores que tentam disseminar abertamente o \u00f3dio \u00e0 classe trabalhadora, racismo, machismo,homofobia e xenofobia. Temos a certeza que os estudantes da UFRJ sempre estar\u00e3o na trincheira contr\u00e1ria \u00e0s posi\u00e7\u00f5es fascistas na sociedade brasileira.<\/p>\n<p>Toda solidariedade ao professor Mauro Iasi!<\/p>\n<p>Rio de Janeiro, 21 de Outubro de 2015.<\/p>\n<p>DCE Mario Prata<br \/>\nUFRJ<\/p>\n","protected":false},"excerpt":{"rendered":"Desde o \u00faltimo final de semana circulam nas redes sociais v\u00eddeos e mensagens de \u00f3dio e intoler\u00e2ncia ideol\u00f3gica contra o professor da UFRJ \n<a class=\"moretag\" href=\"https:\/\/pcb.org.br\/portal2\/9667\"> <\/a>","protected":false},"author":1,"featured_media":0,"comment_status":"closed","ping_status":"closed","sticky":false,"template":"","format":"standard","meta":{"jetpack_post_was_ever_published":false,"_jetpack_newsletter_access":"","_jetpack_dont_email_post_to_subs":false,"_jetpack_newsletter_tier_id":0,"_jetpack_memberships_contains_paywalled_content":false,"_jetpack_memberships_contains_paid_content":false,"footnotes":"","jetpack_publicize_message":"","jetpack_publicize_feature_enabled":true,"jetpack_social_post_already_shared":true,"jetpack_social_options":{"image_generator_settings":{"template":"highway","default_image_id":0,"font":"","enabled":false},"version":2}},"categories":[176,71],"tags":[],"class_list":["post-9667","post","type-post","status-publish","format-standard","hentry","category-mauro-iasipcb","category-c84-solidariedade"],"jetpack_publicize_connections":[],"jetpack_featured_media_url":"","jetpack_shortlink":"https:\/\/wp.me\/p659gw-2vV","jetpack-related-posts":[],"jetpack_likes_enabled":true,"jetpack_sharing_enabled":true,"_links":{"self":[{"href":"https:\/\/pcb.org.br\/portal2\/wp-json\/wp\/v2\/posts\/9667","targetHints":{"allow":["GET"]}}],"collection":[{"href":"https:\/\/pcb.org.br\/portal2\/wp-json\/wp\/v2\/posts"}],"about":[{"href":"https:\/\/pcb.org.br\/portal2\/wp-json\/wp\/v2\/types\/post"}],"author":[{"embeddable":true,"href":"https:\/\/pcb.org.br\/portal2\/wp-json\/wp\/v2\/users\/1"}],"replies":[{"embeddable":true,"href":"https:\/\/pcb.org.br\/portal2\/wp-json\/wp\/v2\/comments?post=9667"}],"version-history":[{"count":0,"href":"https:\/\/pcb.org.br\/portal2\/wp-json\/wp\/v2\/posts\/9667\/revisions"}],"wp:attachment":[{"href":"https:\/\/pcb.org.br\/portal2\/wp-json\/wp\/v2\/media?parent=9667"}],"wp:term":[{"taxonomy":"category","embeddable":true,"href":"https:\/\/pcb.org.br\/portal2\/wp-json\/wp\/v2\/categories?post=9667"},{"taxonomy":"post_tag","embeddable":true,"href":"https:\/\/pcb.org.br\/portal2\/wp-json\/wp\/v2\/tags?post=9667"}],"curies":[{"name":"wp","href":"https:\/\/api.w.org\/{rel}","templated":true}]}}