{"id":9685,"date":"2015-10-26T21:16:12","date_gmt":"2015-10-27T00:16:12","guid":{"rendered":"http:\/\/pcb.org.br\/portal2\/?p=9685"},"modified":"2015-11-01T10:01:37","modified_gmt":"2015-11-01T13:01:37","slug":"a-paz-com-justica-social-e-conquista-dos-povos-unidos","status":"publish","type":"post","link":"https:\/\/pcb.org.br\/portal2\/9685","title":{"rendered":"A Paz com justi\u00e7a social \u00e9 conquista dos povos unidos"},"content":{"rendered":"<p><img data-recalc-dims=\"1\" decoding=\"async\" class=\"imagem\" title=\"imagem\" src=\"https:\/\/i0.wp.com\/files.mcboficial.webnode.es\/200000030-9b6429c5d6\/50000000.jpg?w=747\" alt=\"imagem\" \/>21.10.2015 16:43<\/p>\n<p>O Movimento Continental Bolivariano ratifica seu pleno apoio ao processo de busca de solu\u00e7\u00e3o pol\u00edtica ao duradouro conflito social e armado colombiano, mediante di\u00e1logos de paz, que ocorrem em Havana, Cuba, entre as FARC-EP e o governo de Juan Manuel Santos.<!--more--><\/p>\n<p>O MCB sa\u00fada o importante acordo sobre Jurisdi\u00e7\u00e3o Especial para a Paz, assinado em 23 de setembro passado, entre as partes beligerantes com a hist\u00f3rica presen\u00e7a de Timole\u00f3n Jim\u00e9nez, Comandante do Estado Maior Central das FARC-EP, o Presidente da Rep\u00fablica da Col\u00f4mbia, Juan Manuel Santos, e o Presidente da Rep\u00fablica de Cuba, Ra\u00fal Castro.<\/p>\n<p>Ao mesmo tempo, continuamos atentos ao desenvolvimento das conversa\u00e7\u00f5es, repudiando o unilateralismo do governo colombiano e chamando a isolar os setores belicistas e fascistas que pretendem perpetuar a guerra na Col\u00f4mbia.<\/p>\n<p>Tamb\u00e9m chamamos os povos de Nossa Am\u00e9rica para mobilizarem-se pela paz com justi\u00e7a social para o povo colombiano, conscientes de que \u00e9 necess\u00e1rio que o governo Santos n\u00e3o dilate mais o cessar-fogo bilateral.<\/p>\n<p>Somamos nossa voz pela liberdade dos prisioneiros pol\u00edticos da Col\u00f4mbia e nos incorporamos \u00e0 solidariedade ativa com o movimento popular e os defensores de Direitos Humanos, que lutam, resistem e s\u00e3o reprimidos pelos aparatos repressivos institucionais e paramilitares.<\/p>\n<p>Acompanhamos a luta do povo colombiano, na constru\u00e7\u00e3o de uma nova Col\u00f4mbia, assim como todas e cada uma das resist\u00eancias e lutas anticapitalistas, anticolonialistas e anti-imperialistas dos povos da P\u00e1tria Grande e do mundo.<\/p>\n<p>Nossa Am\u00e9rica, 15 de outubro de 2015<\/p>\n<p>Movimento Continental Bolivariano<\/p>\n<p>Fonte:<a href=\"http:\/\/mcboficial.webnode.es\/news\/la-paz-con-justicia-social-es-conquista-de-los-pueblos-unidos\/\" target=\"_blank\">http:\/\/mcboficial.<wbr \/>webnode.es\/news\/la-paz-con-<wbr \/>justicia-social-es-conquista-<wbr \/>de-los-pueblos-unidos\/<\/a><\/p>\n<p>Tradu\u00e7\u00e3o: Partido Comunista Brasileiro (PCB)<\/p>\n","protected":false},"excerpt":{"rendered":"21.10.2015 16:43 O Movimento Continental Bolivariano ratifica seu pleno apoio ao processo de busca de solu\u00e7\u00e3o pol\u00edtica ao duradouro conflito social e armado \n<a class=\"moretag\" href=\"https:\/\/pcb.org.br\/portal2\/9685\"> <\/a>","protected":false},"author":1,"featured_media":0,"comment_status":"closed","ping_status":"closed","sticky":false,"template":"","format":"standard","meta":{"jetpack_post_was_ever_published":false,"_jetpack_newsletter_access":"","_jetpack_dont_email_post_to_subs":false,"_jetpack_newsletter_tier_id":0,"_jetpack_memberships_contains_paywalled_content":false,"_jetpack_memberships_contains_paid_content":false,"footnotes":"","jetpack_publicize_message":"","jetpack_publicize_feature_enabled":true,"jetpack_social_post_already_shared":true,"jetpack_social_options":{"image_generator_settings":{"template":"highway","default_image_id":0,"font":"","enabled":false},"version":2}},"categories":[34],"tags":[],"class_list":["post-9685","post","type-post","status-publish","format-standard","hentry","category-c39-colombia"],"jetpack_publicize_connections":[],"jetpack_featured_media_url":"","jetpack_shortlink":"https:\/\/wp.me\/p659gw-2wd","jetpack-related-posts":[],"jetpack_likes_enabled":true,"jetpack_sharing_enabled":true,"_links":{"self":[{"href":"https:\/\/pcb.org.br\/portal2\/wp-json\/wp\/v2\/posts\/9685","targetHints":{"allow":["GET"]}}],"collection":[{"href":"https:\/\/pcb.org.br\/portal2\/wp-json\/wp\/v2\/posts"}],"about":[{"href":"https:\/\/pcb.org.br\/portal2\/wp-json\/wp\/v2\/types\/post"}],"author":[{"embeddable":true,"href":"https:\/\/pcb.org.br\/portal2\/wp-json\/wp\/v2\/users\/1"}],"replies":[{"embeddable":true,"href":"https:\/\/pcb.org.br\/portal2\/wp-json\/wp\/v2\/comments?post=9685"}],"version-history":[{"count":0,"href":"https:\/\/pcb.org.br\/portal2\/wp-json\/wp\/v2\/posts\/9685\/revisions"}],"wp:attachment":[{"href":"https:\/\/pcb.org.br\/portal2\/wp-json\/wp\/v2\/media?parent=9685"}],"wp:term":[{"taxonomy":"category","embeddable":true,"href":"https:\/\/pcb.org.br\/portal2\/wp-json\/wp\/v2\/categories?post=9685"},{"taxonomy":"post_tag","embeddable":true,"href":"https:\/\/pcb.org.br\/portal2\/wp-json\/wp\/v2\/tags?post=9685"}],"curies":[{"name":"wp","href":"https:\/\/api.w.org\/{rel}","templated":true}]}}