{"id":9712,"date":"2015-10-28T21:29:04","date_gmt":"2015-10-29T00:29:04","guid":{"rendered":"http:\/\/pcb.org.br\/portal2\/?p=9712"},"modified":"2015-11-04T21:49:51","modified_gmt":"2015-11-05T00:49:51","slug":"honduras-60-comunicadores-assassinados-impunemente-e-o-jornalista-ellner-sob-ameaca","status":"publish","type":"post","link":"https:\/\/pcb.org.br\/portal2\/9712","title":{"rendered":"Honduras: 60 comunicadores assassinados impunemente e o jornalista Ellner sob amea\u00e7a"},"content":{"rendered":"<p><img data-recalc-dims=\"1\" height=\"400\" width=\"620\" decoding=\"async\" class=\"imagem\" title=\"imagem\" src=\"https:\/\/i0.wp.com\/www.resumenlatinoamericano.org\/wp-content\/uploads\/2015\/10\/Periodista-hondure%C3%B1o-Ricardo-Ellner-620x400.jpg?resize=620%2C400\" alt=\"imagem\" \/>Por Andr\u00e9s Figueroa Cornejo, Resumen Latinoamericano \/ 24 de outubro de 2015 \u2013 Come\u00e7a a Campanha Internacional pela Liberdade de Express\u00e3o em Honduras<\/p>\n<p>\u2018Na bandeira da liberdade bordei o maior amor de minha vida\u2019<!--more--><\/p>\n<p>Federico Garc\u00eda Lorca<\/p>\n<p>\u2018O jornalismo \u00e9 livre ou \u00e9 uma farsa\u2019<\/p>\n<p>Rodolfo Walsh<\/p>\n<p>Honduras \u00e9 o pa\u00eds mais violento da Am\u00e9rica Latina e sua capital, Tegucigalpa, uma das mais violentas do planeta. Desde o golpe de Estado contra o Presidente constitucional Jos\u00e9 Manuel Zelaya, em 28 de junho de 2009, as taxas de crime e o horror recrudesceram. Segundo a Organiza\u00e7\u00e3o Mundial de Sa\u00fade, diariamente s\u00e3o assassinadas cerca de 20 pessoas.<\/p>\n<p>Atualmente e desde sua investidura, em 27 de janeiro de 2014, o membro do direitista e pr\u00f3-norte-americano Partido Nacional, Juan Orlando Hern\u00e1ndez, \u00e9 o primeiro mandat\u00e1rio de Honduras. No entanto, o principal partido opositor, Liberdade e Refunda\u00e7\u00e3o (Libre, sigla em espanhol), junto ao Partido Anticorrup\u00e7\u00e3o, assinalam que as elei\u00e7\u00f5es que levaram Hern\u00e1ndez ao Executivo foram uma fraude e, em consequ\u00eancia, Honduras padece de<\/p>\n<p>uma ditadura \u201cde novo tipo\u201d, profundamente autorit\u00e1ria no pol\u00edtico e ultraliberal e antipopular no econ\u00f4mico.<\/p>\n<p>Dois milh\u00f5es de pessoas de um pa\u00eds de 8 milh\u00f5es e meio de habitantes foram expulsos pela viol\u00eancia e pela mis\u00e9ria do narco-Estado hondurenho (de acordo com o Fundo Social da D\u00edvida Externa, o narcotr\u00e1fico explica 30% do PIB do pa\u00eds). 35 mil meninas e meninos foram jogados na rede do tr\u00e1fico e da prostitui\u00e7\u00e3o infantil na tentativa de fugir do terror. 80% da popula\u00e7\u00e3o sobrevive na linha da pobreza, enquanto apenas um punhado de fam\u00edlias oligarcas \u00e9 propriet\u00e1ria de todo o territ\u00f3rio. Como se fosse pouco, a 86 quil\u00f4metros de Tegucigalpa encontra-se a base militar norte-americana de Palmerola, a mais poderosa plataforma b\u00e9lica dos interesses dos Estados Unidos pela subordina\u00e7\u00e3o do pa\u00eds e de toda a regi\u00e3o. Tanto o armamento, como as centenas de militares altamente especializados que se encontram em Palmerola, representam o creme e a nata da ind\u00fastria da morte e a submiss\u00e3o ao Estado norte-americano contra a castigada soberania da Am\u00e9rica Central e dos povos da Pen\u00ednsula do Yucat\u00e1n.<\/p>\n<p>\u2018Quanto a voc\u00ea, filho da puta, vamos cortar sua l\u00edngua\u2019<\/p>\n<p>Um dos grandes direitos sacrificados pelo pesadelo hondurenho \u00e9 a Liberdade de Express\u00e3o, de Opini\u00e3o e de Imprensa. At\u00e9 hoje s\u00e3o 60 jornalistas e comunicadores assassinados.<\/p>\n<p>Em come\u00e7os de outubro, o jornalista profissional hondurenho e correspondente das ag\u00eancias internacionais, Ricardo Ellner (32 anos), publicou o artigo \u2018Honduras: Express\u00e3o de Liberdade na ditadura\u2019 (<a href=\"http:\/\/www.rebelion.org\/noticia.php?id=204166\" target=\"_blank\">http:\/\/www.rebelion.org\/<wbr \/>noticia.php?id=204166<\/a>). Poucos dias depois, Ricardo Ellner ofereceu uma entrevista ao jornalista chileno Andr\u00e9s Figueroa Cornejo, onde declarou que \u2018Em Honduras, os jornalistas est\u00e3o na linha de fogo da ditadura\u2019 (<a href=\"http:\/\/www.rebelion.org\/noticia.php?id=204344\" target=\"_blank\">http:\/\/www.rebelion.org\/<wbr \/>noticia.php?id=204344<\/a>). A corajosa entrevista foi profusamente publicada nas redes sociais e nos meios digitais independentes de toda Am\u00e9rica Latina e Espanha. As repres\u00e1lias do poder n\u00e3o se fizeram esperar.<\/p>\n<p>Em contato direto, Ricardo narrou a rela\u00e7\u00e3o dos acontecimentos: \u201cNa ter\u00e7a-feira, 20 de outubro de 2015, entre as 15:00 e 15:30 horas da tarde, parti em meu carro para tomar um caf\u00e9, para continuar trabalhando em um informe no computador. Ent\u00e3o, fui surpreendido. Estacionei em um pequeno centro comercial no Boulevard Suyapa, em frente \u00e0 Universidade Nacional Aut\u00f4noma de Honduras, a 10 minutos da Casa Presidencial do pa\u00eds. Quando desci do carro, dois motociclistas de ruidoso motor pararam abruptamente junto de mim. Ambos se vestiam da mesma forma, com jeans, camiseta e jamais tiraram os capacetes. Um deles era pele morena e olhos escuros. O primeiro me disse \u2018Ei, voc\u00ea, filho da puta. Voc\u00ea fala muito\u2019. E o segundo continuou a mensagem com um \u2018Sim, filho da puta, vamos cortar sua l\u00edngua\u2019. Imediatamente depois, arrancaram em suas motos. Ap\u00f3s o impacto inicial, me reuni com o diretor da TeleSur para Am\u00e9rica Central em sua vers\u00e3o ingl\u00eas, meu amigo Gerardo Torres, que se encontrava na regi\u00e3o. No caminho, fui pensando em meu amigo e colega Erick Mart\u00ednez, estrangulado e assassinado na periferia de Tegucigalpa. No dia seguinte, 21 de outubro, fiz a den\u00fancia ao Comissionado Nacional dos Direitos Humanos, uma institui\u00e7\u00e3o estatal. Meu n\u00famero de expediente ali \u00e9 08-01-2015-10-21-88\u201d.<\/p>\n<p>\u00c0 raiz do ocorrido e devido ao sinistro contexto que se apresenta, comunicadores sociais e jornalistas do Chile e Argentina, em princ\u00edpio, iniciaram a Campanha Urgente pela Liberdade de Express\u00e3o em Honduras e pela vida das e dos Comunicadores Hondurenhos. Solicitamos a ades\u00e3o de organismos de Direitos Humanos do mais amplo espectro; Col\u00e9gios, Gr\u00eamios e Sindicatos de Comunicadores Sociais, Jornalistas e Trabalhadores de todo o mundo; de organiza\u00e7\u00f5es camponesas e de povos origin\u00e1rios; de meios de comunica\u00e7\u00e3o de qualquer formato e cujo objetivo seja a melhoria da condi\u00e7\u00e3o humana; de personalidades e pessoas amantes da justi\u00e7a, da paz e da liberdade; e de todos aqueles agrupamentos sociais, pol\u00edticos e econ\u00f4micos, como das mulheres e homens que brigam pelo estabelecimento dos Direitos Fundamentais cunhados na Carta Internacional de Direitos Humanos em todos os povos e sociedades do globo.<\/p>\n<p>Ricardo Ellner afirma que \u2018As e os comunicadores nos povos de Honduras, como em todos os povos do mundo, acreditam na liberdade de express\u00e3o, lutam para se libertar da opress\u00e3o em que vivem por anos, s\u00e3o realmente aqueles que constroem ou reconstroem a historia que a hegemonia apagou atrav\u00e9s da brutalidade, genoc\u00eddios, ditaduras, sangue, terror. Por\u00e9m, s\u00e3o os olhos daqueles que, todavia, n\u00e3o podem ver. Assim \u00e9 como se movem em Honduras\u2019.<\/p>\n<p>Com Ricardo e tantas e tantos mais, dizemos: Liberdade de Express\u00e3o em Honduras J\u00e1! Basta de crimes e persegui\u00e7\u00f5es contra os comunicadores e jornalistas do pa\u00eds de Moraz\u00e1n! Fim agora imediato \u00e0 barb\u00e1rie narco-estatal, \u00e0 impunidade, ao horror assassino em Honduras!<\/p>\n<p>Ades\u00f5es: Livre Express\u00e3o Honduras <a href=\"mailto:libreexpresionenhondurasya@gmail.com\" target=\"_blank\">libreexpresionenhondu<wbr \/>rasya@gmail.com<\/a><\/p>\n<p>Foto: Ricardo Ellner jornalista hondurenho.<\/p>\n<p>Fonte: <a href=\"http:\/\/www.resumenlatinoamericano.org\/2015\/10\/24\/honduras-60-comunicadores-asesinados-impunemente-y-el-periodista-ricardo-ellner-bajo-amenaza\/\" target=\"_blank\">http:\/\/www.<wbr \/>resumenlatinoamericano.org\/<wbr \/>2015\/10\/24\/honduras-60-<wbr \/>comunicadores-asesinados-<wbr \/>impunemente-y-el-periodista-<wbr \/>ricardo-ellner-bajo-amenaza\/<\/a><\/p>\n<p>Tradu\u00e7\u00e3o: Partido Comunista Brasileiro (PCB)<\/p>\n","protected":false},"excerpt":{"rendered":"Por Andr\u00e9s Figueroa Cornejo, Resumen Latinoamericano \/ 24 de outubro de 2015 \u2013 Come\u00e7a a Campanha Internacional pela Liberdade de Express\u00e3o em Honduras \n<a class=\"moretag\" href=\"https:\/\/pcb.org.br\/portal2\/9712\"> <\/a>","protected":false},"author":1,"featured_media":0,"comment_status":"closed","ping_status":"closed","sticky":false,"template":"","format":"standard","meta":{"jetpack_post_was_ever_published":false,"_jetpack_newsletter_access":"","_jetpack_dont_email_post_to_subs":false,"_jetpack_newsletter_tier_id":0,"_jetpack_memberships_contains_paywalled_content":false,"_jetpack_memberships_contains_paid_content":false,"footnotes":"","jetpack_publicize_message":"","jetpack_publicize_feature_enabled":true,"jetpack_social_post_already_shared":true,"jetpack_social_options":{"image_generator_settings":{"template":"highway","default_image_id":0,"font":"","enabled":false},"version":2}},"categories":[30],"tags":[],"class_list":["post-9712","post","type-post","status-publish","format-standard","hentry","category-c38-honduras"],"jetpack_publicize_connections":[],"jetpack_featured_media_url":"","jetpack_shortlink":"https:\/\/wp.me\/p659gw-2wE","jetpack-related-posts":[],"jetpack_likes_enabled":true,"jetpack_sharing_enabled":true,"_links":{"self":[{"href":"https:\/\/pcb.org.br\/portal2\/wp-json\/wp\/v2\/posts\/9712","targetHints":{"allow":["GET"]}}],"collection":[{"href":"https:\/\/pcb.org.br\/portal2\/wp-json\/wp\/v2\/posts"}],"about":[{"href":"https:\/\/pcb.org.br\/portal2\/wp-json\/wp\/v2\/types\/post"}],"author":[{"embeddable":true,"href":"https:\/\/pcb.org.br\/portal2\/wp-json\/wp\/v2\/users\/1"}],"replies":[{"embeddable":true,"href":"https:\/\/pcb.org.br\/portal2\/wp-json\/wp\/v2\/comments?post=9712"}],"version-history":[{"count":0,"href":"https:\/\/pcb.org.br\/portal2\/wp-json\/wp\/v2\/posts\/9712\/revisions"}],"wp:attachment":[{"href":"https:\/\/pcb.org.br\/portal2\/wp-json\/wp\/v2\/media?parent=9712"}],"wp:term":[{"taxonomy":"category","embeddable":true,"href":"https:\/\/pcb.org.br\/portal2\/wp-json\/wp\/v2\/categories?post=9712"},{"taxonomy":"post_tag","embeddable":true,"href":"https:\/\/pcb.org.br\/portal2\/wp-json\/wp\/v2\/tags?post=9712"}],"curies":[{"name":"wp","href":"https:\/\/api.w.org\/{rel}","templated":true}]}}