{"id":9724,"date":"2015-10-30T15:31:12","date_gmt":"2015-10-30T18:31:12","guid":{"rendered":"http:\/\/pcb.org.br\/portal2\/?p=9724"},"modified":"2015-11-15T11:11:38","modified_gmt":"2015-11-15T14:11:38","slug":"sindicatos-de-nova-friburgo-solidarios-a-mauro-iasi","status":"publish","type":"post","link":"https:\/\/pcb.org.br\/portal2\/9724","title":{"rendered":"Sindicatos de Nova Friburgo solid\u00e1rios a Mauro Iasi"},"content":{"rendered":"<p><img data-recalc-dims=\"1\" decoding=\"async\" class=\"imagem\" title=\"imagem\" src=\"https:\/\/i0.wp.com\/3.bp.blogspot.com\/-TL5qGOZIvA8\/UbV5-ExLAfI\/AAAAAAAAAw0\/2ZSj2S-kIT8\/s1600\/IASI_n.jpg?w=747\" alt=\"imagem\" \/>Os sindicatos de trabalhadores de Nova Friburgo\/RJ, abaixo assinados, externam sua solidariedade ao professor da UFRJ e membro da dire\u00e7\u00e3o nacional do PCB, Mauro Iasi, v\u00edtima de ataques e amea\u00e7as pessoais e a sua fam\u00edlia nas redes sociais. Grupos da direita fascista divulgam mensagens de \u00f3dio e intoler\u00e2ncia ideol\u00f3gica por causa de discurso por ele proferido no Congresso Nacional da Central Sindical e Popular Conlutas, em junho deste ano, quando citou um poema de Bertolt Brecht como met\u00e1fora para afirmar que n\u00e3o h\u00e1 concilia\u00e7\u00e3o de classe ou di\u00e1logo poss\u00edvel com os grupos conservadores.<!--more--><\/p>\n<p>Tais ataques t\u00eam o prop\u00f3sito maior de intimidar todos aqueles que, no Brasil de hoje, marcado por uma forte crise econ\u00f4mica e pol\u00edtica,\u00a0 lutam pela amplia\u00e7\u00e3o dos direitos individuais, sociais e trabalhistas e pelos espa\u00e7os de participa\u00e7\u00e3o popular em nossa sociedade.\u00a0Seguiremos firmes contra as amea\u00e7as fascistas dirigidas a todo e qualquer lutador social e na defesa dos interesses da classe trabalhadora.<\/p>\n<p>Sindicatos dos Trabalhadores de Nova Friburgo e Regi\u00e3o: T\u00eaxteis, Hoteleiros, Banc\u00e1rios, Metal\u00fargicos, Vestu\u00e1rios, Sepe, Sinpro e Sindsprev. F\u00f3rum Sindical e Popular de Nova Friburgo.<\/p>\n<p>http:\/\/sinpronf.blogspot.com.br\/2015\/10\/solidariedade-do-sinpro-ao-professor.html<\/p>\n","protected":false},"excerpt":{"rendered":"Os sindicatos de trabalhadores de Nova Friburgo\/RJ, abaixo assinados, externam sua solidariedade ao professor da UFRJ e membro da dire\u00e7\u00e3o nacional do PCB, \n<a class=\"moretag\" href=\"https:\/\/pcb.org.br\/portal2\/9724\"> <\/a>","protected":false},"author":1,"featured_media":0,"comment_status":"closed","ping_status":"closed","sticky":false,"template":"","format":"standard","meta":{"jetpack_post_was_ever_published":false,"_jetpack_newsletter_access":"","_jetpack_dont_email_post_to_subs":false,"_jetpack_newsletter_tier_id":0,"_jetpack_memberships_contains_paywalled_content":false,"_jetpack_memberships_contains_paid_content":false,"footnotes":"","jetpack_publicize_message":"","jetpack_publicize_feature_enabled":true,"jetpack_social_post_already_shared":true,"jetpack_social_options":{"image_generator_settings":{"template":"highway","default_image_id":0,"font":"","enabled":false},"version":2}},"categories":[176,71],"tags":[],"class_list":["post-9724","post","type-post","status-publish","format-standard","hentry","category-mauro-iasipcb","category-c84-solidariedade"],"jetpack_publicize_connections":[],"jetpack_featured_media_url":"","jetpack_shortlink":"https:\/\/wp.me\/p659gw-2wQ","jetpack-related-posts":[],"jetpack_likes_enabled":true,"jetpack_sharing_enabled":true,"_links":{"self":[{"href":"https:\/\/pcb.org.br\/portal2\/wp-json\/wp\/v2\/posts\/9724","targetHints":{"allow":["GET"]}}],"collection":[{"href":"https:\/\/pcb.org.br\/portal2\/wp-json\/wp\/v2\/posts"}],"about":[{"href":"https:\/\/pcb.org.br\/portal2\/wp-json\/wp\/v2\/types\/post"}],"author":[{"embeddable":true,"href":"https:\/\/pcb.org.br\/portal2\/wp-json\/wp\/v2\/users\/1"}],"replies":[{"embeddable":true,"href":"https:\/\/pcb.org.br\/portal2\/wp-json\/wp\/v2\/comments?post=9724"}],"version-history":[{"count":0,"href":"https:\/\/pcb.org.br\/portal2\/wp-json\/wp\/v2\/posts\/9724\/revisions"}],"wp:attachment":[{"href":"https:\/\/pcb.org.br\/portal2\/wp-json\/wp\/v2\/media?parent=9724"}],"wp:term":[{"taxonomy":"category","embeddable":true,"href":"https:\/\/pcb.org.br\/portal2\/wp-json\/wp\/v2\/categories?post=9724"},{"taxonomy":"post_tag","embeddable":true,"href":"https:\/\/pcb.org.br\/portal2\/wp-json\/wp\/v2\/tags?post=9724"}],"curies":[{"name":"wp","href":"https:\/\/api.w.org\/{rel}","templated":true}]}}