{"id":9726,"date":"2015-10-30T15:35:16","date_gmt":"2015-10-30T18:35:16","guid":{"rendered":"http:\/\/pcb.org.br\/portal2\/?p=9726"},"modified":"2015-11-15T11:11:38","modified_gmt":"2015-11-15T14:11:38","slug":"pela-liberdade-de-expressao-solidariedade-a-mauro-iasi","status":"publish","type":"post","link":"https:\/\/pcb.org.br\/portal2\/9726","title":{"rendered":"Pela liberdade de express\u00e3o: Solidariedade a Mauro Iasi"},"content":{"rendered":"<p><img data-recalc-dims=\"1\" decoding=\"async\" class=\"imagem\" title=\"imagem\" src=\"https:\/\/i0.wp.com\/asa.org.br\/wp-content\/uploads\/2015\/01\/logo-site-ASA-branco.jpg?w=747\" alt=\"imagem\" \/>Tem sido frequente uma grave distor\u00e7\u00e3o no debate pol\u00edtico nacional. O que deveria ser o choque de argumentos, o confronto de projetos, deriva em insultos, ofensas, amea\u00e7as. Nas redes sociais, mas n\u00e3o exclusivamente nelas, o n\u00edvel de agressividade, de nega\u00e7\u00e3o do diferente, alcan\u00e7a os decib\u00e9is da barb\u00e1rie.<!--more--><\/p>\n<p>Preocupada com esta tend\u00eancia, a diretoria da ASA \u2013 Associa\u00e7\u00e3o Scholem Aleichem de Cultura e Recrea\u00e7\u00e3o (<a href=\"http:\/\/asa.org.br\/\" target=\"_blank\">www.asa.org.br<\/a>), do Rio de Janeiro, vem a p\u00fablico manifestar sua solidariedade a Mauro Iasi. A cita\u00e7\u00e3o, numa plen\u00e1ria sindical, de um poema de Brecht, com toda a carga simb\u00f3lica que encerra qualquer obra po\u00e9tica, serviu de pretexto para uma enxurrada de ofensas pessoais e amea\u00e7as de morte. Esta \u00e9 uma patologia antidemocr\u00e1tica, que agride a liberdade de express\u00e3o e exibe a m\u00e1scara selvagem da extrema-direita.<\/p>\n<p>Unimo-nos aos setores democr\u00e1ticos e progressistas na condena\u00e7\u00e3o \u00e0s agress\u00f5es sofridas pelo professor e militante Mauro Iasi.<\/p>\n<p>Rio de Janeiro, 29 de outubro de 2015<\/p>\n","protected":false},"excerpt":{"rendered":"Tem sido frequente uma grave distor\u00e7\u00e3o no debate pol\u00edtico nacional. O que deveria ser o choque de argumentos, o confronto de projetos, deriva \n<a class=\"moretag\" href=\"https:\/\/pcb.org.br\/portal2\/9726\"> <\/a>","protected":false},"author":1,"featured_media":0,"comment_status":"closed","ping_status":"closed","sticky":false,"template":"","format":"standard","meta":{"jetpack_post_was_ever_published":false,"_jetpack_newsletter_access":"","_jetpack_dont_email_post_to_subs":false,"_jetpack_newsletter_tier_id":0,"_jetpack_memberships_contains_paywalled_content":false,"_jetpack_memberships_contains_paid_content":false,"footnotes":"","jetpack_publicize_message":"","jetpack_publicize_feature_enabled":true,"jetpack_social_post_already_shared":true,"jetpack_social_options":{"image_generator_settings":{"template":"highway","default_image_id":0,"font":"","enabled":false},"version":2}},"categories":[176,71],"tags":[],"class_list":["post-9726","post","type-post","status-publish","format-standard","hentry","category-mauro-iasipcb","category-c84-solidariedade"],"jetpack_publicize_connections":[],"jetpack_featured_media_url":"","jetpack_shortlink":"https:\/\/wp.me\/p659gw-2wS","jetpack-related-posts":[],"jetpack_likes_enabled":true,"jetpack_sharing_enabled":true,"_links":{"self":[{"href":"https:\/\/pcb.org.br\/portal2\/wp-json\/wp\/v2\/posts\/9726","targetHints":{"allow":["GET"]}}],"collection":[{"href":"https:\/\/pcb.org.br\/portal2\/wp-json\/wp\/v2\/posts"}],"about":[{"href":"https:\/\/pcb.org.br\/portal2\/wp-json\/wp\/v2\/types\/post"}],"author":[{"embeddable":true,"href":"https:\/\/pcb.org.br\/portal2\/wp-json\/wp\/v2\/users\/1"}],"replies":[{"embeddable":true,"href":"https:\/\/pcb.org.br\/portal2\/wp-json\/wp\/v2\/comments?post=9726"}],"version-history":[{"count":0,"href":"https:\/\/pcb.org.br\/portal2\/wp-json\/wp\/v2\/posts\/9726\/revisions"}],"wp:attachment":[{"href":"https:\/\/pcb.org.br\/portal2\/wp-json\/wp\/v2\/media?parent=9726"}],"wp:term":[{"taxonomy":"category","embeddable":true,"href":"https:\/\/pcb.org.br\/portal2\/wp-json\/wp\/v2\/categories?post=9726"},{"taxonomy":"post_tag","embeddable":true,"href":"https:\/\/pcb.org.br\/portal2\/wp-json\/wp\/v2\/tags?post=9726"}],"curies":[{"name":"wp","href":"https:\/\/api.w.org\/{rel}","templated":true}]}}