{"id":975,"date":"2010-11-15T21:27:20","date_gmt":"2010-11-15T21:27:20","guid":{"rendered":"http:\/\/pcb.org.br\/portal2\/?p=975"},"modified":"2010-11-15T21:27:20","modified_gmt":"2010-11-15T21:27:20","slug":"a-necessaria-organizacao-revolucionaria-para-a-defesa-do-projeto-bolivariano","status":"publish","type":"post","link":"https:\/\/pcb.org.br\/portal2\/975","title":{"rendered":"A necess\u00e1ria organiza\u00e7\u00e3o revolucion\u00e1ria para a defesa do projeto bolivariano"},"content":{"rendered":"\n<p>\u00c9 poss\u00edvel dizer que a revolu\u00e7\u00e3o Venezuelana \u00e9 resultado da crise estrutural do capitalismo em escala global, assim como tamb\u00e9m das contradi\u00e7\u00f5es sociais, econ\u00f4micas e \u00e9tico-pol\u00edticas desenvolvidas no pa\u00eds nos \u00faltimos 100 anos, no que se denominou quarta rep\u00fablica. \u00c9 um processo pol\u00edtico de participa\u00e7\u00e3o popular de profundas ra\u00edzes sociais e hist\u00f3ricas, que se mant\u00e9m na consci\u00eancia coletiva atrav\u00e9s do tempo. Tal processo fica refletido no projeto de pa\u00eds, na Constitui\u00e7\u00e3o da Rep\u00fablica Bolivariana da Venezuela, onde est\u00e3o expostas essas id\u00e9ias; na reivindica\u00e7\u00e3o da identidade venezuelana (hist\u00f3ria-cultura-soberania), nas pretens\u00f5es fundamentais do povo venezuelano, na distribui\u00e7\u00e3o equitativa do patrim\u00f4nio nacional coletivo, no desenvolvimento de pol\u00edticas econ\u00f4micas, internacionais e de defesa da soberania, na independ\u00eancia solid\u00e1ria e igualit\u00e1ria e entre outros aspectos.<\/p>\n<p>No mesmo momento que assumiu o governo o Presidente Hugo Ch\u00e1vez, a Revolu\u00e7\u00e3o Bolivariana vem sendo v\u00edtima de inumer\u00e1veis agress\u00f5es em sua maioria perpetradas pelo imperialismo norte-americano, de todas as formas existentes. A pol\u00edtica seguida pelo pent\u00e1gono \u00e9 uma resposta \u00e0 a\u00e7\u00e3o do governo bolivariano que favorece \u00e0s grandes maiorias do povo venezuelano e atenta contra os interesses do capital transnacional e da oligarquia criolla.<\/p>\n<p>Frente \u00e0 realidade descrita, \u00e9 preciso fazer um chamado de aten\u00e7\u00e3o aos militantes e simpatizantes do movimento bolivariano, pois o partido \u00e9 o instrumento para informar e organizar o povo para fazer frente \u00e0 guerra Ideol\u00f3gica (denominada de IV gera\u00e7\u00e3o). \u00c9 uma guerra travada atrav\u00e9s da ind\u00fastria cultural (mass-m\u00e9dia, redes eletr\u00f4nicas-inform\u00e1ticas, intelectuais org\u00e2nicos ao servi\u00e7o do capital, religi\u00f5es, sistema educativo), que difundem de maneira permanente as matrizes de opini\u00e3o orientadas a tergiversar-manipular a popula\u00e7\u00e3o da Venezuela e do resto do mundo. Tal guerra, tamb\u00e9m est\u00e1 articulada \u00e0 Guerra Econ\u00f4mica que, mediante diversos mecanismos, se adianta contra a economia venezuelana, entre outras; com a fuga de divisas, sabotagem e greve intencionada da produ\u00e7\u00e3o, monop\u00f3lio, especula\u00e7\u00e3o, contrabando de extra\u00e7\u00e3o. Tamb\u00e9m est\u00e1 na ordem do dia a Infiltra\u00e7\u00e3o dos agentes do imperialismo e da direita venezuelana em importantes organiza\u00e7\u00f5es pol\u00edticas revolucion\u00e1rias, assim como inst\u00e2ncias fundamentais do Governo Bolivariano e do Poder Popular.<\/p>\n<p><strong>Para executar a diretriz planejada faz falta uma organiza\u00e7\u00e3o revolucion\u00e1ria com milit\u00e2ncia comprometida.<\/strong><\/p>\n<p>Com rela\u00e7\u00e3o ao tema da milit\u00e2ncia e o seu compromisso pol\u00edtico, nos parece pertinente a valoriza\u00e7\u00e3o que faz o Presidente do Uruguai, Pepe Mujica, veterano dirigente revolucion\u00e1rio. \u201cN\u00f3s militantes n\u00e3o somos \u2018super-homens\u2019 que n\u00e3o erram. N\u00e3o carregamos uma cruz de sacrif\u00edcios, n\u00e3o somos corajosos e nem abnegados voluntaristas.<\/p>\n<p>Somos seres comuns e correntes que n\u00e3o renunciam \u00e0s \u2018coisas boas da vida\u2019, que sentem alegria com um vinho, com uma boa comida, com um abra\u00e7o, com um concerto musical, com uma exposi\u00e7\u00e3o art\u00edstica, com um filme, com uma por\u00e7\u00e3o de amigos, que \u2018n\u00e3o dizemos n\u00e3o quando o amor promove uma guinada numa esquina da vida\u2019. Somos como qualquer um, mas reservamos um peda\u00e7o da exist\u00eancia, da alma, para construir sonhos coletivos. N\u00f3s militantes tratamos de transformar em for\u00e7a coletiva de massas o que sozinho perde um potencial gigantesco. Esta transforma\u00e7\u00e3o requer organiza\u00e7\u00e3o, compromisso, disciplina, desfrute e paix\u00e3o, com e pela atividade pol\u00edtica, pois \u2018o progresso da condi\u00e7\u00e3o humana requer que exista gente que se sinta feliz em gastar sua vida \u00e0 servi\u00e7o do \u2018progresso\u2019 humano\u201d (Revista Vento Sul).<\/p>\n<p>Essa \u00e9 a orienta\u00e7\u00e3o que nos deveria assinalar a pr\u00e1xis pol\u00edtica. Mas, pelo contr\u00e1rio, deixa muito a desejar numa organiza\u00e7\u00e3o como o PSUV, que j\u00e1 come\u00e7a a desviar-se para uma estrutura que repete os velhos v\u00edcios do mesmo \u201csistema\u201d que aspira destruir (at\u00e9 estatut\u00e1rios), que cria dificuldades \u00e0 confronta\u00e7\u00e3o livre de opini\u00f5es, onde a luta interna est\u00e1 se expressando atrav\u00e9s de rasteiras, grupelhos, pactos entre grupos e neg\u00f3cios obscuros. Estruturas assim terminam por produzir militantes med\u00edocres, condicionados, cujo valor e esp\u00edrito cr\u00edtico s\u00e3o anulados, convertendo-se em repetidores de clich\u00eas pseudo-revolucion\u00e1rios, originando um distanciamento das massas, for\u00e7ando-as a outras op\u00e7\u00f5es.<\/p>\n<p>Sem vanguarda pol\u00edtica que mobilize a popula\u00e7\u00e3o n\u00e3o existir\u00e1 defesa efetiva do processo revolucion\u00e1rio. \u00c9 necess\u00e1rio avan\u00e7ar e consolidar inst\u00e2ncias para a forma\u00e7\u00e3o pol\u00edtica da milit\u00e2ncia e dos cidad\u00e3os em geral. Nosso trabalho e a nossa a\u00e7\u00e3o como revolucion\u00e1rio, deve se acontecer em todos os espa\u00e7os e inst\u00e2ncias. Elas devem orientar-se a impedir o crescimento do capitalismo.<\/p>\n<p>Por fim, \u00e9 preciso empenho na constru\u00e7\u00e3o de uma verdadeira organiza\u00e7\u00e3o pol\u00edtica revolucion\u00e1ria para avan\u00e7ar na auto-organiza\u00e7\u00e3o social. Uma milit\u00e2ncia profunda \u00e9 a chave para que perdure o projeto revolucion\u00e1rio, esse \u00e9 um dos pontos cabais do debate pol\u00edtico atual.<\/p>\n<p>ordonez47@hotmail.com<\/p>\n<p>Traduzido por Maria Fernanda<a href=\"mailto:Ordonez47@hotmail.com\" target=\"_blank\"><\/a><\/p>\n","protected":false},"excerpt":{"rendered":"\n\n\nGonzalez Ordonez\n\n\n\n\n\n\n\n\nAntonio Gonz\u00e1lez Ordo\u00f1ez\n<a class=\"moretag\" href=\"https:\/\/pcb.org.br\/portal2\/975\"> <\/a>","protected":false},"author":1,"featured_media":0,"comment_status":"open","ping_status":"open","sticky":false,"template":"","format":"standard","meta":{"jetpack_post_was_ever_published":false,"_jetpack_newsletter_access":"","_jetpack_dont_email_post_to_subs":false,"_jetpack_newsletter_tier_id":0,"_jetpack_memberships_contains_paywalled_content":false,"_jetpack_memberships_contains_paid_content":false,"footnotes":"","jetpack_publicize_message":"","jetpack_publicize_feature_enabled":true,"jetpack_social_post_already_shared":false,"jetpack_social_options":{"image_generator_settings":{"template":"highway","default_image_id":0,"font":"","enabled":false},"version":2}},"categories":[45],"tags":[],"class_list":["post-975","post","type-post","status-publish","format-standard","hentry","category-c54-venezuela"],"jetpack_publicize_connections":[],"jetpack_featured_media_url":"","jetpack_shortlink":"https:\/\/wp.me\/p659gw-fJ","jetpack-related-posts":[],"jetpack_likes_enabled":true,"jetpack_sharing_enabled":true,"_links":{"self":[{"href":"https:\/\/pcb.org.br\/portal2\/wp-json\/wp\/v2\/posts\/975","targetHints":{"allow":["GET"]}}],"collection":[{"href":"https:\/\/pcb.org.br\/portal2\/wp-json\/wp\/v2\/posts"}],"about":[{"href":"https:\/\/pcb.org.br\/portal2\/wp-json\/wp\/v2\/types\/post"}],"author":[{"embeddable":true,"href":"https:\/\/pcb.org.br\/portal2\/wp-json\/wp\/v2\/users\/1"}],"replies":[{"embeddable":true,"href":"https:\/\/pcb.org.br\/portal2\/wp-json\/wp\/v2\/comments?post=975"}],"version-history":[{"count":0,"href":"https:\/\/pcb.org.br\/portal2\/wp-json\/wp\/v2\/posts\/975\/revisions"}],"wp:attachment":[{"href":"https:\/\/pcb.org.br\/portal2\/wp-json\/wp\/v2\/media?parent=975"}],"wp:term":[{"taxonomy":"category","embeddable":true,"href":"https:\/\/pcb.org.br\/portal2\/wp-json\/wp\/v2\/categories?post=975"},{"taxonomy":"post_tag","embeddable":true,"href":"https:\/\/pcb.org.br\/portal2\/wp-json\/wp\/v2\/tags?post=975"}],"curies":[{"name":"wp","href":"https:\/\/api.w.org\/{rel}","templated":true}]}}