{"id":9767,"date":"2015-11-02T12:02:28","date_gmt":"2015-11-02T15:02:28","guid":{"rendered":"http:\/\/pcb.org.br\/portal2\/?p=9767"},"modified":"2015-11-16T12:36:00","modified_gmt":"2015-11-16T15:36:00","slug":"nilo-batista-sera-o-advogado-de-mauro-iasi-frente-as-ameacas-de-setores-conservadores-e-fascistas","status":"publish","type":"post","link":"https:\/\/pcb.org.br\/portal2\/9767","title":{"rendered":"Nilo Batista ser\u00e1 o advogado de Mauro Iasi frente \u00e0s amea\u00e7as de setores conservadores e fascistas"},"content":{"rendered":"<p><img decoding=\"async\" class=\"imagem\" title=\"imagem\" src=\"https:\/\/lh4.googleusercontent.com\/N-aeiDF-H9Phiz9L7C46xjT_CPv9XvLarEX5gwQUgFY=w937-h527\" alt=\"imagem\" \/>Como temos divulgado amplamente, o professor da UFRJ e membro do Comit\u00ea Central do PCB, Mauro Iasi, vem sendo v\u00edtima de agressiva campanha de setores conservadores e inclusive alguns de corte fascista pelas redes sociais, em raz\u00e3o de ter citado o poema de Bertolt Brecht <i>(Perguntas a um homem bom)<\/i> em discurso num congresso sindical.<!--more--><\/p>\n<p>Recentemente, os deputados federais Jair e Eduardo Bolsonaro entraram com uma representa\u00e7\u00e3o no Minist\u00e9rio P\u00fablico Federal contra Mauro, com base na Lei de Seguran\u00e7a Nacional, sob a acusa\u00e7\u00e3o de ele ter utilizado \u201c<i>not\u00f3rio ardil em sua orat\u00f3ria\u201d<\/i> ao citar <i>\u201csuposta obra liter\u00e1ria\u201d<\/i>.<\/p>\n<p>Em v\u00e1rias postagens, a men\u00e7\u00e3o ao poema de Brecht foi suprimida, com manipula\u00e7\u00e3o de textos escritos e inclusive de materiais audiovisuais que divulgam o discurso do nosso camarada, para passar a impress\u00e3o de que aquelas palavras eram do orador e n\u00e3o de Brecht.<\/p>\n<p>Entre cr\u00edticas num n\u00edvel que respeitamos h\u00e1 amea\u00e7as, algumas das quais raiam a histeria anticomunista. Amea\u00e7am Mauro Iasi de persegui\u00e7\u00e3o, de agress\u00e3o f\u00edsica e at\u00e9 de morte.<\/p>\n<p>Nesta semana, o Dr. Nilo Batista, um dos maiores criminalistas brasileiros e um baluarte na luta pelas liberdades democr\u00e1ticas, resolveu assumir a assist\u00eancia jur\u00eddica de Mauro Iasi, n\u00e3o s\u00f3 na sua defesa frente \u00e0 representa\u00e7\u00e3o dos citados deputados, mas em a\u00e7\u00f5es criminais contra aqueles que o v\u00eam amea\u00e7ando explicitamente.<\/p>\n<p>Para formalizar a assist\u00eancia jur\u00eddica, reuniram-se no escrit\u00f3rio do eminente advogado, como se v\u00ea na foto, Ivan Pinheiro (pelo PCB), os Drs. Fabio Dib e Nilo Batista e Mauro Iasi.<\/p>\n","protected":false},"excerpt":{"rendered":"Como temos divulgado amplamente, o professor da UFRJ e membro do Comit\u00ea Central do PCB, Mauro Iasi, vem sendo v\u00edtima de agressiva campanha \n<a class=\"moretag\" href=\"https:\/\/pcb.org.br\/portal2\/9767\"> <\/a>","protected":false},"author":1,"featured_media":0,"comment_status":"closed","ping_status":"closed","sticky":false,"template":"","format":"standard","meta":{"jetpack_post_was_ever_published":false,"_jetpack_newsletter_access":"","_jetpack_dont_email_post_to_subs":false,"_jetpack_newsletter_tier_id":0,"_jetpack_memberships_contains_paywalled_content":false,"_jetpack_memberships_contains_paid_content":false,"footnotes":"","jetpack_publicize_message":"","jetpack_publicize_feature_enabled":true,"jetpack_social_post_already_shared":true,"jetpack_social_options":{"image_generator_settings":{"template":"highway","default_image_id":0,"font":"","enabled":false},"version":2}},"categories":[176,71],"tags":[],"class_list":["post-9767","post","type-post","status-publish","format-standard","hentry","category-mauro-iasipcb","category-c84-solidariedade"],"jetpack_publicize_connections":[],"jetpack_featured_media_url":"","jetpack_shortlink":"https:\/\/wp.me\/p659gw-2xx","jetpack-related-posts":[],"jetpack_likes_enabled":true,"jetpack_sharing_enabled":true,"_links":{"self":[{"href":"https:\/\/pcb.org.br\/portal2\/wp-json\/wp\/v2\/posts\/9767","targetHints":{"allow":["GET"]}}],"collection":[{"href":"https:\/\/pcb.org.br\/portal2\/wp-json\/wp\/v2\/posts"}],"about":[{"href":"https:\/\/pcb.org.br\/portal2\/wp-json\/wp\/v2\/types\/post"}],"author":[{"embeddable":true,"href":"https:\/\/pcb.org.br\/portal2\/wp-json\/wp\/v2\/users\/1"}],"replies":[{"embeddable":true,"href":"https:\/\/pcb.org.br\/portal2\/wp-json\/wp\/v2\/comments?post=9767"}],"version-history":[{"count":0,"href":"https:\/\/pcb.org.br\/portal2\/wp-json\/wp\/v2\/posts\/9767\/revisions"}],"wp:attachment":[{"href":"https:\/\/pcb.org.br\/portal2\/wp-json\/wp\/v2\/media?parent=9767"}],"wp:term":[{"taxonomy":"category","embeddable":true,"href":"https:\/\/pcb.org.br\/portal2\/wp-json\/wp\/v2\/categories?post=9767"},{"taxonomy":"post_tag","embeddable":true,"href":"https:\/\/pcb.org.br\/portal2\/wp-json\/wp\/v2\/tags?post=9767"}],"curies":[{"name":"wp","href":"https:\/\/api.w.org\/{rel}","templated":true}]}}