{"id":983,"date":"2010-11-17T18:07:45","date_gmt":"2010-11-17T18:07:45","guid":{"rendered":"http:\/\/pcb.org.br\/portal2\/?p=983"},"modified":"2010-11-17T18:07:45","modified_gmt":"2010-11-17T18:07:45","slug":"colombia-50-liderancas-foram-mortas-em-90-dias-de-governo-santos","status":"publish","type":"post","link":"https:\/\/pcb.org.br\/portal2\/983","title":{"rendered":"Col\u00f4mbia: 50 lideran\u00e7as foram mortas em 90 dias de governo Santos"},"content":{"rendered":"\n<p>O Partido Polo Democr\u00e1tico Alternativo (PDA) denunciou na quarta-feira (10) que ao menos 50 l\u00edderes pol\u00edticos e sociais foram assassinados na Col\u00f4mbia nos 90 primeiros dias do governo do presidente Juan Manuel Santos, sucessor do ultradireitista \u00c1lvaro Uribe. Segundo a legenda, as mortes s\u00e3o consequ\u00eancia da crise humanit\u00e1ria que vive a na\u00e7\u00e3o sul-americana.<\/p>\n<p>A presidente do PDA, Clara Lopes, disse em comunicado apresentado ao Comit\u00ea Executivo Nacional (CEN) que as v\u00edtimas s\u00e3o pol\u00edticos de esquerda, sindicalistas, dirigentes sociais, camponeses, ind\u00edgenas e jovens, assim como defensores dos direitos humanos para a popula\u00e7\u00e3o homossexual e crian\u00e7as. &#8220;Trata-se de uma crise humanit\u00e1ria com n\u00fameros verific\u00e1veis e casos constatados.&#8221;<\/p>\n<p>De acordo com Clara, o PDA observa com preocupa\u00e7\u00e3o esse &#8220;fen\u00f4meno de amea\u00e7as e assassinatos&#8221;, al\u00e9m de propor a fazer &#8220;um seguimento detalhado&#8221; sobre &#8220;a popula\u00e7\u00e3o vulner\u00e1vel que n\u00e3o conta com as garantias suficientes por parte do Estado para proteger suas vidas&#8221;. Clara enfatizou que a Col\u00f4mbia &#8220;vem sendo v\u00edtima de um plano de exterm\u00ednio&#8221; contra os setores sociais e a popula\u00e7\u00e3o vulner\u00e1vel, &#8220;sem que a c\u00fapula do governo reaja&#8221; para dar &#8220;as suficientes garantias a vida, honra e bens das v\u00edtimas&#8221;.p&gt; Na \u00faltima sexta, Elizabeth Silva Aguilar, presidente da Associa\u00e7\u00e3o dos Sem-Teto e Refugiados de Bucaramanga, noroeste da Col\u00f4mbia, foi assassinada por desconhecidos que invadiram sua casa em um bairro dessa cidade, informou o PDA, que assegurou que esse assassinato foi cometido por &#8220;paramilitares supostamente n\u00e3o mobilizados&#8221;. Para o PDA, &#8220;\u00e9 um assassinato a mais que se soma a cadeia de crime e intimida\u00e7\u00f5es contra essa comunidade&#8221;.<\/p>\n<p>Representantes de organiza\u00e7\u00f5es de refugiados denunciaram que, nos \u00faltimos seis meses, ao menos cem l\u00edderes de direitos humanos foram assassinados na Col\u00f4mbia. A guerra &#8220;se mant\u00e9m sobre todo o sul da Col\u00f4mbia&#8221;. Segundo o integrante da Associa\u00e7\u00e3o de Afrocolombianos Desplazados (Afrodes), Roseliano Riascos, &#8220;primeiro chegaram panfletos amea\u00e7adores e logo se deram os assassinatos&#8221;.<\/p>\n<p>Riascos enfatizou que &#8220;a nova estrat\u00e9gia contra os l\u00edderes dos refugiados j\u00e1 n\u00e3o s\u00e3o massacres &#8211; e, sim, mortes seletivas e desapropria\u00e7\u00f5es&#8221;. Segundo a Consultoria para os Direitos Humanos e o Ref\u00fagio, desde de 2002 h\u00e1 registro de assassinatos de l\u00edderes refugiados na Col\u00f4mbia. <\/p>\n<\/p>\n<p> A ONG colombiana Codhes afirmou nesta ter\u00e7a que 3,7 milh\u00f5es de pessoas foram v\u00edtimas de ref\u00fagios for\u00e7ados, consequ\u00eancia do conflito armado que assola a Col\u00f4mbia h\u00e1 cinco d\u00e9cadas, transformando-a na na\u00e7\u00e3o com maior n\u00famero de refugiados do mundo.<\/p>\n<p><strong><em>Outra Col\u00f4mbia \u00e9 poss\u00edvel&#8230;!!<\/em><\/strong><\/p>\n<p>Fonte: http:\/\/port.pravda.ru\/news\/mundo\/15-11-2010\/30775-colombia_lideres-0\/<\/p>\n","protected":false},"excerpt":{"rendered":"\n\n\nCr\u00e9dito: Pravda\n\n\n\n\n\n\n\n\nPravda.ru\n<a class=\"moretag\" href=\"https:\/\/pcb.org.br\/portal2\/983\"> <\/a>","protected":false},"author":1,"featured_media":0,"comment_status":"open","ping_status":"open","sticky":false,"template":"","format":"standard","meta":{"jetpack_post_was_ever_published":false,"_jetpack_newsletter_access":"","_jetpack_dont_email_post_to_subs":false,"_jetpack_newsletter_tier_id":0,"_jetpack_memberships_contains_paywalled_content":false,"_jetpack_memberships_contains_paid_content":false,"footnotes":"","jetpack_publicize_message":"","jetpack_publicize_feature_enabled":true,"jetpack_social_post_already_shared":false,"jetpack_social_options":{"image_generator_settings":{"template":"highway","default_image_id":0,"font":"","enabled":false},"version":2}},"categories":[34],"tags":[],"class_list":["post-983","post","type-post","status-publish","format-standard","hentry","category-c39-colombia"],"jetpack_publicize_connections":[],"jetpack_featured_media_url":"","jetpack_shortlink":"https:\/\/wp.me\/p659gw-fR","jetpack-related-posts":[],"jetpack_likes_enabled":true,"jetpack_sharing_enabled":true,"_links":{"self":[{"href":"https:\/\/pcb.org.br\/portal2\/wp-json\/wp\/v2\/posts\/983","targetHints":{"allow":["GET"]}}],"collection":[{"href":"https:\/\/pcb.org.br\/portal2\/wp-json\/wp\/v2\/posts"}],"about":[{"href":"https:\/\/pcb.org.br\/portal2\/wp-json\/wp\/v2\/types\/post"}],"author":[{"embeddable":true,"href":"https:\/\/pcb.org.br\/portal2\/wp-json\/wp\/v2\/users\/1"}],"replies":[{"embeddable":true,"href":"https:\/\/pcb.org.br\/portal2\/wp-json\/wp\/v2\/comments?post=983"}],"version-history":[{"count":0,"href":"https:\/\/pcb.org.br\/portal2\/wp-json\/wp\/v2\/posts\/983\/revisions"}],"wp:attachment":[{"href":"https:\/\/pcb.org.br\/portal2\/wp-json\/wp\/v2\/media?parent=983"}],"wp:term":[{"taxonomy":"category","embeddable":true,"href":"https:\/\/pcb.org.br\/portal2\/wp-json\/wp\/v2\/categories?post=983"},{"taxonomy":"post_tag","embeddable":true,"href":"https:\/\/pcb.org.br\/portal2\/wp-json\/wp\/v2\/tags?post=983"}],"curies":[{"name":"wp","href":"https:\/\/api.w.org\/{rel}","templated":true}]}}