{"id":9838,"date":"2015-11-09T17:02:06","date_gmt":"2015-11-09T20:02:06","guid":{"rendered":"http:\/\/pcb.org.br\/portal2\/?p=9838"},"modified":"2015-12-03T11:18:23","modified_gmt":"2015-12-03T14:18:23","slug":"partido-comunista-dos-povos-de-espanha-pcpe-em-solidariedade-a-mauro-iasi","status":"publish","type":"post","link":"https:\/\/pcb.org.br\/portal2\/9838","title":{"rendered":"Partido Comunista dos Povos de Espanha (PCPE) em solidariedade a Mauro Iasi"},"content":{"rendered":"<p><img data-recalc-dims=\"1\" decoding=\"async\" class=\"imagem\" title=\"imagem\" src=\"https:\/\/i0.wp.com\/www.pcpe.es\/images\/banners\/xcabec-pcpeWEB2.png.pagespeed.ic.MExq8l7kn1.png?w=747\" alt=\"imagem\" \/>Estimados camaradas:<\/p>\n<p>O PCPE quer expressar sua solidariedade com o militante comunista brasileiro Mauro Iasi, membro do Partido Comunista Brasileiro (PCB), enviar um forte abra\u00e7o classista e deixar claro que n\u00e3o est\u00e1 s\u00f3 ante a campanha de agress\u00e3o e amea\u00e7as de morte que est\u00e1 recebendo.<!--more--><\/p>\n<p>O PCPE quer denunciar as amea\u00e7as de morte e manipula\u00e7\u00f5es da extrema direita contra Mauro Iasi e sua fam\u00edlia. As campanhas anticomunistas s\u00e3o uma din\u00e2mica habitual sob a ditadura do capital e, como comunistas, n\u00e3o devemos deixar de denunci\u00e1-las. O camarada Mauro Iasi apenas \u00e9 culpado de uma coisa: pela defesa da classe oper\u00e1ria e pela den\u00fancia da viol\u00eancia da extrema direita e dos assassinatos do capital.<\/p>\n<p>Reiteramos nossa plena solidariedade com a milit\u00e2ncia do PCB e com Mauro Iasi, assim com toda sua fam\u00edlia e gostar\u00edamos de transmitir que n\u00e3o est\u00e1 s\u00f3 nesta luta contra a extrema direita e suas amea\u00e7as.<\/p>\n<p>Viva o internacionalismo prolet\u00e1rio!<\/p>\n<p>N\u00e3o passar\u00e3o!<\/p>\n<p>PCPE \u2013 Partido Comunista dos Povos de Espanha<\/p>\n<p>Tradu\u00e7\u00e3o: Partido Comunista Brasileiro (PCB)<\/p>\n","protected":false},"excerpt":{"rendered":"Estimados camaradas: O PCPE quer expressar sua solidariedade com o militante comunista brasileiro Mauro Iasi, membro do Partido Comunista Brasileiro (PCB), enviar um \n<a class=\"moretag\" href=\"https:\/\/pcb.org.br\/portal2\/9838\"> <\/a>","protected":false},"author":1,"featured_media":0,"comment_status":"closed","ping_status":"closed","sticky":false,"template":"","format":"standard","meta":{"jetpack_post_was_ever_published":false,"_jetpack_newsletter_access":"","_jetpack_dont_email_post_to_subs":false,"_jetpack_newsletter_tier_id":0,"_jetpack_memberships_contains_paywalled_content":false,"_jetpack_memberships_contains_paid_content":false,"footnotes":"","jetpack_publicize_message":"","jetpack_publicize_feature_enabled":true,"jetpack_social_post_already_shared":true,"jetpack_social_options":{"image_generator_settings":{"template":"highway","default_image_id":0,"font":"","enabled":false},"version":2}},"categories":[176,71],"tags":[],"class_list":["post-9838","post","type-post","status-publish","format-standard","hentry","category-mauro-iasipcb","category-c84-solidariedade"],"jetpack_publicize_connections":[],"jetpack_featured_media_url":"","jetpack_shortlink":"https:\/\/wp.me\/p659gw-2yG","jetpack-related-posts":[],"jetpack_likes_enabled":true,"jetpack_sharing_enabled":true,"_links":{"self":[{"href":"https:\/\/pcb.org.br\/portal2\/wp-json\/wp\/v2\/posts\/9838","targetHints":{"allow":["GET"]}}],"collection":[{"href":"https:\/\/pcb.org.br\/portal2\/wp-json\/wp\/v2\/posts"}],"about":[{"href":"https:\/\/pcb.org.br\/portal2\/wp-json\/wp\/v2\/types\/post"}],"author":[{"embeddable":true,"href":"https:\/\/pcb.org.br\/portal2\/wp-json\/wp\/v2\/users\/1"}],"replies":[{"embeddable":true,"href":"https:\/\/pcb.org.br\/portal2\/wp-json\/wp\/v2\/comments?post=9838"}],"version-history":[{"count":0,"href":"https:\/\/pcb.org.br\/portal2\/wp-json\/wp\/v2\/posts\/9838\/revisions"}],"wp:attachment":[{"href":"https:\/\/pcb.org.br\/portal2\/wp-json\/wp\/v2\/media?parent=9838"}],"wp:term":[{"taxonomy":"category","embeddable":true,"href":"https:\/\/pcb.org.br\/portal2\/wp-json\/wp\/v2\/categories?post=9838"},{"taxonomy":"post_tag","embeddable":true,"href":"https:\/\/pcb.org.br\/portal2\/wp-json\/wp\/v2\/tags?post=9838"}],"curies":[{"name":"wp","href":"https:\/\/api.w.org\/{rel}","templated":true}]}}