{"id":9841,"date":"2015-11-09T17:11:03","date_gmt":"2015-11-09T20:11:03","guid":{"rendered":"http:\/\/pcb.org.br\/portal2\/?p=9841"},"modified":"2017-11-09T16:59:40","modified_gmt":"2017-11-09T19:59:40","slug":"comunicado-de-imprensa-do-encontro-internacional-de-partidos-comunistas-e-operarios-em-istambul-em-30-de-outubro-01-de-novembro-de-2015","status":"publish","type":"post","link":"https:\/\/pcb.org.br\/portal2\/9841","title":{"rendered":"Comunicado de imprensa do Encontro Internacional de Partidos Comunistas e Oper\u00e1rios em Istambul, em 30 de outubro-01 de novembro de 2015"},"content":{"rendered":"<p><img data-recalc-dims=\"1\" decoding=\"async\" class=\"imagem\" title=\"imagem\" src=\"https:\/\/i0.wp.com\/lh3.googleusercontent.com\/-Z1Ah_h9xKz8\/VfayA-i5gpI\/AAAAAAAAIkA\/FuoSupFsfZk\/s912-Ic42\/17IMCWP-logo.jpg?w=747&#038;ssl=1\" alt=\"imagem\" \/>(pelo Partido Comunista da Turquia)<\/p>\n<p>O 17\u00ba Encontro Internacional de Partidos Comunistas e Oper\u00e1rios foi realizado com sucesso em Istambul abordando o tema &#8220;As tarefas dos Partidos Comunistas e Oper\u00e1rios para fortalecer a luta da classe oper\u00e1ria contra a explora\u00e7\u00e3o capitalista, as guerras <!--more-->imperialistas e o fascismo, pela emancipa\u00e7\u00e3o dos trabalhadores e dos povos e pelo socialismo &#8220;. A reuni\u00e3o teve a participa\u00e7\u00e3o de 104 delegados, representando 58 partidos comunistas e oper\u00e1rios de 48 pa\u00edses. 6 partidos n\u00e3o puderam comparecer \u00e0 reuni\u00e3o contra a sua vontade, mas enviaram suas sauda\u00e7\u00f5es e contribui\u00e7\u00f5es por escrito. Ap\u00f3s a reuni\u00e3o extraordin\u00e1ria em Damasco e o 14\u00aa Encontro em Beirute, este foi o terceiro evento do EIPCO realizado em um pa\u00eds do Oriente M\u00e9dio, na \u00c1sia Menor. A reuni\u00e3o teve lugar durante a realiza\u00e7\u00e3o das elei\u00e7\u00f5es parlamentares na Turquia, das quais o Partido Comunista anfitri\u00e3o participou, sob a opress\u00e3o intensa do governo turco.<\/p>\n<p>O Encontro proporcionou uma oportunidade para a troca de opini\u00f5es e informa\u00e7\u00f5es sobre os mais recentes desenvolvimentos da reestrutura\u00e7\u00e3o imperialista, a escalada dos movimentos fascistas em diferentes regi\u00f5es, abrindo, ao mesmo tempo, oportunidades para a\u00e7\u00f5es mais vigorosas no sentido do avan\u00e7o da luta de classes. A perspectiva de desenvolver uma a\u00e7\u00e3o conjunta e convergente foi compartilhada por todos. Os partidos que participaram da reuni\u00e3o deram informa\u00e7\u00f5es sobre as suas atividades e os progressos do movimento comunista em seus pa\u00edses. Os oradores manifestaram a sua preocupa\u00e7\u00e3o com os crescentes exemplos de proibi\u00e7\u00f5es, persegui\u00e7\u00f5es e discrimina\u00e7\u00f5es contra os partidos comunistas e os trabalhadores.<\/p>\n<p>Foi percep\u00e7\u00e3o geral que cresce a responsabilidade dos partidos comunistas e oper\u00e1rios para o fortalecimento da luta da classe trabalhadora em regi\u00f5es sob amea\u00e7a imperialista e submetidas a interven\u00e7\u00f5es militares. Da mesma forma, salientou-se a preocupa\u00e7\u00e3o com as crescentes rivalidades entre as pot\u00eancias capitalistas, agravadas pelos seus colaboradores regionais. Os perigos colocados pela intensa militariza\u00e7\u00e3o e competi\u00e7\u00e3o interimperialista tamb\u00e9m fez parte das preocupa\u00e7\u00f5es, com vistas a fortalecer a luta anti-imperialista em tais regi\u00f5es. Entraram na pauta de debates a crise de refugiados e a necessidade de promover, n\u00e3o s\u00f3 a solidariedade internacionalista, mas tamb\u00e9m a consci\u00eancia de classe contra as pol\u00edticas de discrimina\u00e7\u00e3o, a xenofobia e o racismo.<\/p>\n<p>Devido \u00e0 reestrutura\u00e7\u00e3o do capitalismo e a ofensiva do imperialismo em v\u00e1rias regi\u00f5es do mundo, o Encontro chamou a aten\u00e7\u00e3o para a necessidade de superar expectativas err\u00f4neas quanto \u00e0 possibilidade de reforma da ordem capitalista em favor dos povos e de estabelecimento da paz sob o patroc\u00ednio do imperialismo. A necessidade urgente de intensificar a luta pelo socialismo foi percebida como a resposta poss\u00edvel para a luta dos povos contra a barb\u00e1rie e o empobrecimento, no sentido da ruptura com o modus vivendi hegem\u00f4nico do capitalismo.<\/p>\n<p>Em especial, foi apontada a import\u00e2ncia de orientar resist\u00eancias nacionais contra as agress\u00f5es militares imperialistas e as lutas populares contra as medidas de austeridade, assim como as mobiliza\u00e7\u00f5es da classe trabalhadora, a fim de levar essas lutas em dire\u00e7\u00e3o ao socialismo. Para isso, os partidos comunistas e oper\u00e1rios devem atuar de maneira firme em todas estas quest\u00f5es, a fim de contribuir para que o movimento da classe trabalhadora desenvolva uma base revolucion\u00e1ria socialista. Os participantes saudaram a luta dos povos da Am\u00e9rica Latina e o papel central dos comunistas nas lutas pela soberania e o socialismo, refor\u00e7ando as for\u00e7as anti-imperialistas e progressistas da regi\u00e3o. A solidariedade com Cuba e sua revolu\u00e7\u00e3o socialista, bem como com o povo venezuelano e sua revolu\u00e7\u00e3o bolivariana foi reafirmada.<\/p>\n<p>A reuni\u00e3o analisou a luta dos povos europeus contra as pol\u00edticas imperialistas dos seus governos, a explora\u00e7\u00e3o interna dos trabalhadores e escraviza\u00e7\u00e3o de imigrantes. Destacou-se a determina\u00e7\u00e3o da classe trabalhadora na Gr\u00e9cia para rejeitar a subordina\u00e7\u00e3o \u00e0 chantagem da UE, BCE, FMI, incluindo a rejei\u00e7\u00e3o de negocia\u00e7\u00f5es com a Troika. Foram saudados os resultados das elei\u00e7\u00f5es na Gr\u00e9cia e em Portugal, que, para os comunistas, representaram algo esperan\u00e7oso e encorajador.<\/p>\n<p>Os participantes debateram as consequ\u00eancias dos confrontos intercontinentais e as alian\u00e7as entre os centros imperialistas. Foram analisadas as seguintes situa\u00e7\u00f5es: a inten\u00e7\u00e3o da OTAN de instalar novas bases militares na Hungria e na Eslov\u00e1quia, a pol\u00edtica intervencionista da Russia na S\u00edria, o confronto na Ucr\u00e2nia, situa\u00e7\u00f5es estas que provocaram uma importante mudan\u00e7a na correla\u00e7\u00e3o de for\u00e7as internacional. A an\u00e1lise realizada contribui para pavimentar o caminho necess\u00e1rio ao refor\u00e7o da luta anti-imperialista, ao mesmo tempo em que aumenta o dever dos comunistas em manter sua independ\u00eancia em rela\u00e7\u00e3o aos blocos de poder centrais. For\u00e7as paramilitares fascistas, deliberadamente apoiadas por governos liberais, alterando o contexto da luta por pol\u00edticas de identidade e estimulando o dilema entre cosmopolitismo e nacionalismo, o que representa um retrocesso em rela\u00e7\u00e3o \u00e0 posi\u00e7\u00e3o internacionalista da classe trabalhadora.<\/p>\n<p>Tamb\u00e9m fez parte dos debates as negocia\u00e7\u00f5es em torno da Alian\u00e7a Trans-Pac\u00edfico e do Acordo de Parceria Trans-Atl\u00e2ntica de Com\u00e9rcio e Investimento, as quais estabelecer\u00e3o as bases para uma nova onda de ataques contra a classe trabalhadora. Tais situa\u00e7\u00f5es exigem a aten\u00e7\u00e3o dos comunistas e a elabora\u00e7\u00e3o de uma agenda de lutas para o pr\u00f3ximo per\u00edodo.<\/p>\n<p>Foi constatada a dupla amea\u00e7a no Oriente M\u00e9dio e Norte da \u00c1frica representada tanto pelos grupos terroristas quanto pelo Estado de Israel, a qual representa de fato uma coliga\u00e7\u00e3o contra as for\u00e7as nacionais seculares. N\u00e3o apenas o ISIS, mas tamb\u00e9m outros grupos isl\u00e2micos reacion\u00e1rios, notavelmente componentes das for\u00e7as mercen\u00e1rias na S\u00edria, possuem um car\u00e1ter contrarrevolucion\u00e1rio e desempenham o papel de legitimar as interven\u00e7\u00f5es militares imperialistas. Foram vigorosamente condenados o apoio dado pelas monarquias do Golfo aos grupos terroristas e o assalto promovido pela Ar\u00e1bia Saudita ao I\u00eamen, bem como a constante amea\u00e7a representada pelo Estado de Israel contra a S\u00edria. S\u00e3o ainda mais revoltantes os crescentes ataques de Israel ao povo palestino, por meio de bombardeios nas \u00e1reas residenciais e de pris\u00f5es. O Encontro declarou irrestrita solidariedade aos povos que resistem a estes ataques, particularmente na Palestina e na S\u00edria, clamando por uma luta intransigente contra o imperialismo e o fundamentalismo.<\/p>\n<p>A crescente necessidade de refor\u00e7ar a luta ideol\u00f3gica contra a infiltra\u00e7\u00e3o da ideologia burguesa dentro das fileiras do movimento comunista j\u00e1 havia sido sublinhada no Encontro Internacional anterior e em reuni\u00f5es dos grupos de trabalho. O Encontro atual atualizou os fatos e as advert\u00eancias quanto a esta quest\u00e3o. O renascimento artificial da socialdemocracia alimentada pelo populismo, estreitando a perspectiva da oposi\u00e7\u00e3o \u00e0s pol\u00edticas neoliberais, a ditaduras obsoletas e \u00e0s agress\u00f5es militares, cria uma armadilha para o movimento comunista, impedindo que a luta de classes enxergue as verdadeiras fontes destes ataques. Do mesmo modo que \u00e9 imperativo combater todos os processos de criminaliza\u00e7\u00e3o dos comunistas e de condena\u00e7\u00e3o de sua legitimidade hist\u00f3rica, \u00e9 preciso demarcar claramente a linha revolucion\u00e1ria e classista que deve embasar a a\u00e7\u00e3o dos partidos comunistas e oper\u00e1rios das tend\u00eancias conformistas e oportunistas que integram os heterog\u00eaneos movimentos de oposi\u00e7\u00e3o focados em aspectos mutantes do capitalismo contempor\u00e2neo.<\/p>\n<p>Durante o encontro de tr\u00eas dias, as delega\u00e7\u00f5es participantes tiveram a oportunidade de desenvolver as suas rela\u00e7\u00f5es bilaterais, entrar em contato com outras partes e trocar pontos de vista. Acreditamos que o Encontro Internacional contribuiu para a consolida\u00e7\u00e3o das pol\u00edticas dos partidos comunistas e de trabalhadores no desencadeamento do movimento oper\u00e1rio em cada pa\u00eds e na sua a\u00e7\u00e3o comum contra o imperialismo e o fascismo, elevando o socialismo como solu\u00e7\u00e3o concreta para a emancipa\u00e7\u00e3o da classe trabalhadora em todo o mundo. Ao final, foram aprovadas propostas de a\u00e7\u00e3o comum a serem adotadas pelos partidos como diretrizes a serem implementadas, materializadas e monitoradas pelo Grupo de Trabalho at\u00e9 o XVIII Encontro Internacional.<\/p>\n<p>Istambul, 01 de novembro de 2015.<\/p>\n","protected":false},"excerpt":{"rendered":"(pelo Partido Comunista da Turquia) O 17\u00ba Encontro Internacional de Partidos Comunistas e Oper\u00e1rios foi realizado com sucesso em Istambul abordando o tema \n<a class=\"moretag\" href=\"https:\/\/pcb.org.br\/portal2\/9841\"> <\/a>","protected":false},"author":1,"featured_media":0,"comment_status":"closed","ping_status":"closed","sticky":false,"template":"","format":"standard","meta":{"jetpack_post_was_ever_published":false,"_jetpack_newsletter_access":"","_jetpack_dont_email_post_to_subs":false,"_jetpack_newsletter_tier_id":0,"_jetpack_memberships_contains_paywalled_content":false,"_jetpack_memberships_contains_paid_content":false,"footnotes":"","jetpack_publicize_message":"","jetpack_publicize_feature_enabled":true,"jetpack_social_post_already_shared":true,"jetpack_social_options":{"image_generator_settings":{"template":"highway","default_image_id":0,"font":"","enabled":false},"version":2}},"categories":[242],"tags":[],"class_list":["post-9841","post","type-post","status-publish","format-standard","hentry","category-eipco"],"jetpack_publicize_connections":[],"jetpack_featured_media_url":"","jetpack_shortlink":"https:\/\/wp.me\/p659gw-2yJ","jetpack-related-posts":[],"jetpack_likes_enabled":true,"jetpack_sharing_enabled":true,"_links":{"self":[{"href":"https:\/\/pcb.org.br\/portal2\/wp-json\/wp\/v2\/posts\/9841","targetHints":{"allow":["GET"]}}],"collection":[{"href":"https:\/\/pcb.org.br\/portal2\/wp-json\/wp\/v2\/posts"}],"about":[{"href":"https:\/\/pcb.org.br\/portal2\/wp-json\/wp\/v2\/types\/post"}],"author":[{"embeddable":true,"href":"https:\/\/pcb.org.br\/portal2\/wp-json\/wp\/v2\/users\/1"}],"replies":[{"embeddable":true,"href":"https:\/\/pcb.org.br\/portal2\/wp-json\/wp\/v2\/comments?post=9841"}],"version-history":[{"count":0,"href":"https:\/\/pcb.org.br\/portal2\/wp-json\/wp\/v2\/posts\/9841\/revisions"}],"wp:attachment":[{"href":"https:\/\/pcb.org.br\/portal2\/wp-json\/wp\/v2\/media?parent=9841"}],"wp:term":[{"taxonomy":"category","embeddable":true,"href":"https:\/\/pcb.org.br\/portal2\/wp-json\/wp\/v2\/categories?post=9841"},{"taxonomy":"post_tag","embeddable":true,"href":"https:\/\/pcb.org.br\/portal2\/wp-json\/wp\/v2\/tags?post=9841"}],"curies":[{"name":"wp","href":"https:\/\/api.w.org\/{rel}","templated":true}]}}