{"id":9848,"date":"2015-11-11T21:25:26","date_gmt":"2015-11-12T00:25:26","guid":{"rendered":"http:\/\/pcb.org.br\/portal2\/?p=9848"},"modified":"2015-12-03T11:19:23","modified_gmt":"2015-12-03T14:19:23","slug":"todo-apoio-e-solidariedade-ao-professor-mauro-iasi","status":"publish","type":"post","link":"https:\/\/pcb.org.br\/portal2\/9848","title":{"rendered":"TODO APOIO E SOLIDARIEDADE AO PROFESSOR MAURO IASI"},"content":{"rendered":"<p><img data-recalc-dims=\"1\" decoding=\"async\" class=\"imagem\" title=\"imagem\" src=\"https:\/\/i0.wp.com\/www.sapateirosce.com.br\/images\/logo2.png?w=747\" alt=\"imagem\" \/>A Diretoria do Sindicato dos sapateiros Cear\u00e1 vem a p\u00fablico prestar total solidariedade ao professor da Universidade Federal do Rio de Janeiro(UFRJ) Mauro Iasi, militante do Partido Comunista Brasileiro (PCB), bem como repudiar a tentativa de criminaliza\u00e7\u00e3o, inj\u00farias e amea\u00e7as que determinados grupos fascistas e de ultradireita v\u00eam tentando realizar.<!--more--><\/p>\n<p>Nossa entidade repudia todas as manifesta\u00e7\u00f5es de \u00f3dio, de intoler\u00e2ncia, de inj\u00faria e amea\u00e7as tipicamente reacion\u00e1rias. A luta contra esta onda conservadora, tipicamente fascista, exige organiza\u00e7\u00f5es engajadas, militantes combativos e comprometidos com as causas populares e com a constru\u00e7\u00e3o de uma nova sociedade, Mauro Iasi \u00e9, certamente, um desses.<\/p>\n<p>Como diria Bertolt Brecht:<\/p>\n<p>&#8220;H\u00e1 aqueles que lutam um dia; e por isso s\u00e3o muito bons;<br \/>\nH\u00e1 aqueles que lutam muitos dias; e por isso s\u00e3o muito bons;<br \/>\nH\u00e1 aqueles que lutam anos; e s\u00e3o melhores ainda;<br \/>\nPor\u00e9m h\u00e1 aqueles que lutam toda a vida; esses s\u00e3o os imprescind\u00edveis.&#8221;<\/p>\n<p>http:\/\/www.sapateirosce.com.br\/index.php\/blog\/362-todo-apoio-e-solidariedade-ao-professor-mauro-iasi<\/p>\n","protected":false},"excerpt":{"rendered":"A Diretoria do Sindicato dos sapateiros Cear\u00e1 vem a p\u00fablico prestar total solidariedade ao professor da Universidade Federal do Rio de Janeiro(UFRJ) Mauro \n<a class=\"moretag\" href=\"https:\/\/pcb.org.br\/portal2\/9848\"> <\/a>","protected":false},"author":1,"featured_media":0,"comment_status":"closed","ping_status":"closed","sticky":false,"template":"","format":"standard","meta":{"jetpack_post_was_ever_published":false,"_jetpack_newsletter_access":"","_jetpack_dont_email_post_to_subs":false,"_jetpack_newsletter_tier_id":0,"_jetpack_memberships_contains_paywalled_content":false,"_jetpack_memberships_contains_paid_content":false,"footnotes":"","jetpack_publicize_message":"","jetpack_publicize_feature_enabled":true,"jetpack_social_post_already_shared":true,"jetpack_social_options":{"image_generator_settings":{"template":"highway","default_image_id":0,"font":"","enabled":false},"version":2}},"categories":[176,71],"tags":[],"class_list":["post-9848","post","type-post","status-publish","format-standard","hentry","category-mauro-iasipcb","category-c84-solidariedade"],"jetpack_publicize_connections":[],"jetpack_featured_media_url":"","jetpack_shortlink":"https:\/\/wp.me\/p659gw-2yQ","jetpack-related-posts":[],"jetpack_likes_enabled":true,"jetpack_sharing_enabled":true,"_links":{"self":[{"href":"https:\/\/pcb.org.br\/portal2\/wp-json\/wp\/v2\/posts\/9848","targetHints":{"allow":["GET"]}}],"collection":[{"href":"https:\/\/pcb.org.br\/portal2\/wp-json\/wp\/v2\/posts"}],"about":[{"href":"https:\/\/pcb.org.br\/portal2\/wp-json\/wp\/v2\/types\/post"}],"author":[{"embeddable":true,"href":"https:\/\/pcb.org.br\/portal2\/wp-json\/wp\/v2\/users\/1"}],"replies":[{"embeddable":true,"href":"https:\/\/pcb.org.br\/portal2\/wp-json\/wp\/v2\/comments?post=9848"}],"version-history":[{"count":0,"href":"https:\/\/pcb.org.br\/portal2\/wp-json\/wp\/v2\/posts\/9848\/revisions"}],"wp:attachment":[{"href":"https:\/\/pcb.org.br\/portal2\/wp-json\/wp\/v2\/media?parent=9848"}],"wp:term":[{"taxonomy":"category","embeddable":true,"href":"https:\/\/pcb.org.br\/portal2\/wp-json\/wp\/v2\/categories?post=9848"},{"taxonomy":"post_tag","embeddable":true,"href":"https:\/\/pcb.org.br\/portal2\/wp-json\/wp\/v2\/tags?post=9848"}],"curies":[{"name":"wp","href":"https:\/\/api.w.org\/{rel}","templated":true}]}}