{"id":9886,"date":"2015-11-16T11:16:41","date_gmt":"2015-11-16T14:16:41","guid":{"rendered":"http:\/\/pcb.org.br\/portal2\/?p=9886"},"modified":"2015-12-03T11:15:42","modified_gmt":"2015-12-03T14:15:42","slug":"unidade-classista-solicita-ingresso-na-federacao-sindical-mundial","status":"publish","type":"post","link":"https:\/\/pcb.org.br\/portal2\/9886","title":{"rendered":"UNIDADE CLASSISTA SOLICITA INGRESSO NA FEDERA\u00c7\u00c3O SINDICAL MUNDIAL"},"content":{"rendered":"<p><img data-recalc-dims=\"1\" decoding=\"async\" class=\"imagem\" title=\"imagem\" src=\"https:\/\/i0.wp.com\/lh4.googleusercontent.com\/-GxBCVvenCrg\/VknkgaPrVZI\/AAAAAAAALHQ\/VvLoslMDrJs\/w1420-h1378-no\/2015-11-16.png?w=747&#038;ssl=1\" alt=\"imagem\" \/>A UNIDADE CLASSISTA deu prosseguimento ao processo de filia\u00e7\u00e3o \u00e0 Federa\u00e7\u00e3o Sindical Mundial \u2013 FSM. Nesta quinta-feira, 11 de novembro, foram entregues em Havana &#8211; Cuba os documentos necess\u00e1rios para o ingresso da UNIDADE CLASSISTA na FSM.<!--more--><\/p>\n<p>Os documentos foram entregues por Tulio Lopes, dirigente da Unidade Classista e membro do Comit\u00ea Central do PCB, ao Secret\u00e1rio da Federa\u00e7\u00e3o Sindical Mundial &#8211; Regional Am\u00e9rica Latina e Caribe, companheiro Ramon Cardona.<\/p>\n<p>O Secret\u00e1rio Geral da FSM, George Mavrikos, j\u00e1 comunicou \u00e0 Coordena\u00e7\u00e3o Nacional da Unidade Classista o recebimento da documenta\u00e7\u00e3o que ser\u00e1 apreciada no pr\u00f3ximo Conselho Presidencial da entidade.<\/p>\n<p>Ao completar 70 anos de hist\u00f3rias de luta, a FSM segue sendo a principal refer\u00eancia pol\u00edtica organizativa do sindicalismo classista a n\u00edvel internacional. A entidade conta com mais de 130 entidades filiadas nos cinco continentes, representando mais de 100 milh\u00f5es de trabalhadores\/as.<\/p>\n<p>A filia\u00e7\u00e3o \u00e0 FSM foi uma das principais resolu\u00e7\u00f5es pol\u00edticas do Encontro Nacional da Unidade Classista, realizado entre os dias 04 e 07 de julho de 2015, em S\u00e3o Paulo-SP.<\/p>\n<p>Viva a Federa\u00e7\u00e3o Sindical Mundial!<\/p>\n<p>Viva a Unidade Classista!<\/p>\n<p>Viva o Internacionalismo Prolet\u00e1rio!<\/p>\n","protected":false},"excerpt":{"rendered":"A UNIDADE CLASSISTA deu prosseguimento ao processo de filia\u00e7\u00e3o \u00e0 Federa\u00e7\u00e3o Sindical Mundial \u2013 FSM. Nesta quinta-feira, 11 de novembro, foram entregues em \n<a class=\"moretag\" href=\"https:\/\/pcb.org.br\/portal2\/9886\"> <\/a>","protected":false},"author":1,"featured_media":0,"comment_status":"closed","ping_status":"closed","sticky":false,"template":"","format":"standard","meta":{"jetpack_post_was_ever_published":false,"_jetpack_newsletter_access":"","_jetpack_dont_email_post_to_subs":false,"_jetpack_newsletter_tier_id":0,"_jetpack_memberships_contains_paywalled_content":false,"_jetpack_memberships_contains_paid_content":false,"footnotes":"","jetpack_publicize_message":"","jetpack_publicize_feature_enabled":true,"jetpack_social_post_already_shared":true,"jetpack_social_options":{"image_generator_settings":{"template":"highway","default_image_id":0,"font":"","enabled":false},"version":2}},"categories":[31],"tags":[],"class_list":["post-9886","post","type-post","status-publish","format-standard","hentry","category-c31-unidade-classista"],"jetpack_publicize_connections":[],"jetpack_featured_media_url":"","jetpack_shortlink":"https:\/\/wp.me\/p659gw-2zs","jetpack-related-posts":[],"jetpack_likes_enabled":true,"jetpack_sharing_enabled":true,"_links":{"self":[{"href":"https:\/\/pcb.org.br\/portal2\/wp-json\/wp\/v2\/posts\/9886","targetHints":{"allow":["GET"]}}],"collection":[{"href":"https:\/\/pcb.org.br\/portal2\/wp-json\/wp\/v2\/posts"}],"about":[{"href":"https:\/\/pcb.org.br\/portal2\/wp-json\/wp\/v2\/types\/post"}],"author":[{"embeddable":true,"href":"https:\/\/pcb.org.br\/portal2\/wp-json\/wp\/v2\/users\/1"}],"replies":[{"embeddable":true,"href":"https:\/\/pcb.org.br\/portal2\/wp-json\/wp\/v2\/comments?post=9886"}],"version-history":[{"count":0,"href":"https:\/\/pcb.org.br\/portal2\/wp-json\/wp\/v2\/posts\/9886\/revisions"}],"wp:attachment":[{"href":"https:\/\/pcb.org.br\/portal2\/wp-json\/wp\/v2\/media?parent=9886"}],"wp:term":[{"taxonomy":"category","embeddable":true,"href":"https:\/\/pcb.org.br\/portal2\/wp-json\/wp\/v2\/categories?post=9886"},{"taxonomy":"post_tag","embeddable":true,"href":"https:\/\/pcb.org.br\/portal2\/wp-json\/wp\/v2\/tags?post=9886"}],"curies":[{"name":"wp","href":"https:\/\/api.w.org\/{rel}","templated":true}]}}