{"id":9912,"date":"2015-11-20T18:42:55","date_gmt":"2015-11-20T21:42:55","guid":{"rendered":"http:\/\/pcb.org.br\/portal2\/?p=9912"},"modified":"2015-12-16T19:58:06","modified_gmt":"2015-12-16T22:58:06","slug":"os-pecados-do-santo-e-a-estrategia-do-imperio","status":"publish","type":"post","link":"https:\/\/pcb.org.br\/portal2\/9912","title":{"rendered":"OS PECADOS DO SANTO E A ESTRAT\u00c9GIA DO IMP\u00c9RIO"},"content":{"rendered":"<p><img data-recalc-dims=\"1\" decoding=\"async\" class=\"imagem\" title=\"imagem\" src=\"https:\/\/i0.wp.com\/static2.elespectador.com\/files\/images\/mar2009\/951076ecef0c6f5bbf947961c1fdc0f7.jpg?w=747\" alt=\"imagem\" \/><b>Por Narciso Isa Conde<\/b><\/p>\n<p>Em meio aos avan\u00e7os obtidos nos Di\u00e1logos de Paz em Havana, Juan Manuel Santos \u2013 p\u00e9rfido e astuto como ele \u2013 promoveu uma intensa ofensiva militar, aproveitando o cessar-fogo unilateral das FARC-EP.<!--more--><\/p>\n<p>\u00c0 pomposa assinatura do pacto sobre \u201cjusti\u00e7a restaurativa\u201d \u2013 assinado recentemente em Cuba pelo Presidente Santos e pelo comandante Timole\u00f3n Jim\u00e9nez, na presen\u00e7a do presidente Ra\u00fal Castro \u2013 se seguiu o impasse provocado pelo governo colombiano declarando-o como uma esp\u00e9cie de projeto \u201csujeito a revis\u00f5es e emendas\u201d e, depois, o recrudescimento da ofensiva militar contra a insurg\u00eancia guerrilheira.<\/p>\n<p>Isto confirma que por tr\u00e1s das declara\u00e7\u00f5es e iniciativas teatrais sobre a paz, os EUA e o regime colombiano escondem reajustes estrat\u00e9gicos em busca de um dom\u00ednio mais seguro sobre o Norte da Am\u00e9rica do Sul; apostando no desarmamento unilateral da insurg\u00eancia com garantias fracas, na perman\u00eancia de seu ex\u00e9rcito com uns 585 mil efetivos, na manuten\u00e7\u00e3o das sete bases militares estadunidenses e na restrutura\u00e7\u00e3o e qualifica\u00e7\u00e3o do paramilitarismo sob o controle da CIA, MOSSAD e corpos especializados.<\/p>\n<p>Essa pretens\u00e3o, que uma vez liberado o regime colombiano das exig\u00eancias da guerra interna, suas for\u00e7as militares e paramilitares tenham mais possibilidades de desempenhar o funesto papel regional que foi atribu\u00eddo pelo Pent\u00e1gono e j\u00e1 deu origem a miss\u00f5es de assessoria e treinamento militar em diversos pa\u00edses latino-caribenhos da regi\u00e3o.<\/p>\n<p>Em primeira ordem, esse plano aponta contra a Venezuela (se torna necess\u00e1rio para seus planos de desestabiliza\u00e7\u00e3o), por\u00e9m tamb\u00e9m contra todos os pa\u00edses da regi\u00e3o com governos n\u00e3o totalmente controlados pelos EUA e as direitas tradicionais. Calculado est\u00e1 o impacto econ\u00f4mico negativo do retrocesso venezuelano sobre Cuba e outros pa\u00edses da ALBA.<\/p>\n<p>Da\u00ed a hipocrisia do governo de Santos acerca de temas nodais como o cessar-fogo bilateral, o paramilitarismo, a Constituinte, junto a sua teimosa insist\u00eancia sobre a entrega de armas e sobre o caminho da insurg\u00eancia armada \u00e0 vida civil e \u00e0 legalidade pol\u00edtica sem garantias firmes; o que significaria cair em uma armadilha de imprevis\u00edveis consequ\u00eancias internas e continentais.<\/p>\n<p>A isto se acrescenta que os resultados das recentes elei\u00e7\u00f5es municipais, sensivelmente viciadas, favorecem em boa medida as for\u00e7as anti-paz, muito especialmente as lideradas pelo atual vice-presidente, Germ\u00e1n Vargas Lleras, que aponta ser o substituto do presidente Manuel Santos.<\/p>\n<p><b>Qual acordo e qual paz?<\/b><\/p>\n<p>Por isso \u2013 reitero \u2013 \u00e9 cedo para vaticinar se na Col\u00f4mbia existir\u00e1 ou n\u00e3o acordo de paz definitivo na mesa de di\u00e1logo. E uma vez alcan\u00e7ado, ter\u00e1 que contar com muita complexidade em sua implementa\u00e7\u00e3o.<\/p>\n<p>A paz, como desejo da esmagadora maioria, n\u00e3o deve ser ignorada pela insurg\u00eancia armada; por\u00e9m, tampouco ela pode sujeitar-se ao p\u00e9rfido interesse das for\u00e7as inimigas, que estruturaram um pa\u00eds sem soberania, neoliberal, com sete bases militares e um sistema de interven\u00e7\u00e3o e controle estadunidense, que pactuou com o Pent\u00e1gono e a OTAN e se concebe como uma esp\u00e9cie de Israel da Am\u00e9rica.<\/p>\n<p>O caminho da paz verdadeira, n\u00e3o da paz como farsa, precisa considerar e enfrentar com decis\u00e3o estes fatores em fazer concess\u00f5es unilaterais.<\/p>\n<p>Por isso deve pensar em construir \u2013 previamente a qualquer tipo de desmobiliza\u00e7\u00e3o guerrilheira \u2013 bases s\u00f3lidas para uma paz com justi\u00e7a social, soberania e dignidade em meio de um cessar-fogo bilateral e uma progressiva desmilitariza\u00e7\u00e3o bilateral da luta pol\u00edtica por ambas as partes; colocando as for\u00e7as de mudan\u00e7a no centro das grandes metas, o pleno resgate da soberania que tire a Col\u00f4mbia do tabuleiro belicista do imperialismo ocidental.<\/p>\n<p>Os temas fundamentais das conversa\u00e7\u00f5es de paz \u2013 aqueles que implicam no desmonte do Estado terrorista, democracia, justi\u00e7a, equidade social e soberania reais \u2013 a tempo de acordar-se com precis\u00e3o, devem converter-se de imediato em feitos consistentes; sem optar previamente por desmantelar os ex\u00e9rcitos populares criados pelas FARC e ELN, atuantes durante meio s\u00e9culo de hero\u00edsmo, mas sim reorientando seus papeis em meio ao cessar-fogo bilateral, ao fim do confronto armado e ao novo per\u00edodo de restaura\u00e7\u00e3o democr\u00e1tica e refunda\u00e7\u00e3o progressiva do Estado via Constituinte Popular e Soberana.<\/p>\n<p>A integridade e preserva\u00e7\u00e3o desses fatores pol\u00edtico-militares, junto da mobiliza\u00e7\u00e3o popular e da ofensiva pol\u00edtico-social das for\u00e7as transformadoras, s\u00e3o e ser\u00e3o meios fundamentais para garantir cumprimentos e rela\u00e7\u00f5es equilibradas na implanta\u00e7\u00e3o dos compromissos entre ambas as partes, e muito especialmente para assegurar a n\u00e3o reversibilidade dos acordos.<\/p>\n<p>O acontecido em outros processos de paz negociada \u2013 tanto na Col\u00f4mbia como na Am\u00e9rica Central \u2013 incluindo El Salvador, onde ocorreu um acordo de mesa bastante avan\u00e7ado (por\u00e9m com o desarmamento e desmobiliza\u00e7\u00e3o unilateral da FMLN), que posteriormente sofreu graves distor\u00e7\u00f5es, deforma\u00e7\u00f5es e descumprimentos, deve servir de li\u00e7\u00e3o para n\u00e3o cair na armadilha essencial que se sintetiza em desarmar-se e desmobilizar-se sem mudan\u00e7as substanciais na ess\u00eancia de classe do regime e nas for\u00e7as que o hegemonizam.<\/p>\n<p>Agora, al\u00e9m disso, \u00e9 preciso avaliar com aten\u00e7\u00e3o e cuidado o curso da crise capitalista mundial, da estrat\u00e9gia do caos controlado e do dom\u00ednio destrutivo de um imperialismo pentagonizado e decadente, cujas manobras \u201cdiversionistas\u201d de \u201cnormaliza\u00e7\u00e3o\u201d de rela\u00e7\u00f5es com Cuba e pr\u00f3-Paz na Col\u00f4mbia, realmente n\u00e3o suplantam sua estrat\u00e9gia de expans\u00e3o militar e paramilitar, de cria\u00e7\u00e3o de ex\u00e9rcitos mercen\u00e1rios, de processos de fascistiza\u00e7\u00e3o de uma parte das direitas sociais e pol\u00edticas a seu servi\u00e7o, de sedi\u00e7\u00e3o empresarial, de subvers\u00e3o eleitoral e n\u00e3o eleitoral&#8230; para impor seu dom\u00ednio contrarrevolucion\u00e1rio, concentrando esfor\u00e7os especiais em Nossa Am\u00e9rica rebelde e programando p\u00e9rfidos ataques contra a Venezuela e contra os denominados governos reformadores ou progressistas, uma parte deles em franco decl\u00ednio.<\/p>\n<p>Assim como n\u00e3o esquecer que as grandes crises geram imensos descontentamentos que possibilitam subleva\u00e7\u00f5es e revolu\u00e7\u00e3o a partir de baixo, sempre que se consiga formar as novas vanguardas que ajudem a convert\u00ea-la em poder alternativo e transformador.<\/p>\n<p>Entendo, que dada a implanta\u00e7\u00e3o desta crise sist\u00eamica, estes n\u00e3o s\u00e3o tempos para desistir da insurg\u00eancia global, posto que os retrocessos ou estancamentos reformistas e institucionalistas apenas servem para abrir caminho a todas as direitas e \u00e0 contrarrevolu\u00e7\u00e3o nua e crua, como acontece de maneira relevante no Brasil e Argentina. Assim, a involu\u00e7\u00e3o de vanguardas revolucion\u00e1rias reais ou potenciais para o reformismo, concluem em lament\u00e1veis frustra\u00e7\u00f5es com disfarces pr\u00f3prios de uma \u201cesquerda\u201d cor de rosa.<\/p>\n<p><b>Novembro 2015, Santo Domingo, RD.<\/b><\/p>\n<p><i>Tradu\u00e7\u00e3o: Partido Comunista Brasileiro (PCB)<\/i><\/p>\n","protected":false},"excerpt":{"rendered":"Por Narciso Isa Conde Em meio aos avan\u00e7os obtidos nos Di\u00e1logos de Paz em Havana, Juan Manuel Santos \u2013 p\u00e9rfido e astuto como \n<a class=\"moretag\" href=\"https:\/\/pcb.org.br\/portal2\/9912\"> <\/a>","protected":false},"author":1,"featured_media":0,"comment_status":"closed","ping_status":"closed","sticky":false,"template":"","format":"standard","meta":{"jetpack_post_was_ever_published":false,"_jetpack_newsletter_access":"","_jetpack_dont_email_post_to_subs":false,"_jetpack_newsletter_tier_id":0,"_jetpack_memberships_contains_paywalled_content":false,"_jetpack_memberships_contains_paid_content":false,"footnotes":"","jetpack_publicize_message":"","jetpack_publicize_feature_enabled":true,"jetpack_social_post_already_shared":true,"jetpack_social_options":{"image_generator_settings":{"template":"highway","default_image_id":0,"font":"","enabled":false},"version":2}},"categories":[34],"tags":[],"class_list":["post-9912","post","type-post","status-publish","format-standard","hentry","category-c39-colombia"],"jetpack_publicize_connections":[],"jetpack_featured_media_url":"","jetpack_shortlink":"https:\/\/wp.me\/p659gw-2zS","jetpack-related-posts":[],"jetpack_likes_enabled":true,"jetpack_sharing_enabled":true,"_links":{"self":[{"href":"https:\/\/pcb.org.br\/portal2\/wp-json\/wp\/v2\/posts\/9912","targetHints":{"allow":["GET"]}}],"collection":[{"href":"https:\/\/pcb.org.br\/portal2\/wp-json\/wp\/v2\/posts"}],"about":[{"href":"https:\/\/pcb.org.br\/portal2\/wp-json\/wp\/v2\/types\/post"}],"author":[{"embeddable":true,"href":"https:\/\/pcb.org.br\/portal2\/wp-json\/wp\/v2\/users\/1"}],"replies":[{"embeddable":true,"href":"https:\/\/pcb.org.br\/portal2\/wp-json\/wp\/v2\/comments?post=9912"}],"version-history":[{"count":0,"href":"https:\/\/pcb.org.br\/portal2\/wp-json\/wp\/v2\/posts\/9912\/revisions"}],"wp:attachment":[{"href":"https:\/\/pcb.org.br\/portal2\/wp-json\/wp\/v2\/media?parent=9912"}],"wp:term":[{"taxonomy":"category","embeddable":true,"href":"https:\/\/pcb.org.br\/portal2\/wp-json\/wp\/v2\/categories?post=9912"},{"taxonomy":"post_tag","embeddable":true,"href":"https:\/\/pcb.org.br\/portal2\/wp-json\/wp\/v2\/tags?post=9912"}],"curies":[{"name":"wp","href":"https:\/\/api.w.org\/{rel}","templated":true}]}}