{"id":9915,"date":"2015-11-20T18:56:31","date_gmt":"2015-11-20T21:56:31","guid":{"rendered":"http:\/\/pcb.org.br\/portal2\/?p=9915"},"modified":"2015-12-16T19:58:15","modified_gmt":"2015-12-16T22:58:15","slug":"a-resposta-oficial-aos-ataques-na-franca-e-simplesmente-mais-repressao-e-mais-restricao-as-liberdades","status":"publish","type":"post","link":"https:\/\/pcb.org.br\/portal2\/9915","title":{"rendered":"&#8220;A resposta oficial aos ataques na Fran\u00e7a \u00e9 simplesmente mais repress\u00e3o e mais restri\u00e7\u00e3o \u00e0s liberdades&#8221;"},"content":{"rendered":"<p><img data-recalc-dims=\"1\" decoding=\"async\" class=\"imagem\" title=\"imagem\" src=\"https:\/\/i0.wp.com\/4.bp.blogspot.com\/-sYXWSNc6oM4\/UoQXmsU2dZI\/AAAAAAAAUEE\/R3MTYADoGxk\/s1320\/petras2.jpg?w=747\" alt=\"imagem\" \/>Entrevista com James Petras, s\u00e1bado, 14 de novembro de 2015<\/p>\n<p>\u201c <b>\u00c9 uma trag\u00e9dia para o povo franc\u00eas. \u00c9 algo repudi\u00e1vel o que atacaram, pois n\u00e3o atacaram militares, mas alvos civis, em shows de m\u00fasica, comendo em restaurantes em uma sexta-feira \u00e0 noite, depois de uma semana de trabalho. Essa \u00e9 a trag\u00e9dia. Por\u00e9m, a resposta me parece, ser\u00e3o coisas piores\u201d, disse o soci\u00f3logo norte-americano, professor James Petras,<!--more--> ao ser consultado pela CX36, na manh\u00e3 de s\u00e1bado, 14 de novembro, a respeito dos ataques na Fran\u00e7a. Transcrevemos a entrevista, que pode voltar a ser escutada em:<\/b><\/p>\n<p><u><a href=\"http:\/\/www.ivoox.com\/contacto-james-petras-a-raiz-los-audios-mp3_rf_9385911_1.html\"><b>http:\/\/www.ivoox.com\/contacto-james-petras-a-raiz-los-audios-mp3_rf_9385911_1.html<\/b><\/a><\/u><\/p>\n<p>Mar\u00eda de los \u00c1ngeles Balparda: Quais s\u00e3o suas primeiras reflex\u00f5es sobre isto?<\/p>\n<p>JP: Devemos entender que a internacionaliza\u00e7\u00e3o das guerras ocidentais nos pa\u00edses mu\u00e7ulmanos tem um efeito bumerangue. N\u00e3o podemos pensar que o que passou em Paris n\u00e3o est\u00e1 conectado com os ataques militares no Iraque, I\u00eamen, Afeganist\u00e3o, L\u00edbia, S\u00edria e todos os outros pa\u00edses \u00e1rabes. Podemos analisar brevemente a cadeia: Os pa\u00edses ocidentais bombardeiam e destroem toda a sociedade iraquiana deixando mais de dois milh\u00f5es de pessoas refugiadas. Esses refugiados do Iraque, Afeganist\u00e3o, L\u00edbia, etc., come\u00e7am a sair para a Europa cada vez piores, pois ficam na mem\u00f3ria os efeitos dos ataques militares ocidentais. Talvez a segunda gera\u00e7\u00e3o, os filhos dos refugiados, esteja agora atuando em fun\u00e7\u00e3o dos conflitos atuais em outros pa\u00edses.<\/p>\n<p>\u00c9 uma cadeia de causa-efeito: quantas mais bombas nos pa\u00edses mu\u00e7ulmanos, mais rancor, mais raiva, entre os filhos, os descendentes, dos afetados em seus pa\u00edses de origem.<\/p>\n<p>Agora, a ideia que est\u00e3o analisando aqui \u00e9 a t\u00e9cnica. N\u00e3o analisam a pol\u00edtica, o contexto, mas que falam da sofistica\u00e7\u00e3o do ISIS, falam da capacidade de montar ataques bem planejados e sofisticados. E isso tem implic\u00e2ncias porque a mentalidade das autoridades acerca do que necessitam, \u00e9 n\u00e3o retificar sua pol\u00edtica exterior, mas aumentar a repress\u00e3o interna. Est\u00e3o preparando uma repress\u00e3o severa \u00e0s liberdades, \u00e0 infiltra\u00e7\u00e3o, \u00e0 espionagem, ao encarceramento de qualquer suspeito.<\/p>\n<p>Ent\u00e3o, deveriam refletir e dizer quais s\u00e3o as causas destes atos terroristas, entender que n\u00e3o devem invadir e usar a viol\u00eancia nestes pa\u00edses para evitar estes efeitos. Por\u00e9m, n\u00e3o pensam assim. Ao inv\u00e9s disso, v\u00e3o aumentar os ataques. Est\u00e3o planejando e discutindo agora mandar tropas da Europa e dos Estados Unidos aos pa\u00edses onde est\u00e1 presente a ISIS. Ou seja, v\u00e3o multiplicar as guerras. Al\u00e9m dos ataques a\u00e9reos v\u00e3o colocar tropas no territ\u00f3rio e aumentar os conflitos.<\/p>\n<p>Internamente, a discuss\u00e3o \u00e9 como poder\u00edamos aumentar a repress\u00e3o, como poder\u00edamos controlar os movimentos de qualquer pessoa, como aumentar o n\u00famero de pessoas sob a vigil\u00e2ncia.<\/p>\n<p>Em todo caso, \u00e9 uma trag\u00e9dia para o povo franc\u00eas. \u00c9 algo repudi\u00e1vel o que atacaram, pois n\u00e3o atacaram militares, mas alvos civis, em shows de m\u00fasica, comendo em restaurantes em uma sexta-feira \u00e0 noite, depois de uma semana de trabalho. Essa \u00e9 a trag\u00e9dia. Por\u00e9m, a resposta me parece, ser\u00e3o coisas piores.<\/p>\n<p>MAB: Inclusive, na madrugada, foi incendiado um edif\u00edcio de refugiados, o que se entende como uma resposta.<\/p>\n<p>JP: Sim, faz tempo que est\u00e3o perseguindo os imigrantes e os refugiados.<\/p>\n<p>Isso \u00e9 como colocar lenha na fogueira. Acredito que estejam preparando um assalto generalizado contra qualquer mu\u00e7ulmano, de qualquer cor, em qualquer parte do mundo.<\/p>\n<p>MAB: Voc\u00ea dizia que preparam uma opera\u00e7\u00e3o para limitar a liberdade dos cidad\u00e3os.<\/p>\n<p>JP: Sim, os EUA, a Fran\u00e7a, a Europa toda est\u00e1 pensando que n\u00e3o existe espionagem, infiltra\u00e7\u00e3o, controle dos cidad\u00e3os, atua\u00e7\u00e3o policial suficiente. V\u00e3o restringir qualquer express\u00e3o e suspeitar de qualquer pessoa que critica o governo. V\u00e3o dizer que est\u00e1 colaborando com os terroristas.<\/p>\n<p>Esta resposta oficial \u00e9 simplesmente mais repress\u00e3o e as liberdades j\u00e1 restritas que temos, v\u00e3o diminuir ainda mais.<\/p>\n<p>MAB: Por estas horas come\u00e7a a reuni\u00e3o do G20 na Turquia e Angela Merkel j\u00e1 anunciou que a resposta ser\u00e1 coletiva.<\/p>\n<p>JP: Faz tempo est\u00e1 anunciando medidas restritivas e isso vai limitar a entrada dos refugiados e aumentar o castigo \u00e0queles que j\u00e1 est\u00e3o dentro destes pa\u00edses. Al\u00e9m disso, fomentam a ira da popula\u00e7\u00e3o n\u00e3o mu\u00e7ulmana em todas as partes. Est\u00e3o demonizando qualquer imigrante como um suspeito, como uma pessoa que deve ser vigiada.<\/p>\n<p>MAB: H\u00e1 gente que se pergunta se n\u00e3o ser\u00e1 um auto-atentado, como o 11 de setembro.<\/p>\n<p>JP: Bom, existe alguma especula\u00e7\u00e3o, por\u00e9m o ISIS assumiu a responsabilidade.<\/p>\n<p>O que pode ser suspeito \u00e9 como permitiram que dezenas de pessoas planejassem isso. Isso sim \u00e9 algo que d\u00e1 para suspeitar. Como as autoridades que se infiltraram em tantos grupos mu\u00e7ulmanos, que t\u00eam controle de telefones, internet, c\u00e2meras, arquivos, como podem ser uma surpresa? \u00c9 poss\u00edvel que tenham permitido esta a\u00e7\u00e3o para, depois, aumentar a repress\u00e3o, o or\u00e7amento militar e policial e as restri\u00e7\u00f5es sobre a liberdade. Isso \u00e9 como o 11\/9: permitir que algo ocorra para aproveitar e aumentar os poderes repressivos do Estado.<\/p>\n<p>MAB: Agora, diz-se que identificaram dois dos supostos terroristas, um com passaporte franc\u00eas e outro com passaporte s\u00edrio. E tamb\u00e9m se fala da quantidade de franceses que integram o ISIS.<\/p>\n<p>JP: Bom, \u00e9 o que digo. Os filhos de imigrantes refugiados se sentem ofendidos pelo que aconteceu com seus pais. E \u00e9 a segunda gera\u00e7\u00e3o que est\u00e1 promovendo essas a\u00e7\u00f5es.<\/p>\n<p>As fam\u00edlias quando chegam simplesmente buscam sobreviver, por\u00e9m os filhos, os descendentes, t\u00eam implantado na mem\u00f3ria o que aconteceu e est\u00e3o se vingando. Creio que essa \u00e9 a gera\u00e7\u00e3o explosiva.<\/p>\n<p>MAB: Claro que sim, Petras. Voc\u00ea quer acrescentar mais alguma coisa?<\/p>\n<p>JP: N\u00e3o. Acredito que devemos resistir \u00e0 tenta\u00e7\u00e3o de simplesmente tomar respostas repressivas. Devemos buscar solu\u00e7\u00f5es pol\u00edticas porque o que termina na Fran\u00e7a come\u00e7ou de fora. Devemos retificar a pol\u00edtica intervencionista. Por\u00e9m, temo que, pelo contr\u00e1rio, as autoridades v\u00e3o aumentar sua presen\u00e7a e a resposta militar. Esse \u00e9 o perigo. Al\u00e9m disso, a Am\u00e9rica Latina n\u00e3o deve se meter nem se apresentar como candidato a apoiar a\u00e7\u00f5es militares. Deve ficar de fora deste conflito entre os poderes imperiais e os pa\u00edses mu\u00e7ulmanos.<\/p>\n<p>http:\/\/www.ivoox.com\/contacto-james-petras-a-raiz-los-audios-mp3_rf_9385911_1.html<\/p>\n","protected":false},"excerpt":{"rendered":"Entrevista com James Petras, s\u00e1bado, 14 de novembro de 2015 \u201c \u00c9 uma trag\u00e9dia para o povo franc\u00eas. \u00c9 algo repudi\u00e1vel o que \n<a class=\"moretag\" href=\"https:\/\/pcb.org.br\/portal2\/9915\"> <\/a>","protected":false},"author":1,"featured_media":0,"comment_status":"closed","ping_status":"closed","sticky":false,"template":"","format":"standard","meta":{"jetpack_post_was_ever_published":false,"_jetpack_newsletter_access":"","_jetpack_dont_email_post_to_subs":false,"_jetpack_newsletter_tier_id":0,"_jetpack_memberships_contains_paywalled_content":false,"_jetpack_memberships_contains_paid_content":false,"footnotes":"","jetpack_publicize_message":"","jetpack_publicize_feature_enabled":true,"jetpack_social_post_already_shared":true,"jetpack_social_options":{"image_generator_settings":{"template":"highway","default_image_id":0,"font":"","enabled":false},"version":2}},"categories":[109],"tags":[],"class_list":["post-9915","post","type-post","status-publish","format-standard","hentry","category-c122-franca"],"jetpack_publicize_connections":[],"jetpack_featured_media_url":"","jetpack_shortlink":"https:\/\/wp.me\/p659gw-2zV","jetpack-related-posts":[],"jetpack_likes_enabled":true,"jetpack_sharing_enabled":true,"_links":{"self":[{"href":"https:\/\/pcb.org.br\/portal2\/wp-json\/wp\/v2\/posts\/9915","targetHints":{"allow":["GET"]}}],"collection":[{"href":"https:\/\/pcb.org.br\/portal2\/wp-json\/wp\/v2\/posts"}],"about":[{"href":"https:\/\/pcb.org.br\/portal2\/wp-json\/wp\/v2\/types\/post"}],"author":[{"embeddable":true,"href":"https:\/\/pcb.org.br\/portal2\/wp-json\/wp\/v2\/users\/1"}],"replies":[{"embeddable":true,"href":"https:\/\/pcb.org.br\/portal2\/wp-json\/wp\/v2\/comments?post=9915"}],"version-history":[{"count":0,"href":"https:\/\/pcb.org.br\/portal2\/wp-json\/wp\/v2\/posts\/9915\/revisions"}],"wp:attachment":[{"href":"https:\/\/pcb.org.br\/portal2\/wp-json\/wp\/v2\/media?parent=9915"}],"wp:term":[{"taxonomy":"category","embeddable":true,"href":"https:\/\/pcb.org.br\/portal2\/wp-json\/wp\/v2\/categories?post=9915"},{"taxonomy":"post_tag","embeddable":true,"href":"https:\/\/pcb.org.br\/portal2\/wp-json\/wp\/v2\/tags?post=9915"}],"curies":[{"name":"wp","href":"https:\/\/api.w.org\/{rel}","templated":true}]}}