{"id":9917,"date":"2015-11-20T19:00:03","date_gmt":"2015-11-20T22:00:03","guid":{"rendered":"http:\/\/pcb.org.br\/portal2\/?p=9917"},"modified":"2015-12-16T19:58:21","modified_gmt":"2015-12-16T22:58:21","slug":"basta-de-manobras-da-fup-no-interior-do-movimento-sindical","status":"publish","type":"post","link":"https:\/\/pcb.org.br\/portal2\/9917","title":{"rendered":"Basta de manobras da FUP no interior do movimento sindical"},"content":{"rendered":"<p><img data-recalc-dims=\"1\" decoding=\"async\" class=\"imagem\" title=\"imagem\" src=\"https:\/\/i0.wp.com\/sinasindicato.org\/wp-content\/uploads\/2013\/10\/petroleiros_ato-da-campanha-otqsn-03-10-12.jpg?w=747\" alt=\"imagem\" \/><strong>(Comit\u00ea de Petroleiros da UC\/ RJ)<\/strong><\/p>\n<p><strong>A Unidade Classista repudia as manobras antigreve no interior do movimento sindical.<\/strong><\/p>\n<p>O que quer a FUP em aceitar a proposta da Petrobr\u00e1s a qualquer pre\u00e7o, mesmo que ela n\u00e3o garanta que n\u00e3o haja repres\u00e1lia aos grevistas nem a manuten\u00e7\u00e3o da <!--more-->integridade da empresa? Soa estranho que um sindicato, eleito para defender o trabalhador, aceite que este pague pelos dias parados durante a greve (causada por total inabilidade e trucul\u00eancia da gest\u00e3o) e ainda tenha a desfa\u00e7atez de dizer que \u00e9 melhor assim. Soa estranho que um sindicato se utilize de manobras \u201ca la Cunha\u201d,convocando assembleias em hor\u00e1rios at\u00edpicos e em cima da hora, contando apenas com seus partid\u00e1rios previamente informados. Ou ainda, em caso de derrota, refa\u00e7a a assembleia at\u00e9 que sua posi\u00e7\u00e3o saia vencedora.<\/p>\n<p>Essas atitudes desses setores acabam por enfraquecer o movimento sindical e afastar a categoria da luta. \u00c9 mister a unidade do movimento sindical na luta por melhores condi\u00e7\u00f5es de trabalho, e no caso dos petroleiros, tamb\u00e9m na defesa da empresa, que \u00e9 nosso patrim\u00f4nio, \u00e9 alvo da cobi\u00e7a internacional e est\u00e1 sendo severamente espoliada nas m\u00e3os dos privatistas.<\/p>\n<p>A verdade \u00e9 que esta greve trouxe um fato novo memor\u00e1vel: o resgate da luta real, que s\u00f3 foi poss\u00edvel com a quebra da hegemonia da FUP\/CUT. Estes setores vinham implantando uma l\u00f3gica de mero teatro nas negocia\u00e7\u00f5es anteriores com a diretoria, numa rela\u00e7\u00e3o de pl\u00e1cido compadrio entre partid\u00e1rios do governismo. A intensidade da greve fez as m\u00e1scaras deste teatro ca\u00edrem, for\u00e7ando a FUP a pegar uma envergonhada carona no movimento.<\/p>\n<p>A greve mostrou-se vitoriosa at\u00e9 aqui, arrancando a promessa de manuten\u00e7\u00e3o das cl\u00e1usulas dos ACTs anteriores e garantindo um reajuste salarial mais digno, mas tem potencial de avan\u00e7ar ainda mais. Por\u00e9m, na primeira oportunidade, a FUP r\u00f3i a corda, tentando frear um movimento grevista avassalador e justo, desrespeitando a decis\u00e3o da maioria em assembleias, ou calando a voz de companheiros de luta, como no Norte Fluminense, por trucul\u00eancia.<\/p>\n<p>O resultado \u00e9 claro: a categoria n\u00e3o aceita trai\u00e7\u00e3o e falsidade. Bases estrat\u00e9gicas como Esp\u00edrito Santo, Bacia de Campos e Litoral Paulista d\u00e3o uma aula de firmeza, mantendo a greve em solidariedade aos bravos petroleiros que foram vanguarda na luta, para que n\u00e3o corram risco de repres\u00e1lias.<\/p>\n<p>Todo apoio e reconhecimento aos colegas protagonistas nesta greve hist\u00f3rica em defesa da Petrobr\u00e1s! N\u00e3o aceitaremos puni\u00e7\u00f5es aos mais destacados petroleiros, nem a continuidade dos planos de privatiza\u00e7\u00e3o da nossa Petrobr\u00e1s!<\/p>\n<p>http:\/\/csunidadeclassista.blogspot.com.br\/2015\/11\/basta-de-manobras-da-fup-no-interior-do.html<\/p>\n<p><img data-recalc-dims=\"1\" decoding=\"async\" class=\"imagem100a\" src=\"https:\/\/i0.wp.com\/2.bp.blogspot.com\/-JaJ1tJZCSF0\/UNB3XZ55RjI\/AAAAAAAAEi8\/XkQFycvcTW0\/s1600\/uc.png?w=747\" alt=\"\" \/><\/p>\n","protected":false},"excerpt":{"rendered":"(Comit\u00ea de Petroleiros da UC\/ RJ) A Unidade Classista repudia as manobras antigreve no interior do movimento sindical. O que quer a FUP \n<a class=\"moretag\" href=\"https:\/\/pcb.org.br\/portal2\/9917\"> <\/a>","protected":false},"author":1,"featured_media":0,"comment_status":"closed","ping_status":"closed","sticky":false,"template":"","format":"standard","meta":{"jetpack_post_was_ever_published":false,"_jetpack_newsletter_access":"","_jetpack_dont_email_post_to_subs":false,"_jetpack_newsletter_tier_id":0,"_jetpack_memberships_contains_paywalled_content":false,"_jetpack_memberships_contains_paid_content":false,"footnotes":"","jetpack_publicize_message":"","jetpack_publicize_feature_enabled":true,"jetpack_social_post_already_shared":true,"jetpack_social_options":{"image_generator_settings":{"template":"highway","default_image_id":0,"font":"","enabled":false},"version":2}},"categories":[31],"tags":[],"class_list":["post-9917","post","type-post","status-publish","format-standard","hentry","category-c31-unidade-classista"],"jetpack_publicize_connections":[],"jetpack_featured_media_url":"","jetpack_shortlink":"https:\/\/wp.me\/p659gw-2zX","jetpack-related-posts":[],"jetpack_likes_enabled":true,"jetpack_sharing_enabled":true,"_links":{"self":[{"href":"https:\/\/pcb.org.br\/portal2\/wp-json\/wp\/v2\/posts\/9917","targetHints":{"allow":["GET"]}}],"collection":[{"href":"https:\/\/pcb.org.br\/portal2\/wp-json\/wp\/v2\/posts"}],"about":[{"href":"https:\/\/pcb.org.br\/portal2\/wp-json\/wp\/v2\/types\/post"}],"author":[{"embeddable":true,"href":"https:\/\/pcb.org.br\/portal2\/wp-json\/wp\/v2\/users\/1"}],"replies":[{"embeddable":true,"href":"https:\/\/pcb.org.br\/portal2\/wp-json\/wp\/v2\/comments?post=9917"}],"version-history":[{"count":0,"href":"https:\/\/pcb.org.br\/portal2\/wp-json\/wp\/v2\/posts\/9917\/revisions"}],"wp:attachment":[{"href":"https:\/\/pcb.org.br\/portal2\/wp-json\/wp\/v2\/media?parent=9917"}],"wp:term":[{"taxonomy":"category","embeddable":true,"href":"https:\/\/pcb.org.br\/portal2\/wp-json\/wp\/v2\/categories?post=9917"},{"taxonomy":"post_tag","embeddable":true,"href":"https:\/\/pcb.org.br\/portal2\/wp-json\/wp\/v2\/tags?post=9917"}],"curies":[{"name":"wp","href":"https:\/\/api.w.org\/{rel}","templated":true}]}}