{"id":9924,"date":"2015-11-23T13:42:57","date_gmt":"2015-11-23T16:42:57","guid":{"rendered":"http:\/\/pcb.org.br\/portal2\/?p=9924"},"modified":"2015-12-16T19:58:40","modified_gmt":"2015-12-16T22:58:40","slug":"em-reuniao-com-as-farc-ujc-reforca-seu-compromisso-com-os-dialogos-de-paz-na-colombia","status":"publish","type":"post","link":"https:\/\/pcb.org.br\/portal2\/9924","title":{"rendered":"Em reuni\u00e3o com as FARC, UJC refor\u00e7a seu compromisso com os di\u00e1logos de paz na Col\u00f4mbia"},"content":{"rendered":"<p><img decoding=\"async\" class=\"imagem\" title=\"imagem\" src=\"https:\/\/lh3.googleusercontent.com\/dg7c9I6Ep1lbDliBA6tnUinhDPmL9bHsq6nLuca3FEQ=w1366-h768\" alt=\"imagem\" \/>A Uni\u00e3o da Juventude Comunista, atrav\u00e9s do seu secret\u00e1rio pol\u00edtico Lu\u00eds Fernandes, participou em Havana de uma importante reuni\u00e3o de jovens comunistas com representantes das FARC na mesa de di\u00e1logos pela paz na Col\u00f4mbia. Al\u00e9m do interc\u00e2mbio pol\u00edtico, este foi um importante espa\u00e7o para expressar a solidariedade internacional com o processo de paz na Col\u00f4mbia em prol dos interesses democr\u00e1ticos e populares, expressos nas diversas formas de luta do povo colombiano.<!--more--><\/p>\n<p>A UJC se compromete a refor\u00e7ar as campanhas pela liberta\u00e7\u00e3o dos mais de 9 mil presos pol\u00edticos colombianos e a solidariedade permanente em defesa da paz com justi\u00e7a social na Col\u00f4mbia.<\/p>\n","protected":false},"excerpt":{"rendered":"A Uni\u00e3o da Juventude Comunista, atrav\u00e9s do seu secret\u00e1rio pol\u00edtico Lu\u00eds Fernandes, participou em Havana de uma importante reuni\u00e3o de jovens comunistas com \n<a class=\"moretag\" href=\"https:\/\/pcb.org.br\/portal2\/9924\"> <\/a>","protected":false},"author":1,"featured_media":0,"comment_status":"closed","ping_status":"closed","sticky":false,"template":"","format":"standard","meta":{"jetpack_post_was_ever_published":false,"_jetpack_newsletter_access":"","_jetpack_dont_email_post_to_subs":false,"_jetpack_newsletter_tier_id":0,"_jetpack_memberships_contains_paywalled_content":false,"_jetpack_memberships_contains_paid_content":false,"footnotes":"","jetpack_publicize_message":"","jetpack_publicize_feature_enabled":true,"jetpack_social_post_already_shared":true,"jetpack_social_options":{"image_generator_settings":{"template":"highway","default_image_id":0,"font":"","enabled":false},"version":2}},"categories":[27],"tags":[],"class_list":["post-9924","post","type-post","status-publish","format-standard","hentry","category-c27-ujc"],"jetpack_publicize_connections":[],"jetpack_featured_media_url":"","jetpack_shortlink":"https:\/\/wp.me\/p659gw-2A4","jetpack-related-posts":[],"jetpack_likes_enabled":true,"jetpack_sharing_enabled":true,"_links":{"self":[{"href":"https:\/\/pcb.org.br\/portal2\/wp-json\/wp\/v2\/posts\/9924","targetHints":{"allow":["GET"]}}],"collection":[{"href":"https:\/\/pcb.org.br\/portal2\/wp-json\/wp\/v2\/posts"}],"about":[{"href":"https:\/\/pcb.org.br\/portal2\/wp-json\/wp\/v2\/types\/post"}],"author":[{"embeddable":true,"href":"https:\/\/pcb.org.br\/portal2\/wp-json\/wp\/v2\/users\/1"}],"replies":[{"embeddable":true,"href":"https:\/\/pcb.org.br\/portal2\/wp-json\/wp\/v2\/comments?post=9924"}],"version-history":[{"count":0,"href":"https:\/\/pcb.org.br\/portal2\/wp-json\/wp\/v2\/posts\/9924\/revisions"}],"wp:attachment":[{"href":"https:\/\/pcb.org.br\/portal2\/wp-json\/wp\/v2\/media?parent=9924"}],"wp:term":[{"taxonomy":"category","embeddable":true,"href":"https:\/\/pcb.org.br\/portal2\/wp-json\/wp\/v2\/categories?post=9924"},{"taxonomy":"post_tag","embeddable":true,"href":"https:\/\/pcb.org.br\/portal2\/wp-json\/wp\/v2\/tags?post=9924"}],"curies":[{"name":"wp","href":"https:\/\/api.w.org\/{rel}","templated":true}]}}