{"id":9944,"date":"2015-11-26T14:11:06","date_gmt":"2015-11-26T17:11:06","guid":{"rendered":"http:\/\/pcb.org.br\/portal2\/?p=9944"},"modified":"2015-12-16T19:59:36","modified_gmt":"2015-12-16T22:59:36","slug":"colombia-comunicado-n5-prisioneiros-politicos-de-la-tramacua","status":"publish","type":"post","link":"https:\/\/pcb.org.br\/portal2\/9944","title":{"rendered":"COL\u00d4MBIA: COMUNICADO N\u00b05 PRISIONEIROS POL\u00cdTICOS DE LA TRAM\u00c1CUA"},"content":{"rendered":"<p><img data-recalc-dims=\"1\" decoding=\"async\" class=\"imagem\" title=\"imagem\" src=\"https:\/\/i0.wp.com\/fundacionlazosdedignidad.org\/images\/LINKS\/tramacua1-01.jpg?w=747\" alt=\"imagem\" \/>A Funda\u00e7\u00e3o Lazos de Dignidad, parte da Coalici\u00f3n Larga Vida a las Mariposas, difunde o comunicado N\u00b0 5 produzido pelos prisioneiros pol\u00edticos do EPCAMS de Valledupar que participaram da jornada nacional de protesto pela liberta\u00e7\u00e3o dos prisioneiros com graves condi\u00e7\u00f5es de sa\u00fade como gesto de paz por parte do governo nacional.<!--more--><\/p>\n<p>Os prisioneiros pol\u00edticos reclusos no centro penitenci\u00e1rio e carcer\u00e1rio de alta e m\u00e9dia seguran\u00e7a de Valledupar, La Tram\u00e1cua, o Guant\u00e1namo da Col\u00f4mbia informamos:<\/p>\n<p>1. Hoje se cumprem catorze dias de jornada nacional de protesto pela liberta\u00e7\u00e3o dos mais de oitenta prisioneiros que se encontram com enfermidades graves, aleijados, deficientes e mulheres gestantes ou lactantes e adultos maiores. Hoje, a maioria dos grevistas apresenta deteriora\u00e7\u00e3o da sa\u00fade e perda acelerada de peso.<\/p>\n<p>2. Recebemos com aten\u00e7\u00e3o e otimismo o an\u00fancio realizado no dia 22 de novembro por parte da delega\u00e7\u00e3o de paz em Havana, Cuba, no sentido de que o governo de Juan Manuel Santos, por fim, far\u00e1 um gesto como sinal de vontade de paz para a diminui\u00e7\u00e3o do conflito, como fizeram as FARC-EP, que consiste na liberta\u00e7\u00e3o \u2013 mediante indulto \u2013 de trinta (30) guerrilheiros, a revis\u00e3o de cento e seis (106) casos de prisioneiros que se encontram doentes e a localiza\u00e7\u00e3o de pavilh\u00f5es especiais para os guerrilheiros em pris\u00e3o, com a finalidade adiantar e facilitar a revis\u00e3o jur\u00eddica de nossos processos.<\/p>\n<p>3. No caso dos trinta indultados, esperamos que seja apenas o come\u00e7o do que deve ser uma anistia ampla e incondicional, que permita que os lutadores populares n\u00e3o apodre\u00e7am nas cadeias como at\u00e9 hoje vem ocorrendo.<\/p>\n<p>4. Acreditamos que embora isto seja um gesto de paz, ainda continua sendo o presidente muito t\u00edmido e com falta de decis\u00e3o para diminuir o conflito, j\u00e1 que, por exemplo, no caso dos doentes, o assunto diagnosticado e em consequ\u00eancia identificado plenamente que sua situa\u00e7\u00e3o \u00e9 incompat\u00edvel com a vida em cativeiro, n\u00e3o restando mais que outorgar sua liberta\u00e7\u00e3o ou sob a pena de um desfecho fatal na vida destes seres.<\/p>\n<p>5. N\u00f3s prisioneiros pol\u00edticos em greve de fome deste estabelecimento nos encontramos em assembleia de coletivo, analisando o mencionado pronunciamento e nos manteremos assim at\u00e9 que se d\u00ea a liberta\u00e7\u00e3o dos enfermos ou uma ordem por parte do Estado Maior Central das FARC-EP.<\/p>\n<p>6. Agradecemos a solidariedade dos demais prisioneiros que nos acompanham na jornada. Cabe notar que nos somaremos a suas lutas como sempre fizemos. Desde j\u00e1 nos comprometemos a vincular \u00e0 jornada de protesto o fechamento deste centro de tortura, a den\u00fancia ao descumprimento da tutela T-282\/14 que ordena solucionar o problema da \u00e1gua e a luta pelos direitos fundamentais de todos os presos deste, situa\u00e7\u00e3o que n\u00e3o \u00e9 cumprida e que, pelo contr\u00e1rio, se agrava. Unimo-nos a esta luta que \u00e9 a de todos. Nosso compromisso \u00e9 pela vida digna e do povo geral. Esta jornada pac\u00edfica pelo fechamento de \u201cLa Tram\u00e1cua\u201d ter\u00e1 in\u00edcio em plenitude na pr\u00f3xima quarta-feira, dia 25, pla manh\u00e3. Convidamos a comunidade nacional e internacional a estar alerta para dizer \u201cLa Tram\u00e1cua\u201d NUNCA MAIS.<\/p>\n<p>Coletivo de Prisioneiros Pol\u00edticos Benkos Bioh\u00f3<\/p>\n<p>C\u00e1rcere La Tram\u00e1cua de Valledupar, o Guant\u00e1namo da Col\u00f4mbia<\/p>\n<p>24 de novembro de 2015<\/p>\n<p>Fonte: http:\/\/fundacionlazosdedignidad.org\/24-11-2015-comunicado-no-5-de-los-prisioneros-politicos-de-la-tramacua<\/p>\n<p>Tradu\u00e7\u00e3o: Partido Comunista Brasileiro (PCB)<\/p>\n","protected":false},"excerpt":{"rendered":"A Funda\u00e7\u00e3o Lazos de Dignidad, parte da Coalici\u00f3n Larga Vida a las Mariposas, difunde o comunicado N\u00b0 5 produzido pelos prisioneiros pol\u00edticos do \n<a class=\"moretag\" href=\"https:\/\/pcb.org.br\/portal2\/9944\"> <\/a>","protected":false},"author":1,"featured_media":0,"comment_status":"closed","ping_status":"closed","sticky":false,"template":"","format":"standard","meta":{"jetpack_post_was_ever_published":false,"_jetpack_newsletter_access":"","_jetpack_dont_email_post_to_subs":false,"_jetpack_newsletter_tier_id":0,"_jetpack_memberships_contains_paywalled_content":false,"_jetpack_memberships_contains_paid_content":false,"footnotes":"","jetpack_publicize_message":"","jetpack_publicize_feature_enabled":true,"jetpack_social_post_already_shared":true,"jetpack_social_options":{"image_generator_settings":{"template":"highway","default_image_id":0,"font":"","enabled":false},"version":2}},"categories":[34],"tags":[],"class_list":["post-9944","post","type-post","status-publish","format-standard","hentry","category-c39-colombia"],"jetpack_publicize_connections":[],"jetpack_featured_media_url":"","jetpack_shortlink":"https:\/\/wp.me\/p659gw-2Ao","jetpack-related-posts":[],"jetpack_likes_enabled":true,"jetpack_sharing_enabled":true,"_links":{"self":[{"href":"https:\/\/pcb.org.br\/portal2\/wp-json\/wp\/v2\/posts\/9944","targetHints":{"allow":["GET"]}}],"collection":[{"href":"https:\/\/pcb.org.br\/portal2\/wp-json\/wp\/v2\/posts"}],"about":[{"href":"https:\/\/pcb.org.br\/portal2\/wp-json\/wp\/v2\/types\/post"}],"author":[{"embeddable":true,"href":"https:\/\/pcb.org.br\/portal2\/wp-json\/wp\/v2\/users\/1"}],"replies":[{"embeddable":true,"href":"https:\/\/pcb.org.br\/portal2\/wp-json\/wp\/v2\/comments?post=9944"}],"version-history":[{"count":0,"href":"https:\/\/pcb.org.br\/portal2\/wp-json\/wp\/v2\/posts\/9944\/revisions"}],"wp:attachment":[{"href":"https:\/\/pcb.org.br\/portal2\/wp-json\/wp\/v2\/media?parent=9944"}],"wp:term":[{"taxonomy":"category","embeddable":true,"href":"https:\/\/pcb.org.br\/portal2\/wp-json\/wp\/v2\/categories?post=9944"},{"taxonomy":"post_tag","embeddable":true,"href":"https:\/\/pcb.org.br\/portal2\/wp-json\/wp\/v2\/tags?post=9944"}],"curies":[{"name":"wp","href":"https:\/\/api.w.org\/{rel}","templated":true}]}}