{"id":9949,"date":"2015-11-26T14:54:53","date_gmt":"2015-11-26T17:54:53","guid":{"rendered":"http:\/\/pcb.org.br\/portal2\/?p=9949"},"modified":"2015-12-16T19:59:57","modified_gmt":"2015-12-16T22:59:57","slug":"reflexoes-sobre-as-conversacoes-de-paz-em-havana","status":"publish","type":"post","link":"https:\/\/pcb.org.br\/portal2\/9949","title":{"rendered":"Reflex\u00f5es sobre as conversa\u00e7\u00f5es de paz em Havana"},"content":{"rendered":"<p><img data-recalc-dims=\"1\" height=\"168\" width=\"620\" decoding=\"async\" class=\"imagem\" title=\"imagem\" src=\"https:\/\/i0.wp.com\/www.resumenlatinoamericano.org\/wp-content\/uploads\/2015\/11\/Cabezote-escudo-delegacion-paz-farc-ep-620x168.jpg?resize=620%2C168\" alt=\"imagem\" \/>Por Delega\u00e7\u00e3o de Paz das FARC-EP\/ Resumen Latinoamericano\/novembro de 2015 \u2013 Havana, Cuba, sede dos Di\u00e1logos de Paz<\/p>\n<p><b>H\u00e1 tr\u00eas anos, neste mesmo cen\u00e1rio, incentivados pela esperan\u00e7a, iniciamos uma nova tentativa de deixar para tr\u00e1s, mediante um di\u00e1logo civilizado, mais de meio s\u00e9culo de luta armada originada na viol\u00eancia do poder e na exclus\u00e3o<\/b>.<\/p>\n<p><!--more--><\/p>\n<p>Cont\u00e1vamos nesse momento, como hoje, com o inextingu\u00edvel anseio de paz do povo da Col\u00f4mbia, a incomensur\u00e1vel <b>ajuda solid\u00e1ria de Cuba, da Venezuela bolivariana de Hugo Ch\u00e1vez e dos governos da Noruega e Chile<\/b> que, com seu humanismo, nos animam a regressar ao pa\u00eds com o acordo da reconcilia\u00e7\u00e3o. Esta tem sido nossa vontade e em fun\u00e7\u00e3o da mesma temos trabalhado sem descanso, por\u00e9m n\u00e3o tem sido f\u00e1cil. Ainda que tenhamos obtido importantes conquistas parciais, que nos aproximam da possibilidade do fim do conflito, agora se imp\u00f5em grandes dificuldades apenas super\u00e1veis com a concord\u00e2ncia plena do povo.<\/p>\n<p>Os avan\u00e7os na Mesa se sintetizam na assinatura de nove acordos fundamentais, tr\u00eas deles se referem de maneira direta a pontos espec\u00edficos da Agenda:<b> Reforma Rural Integral, Participa\u00e7\u00e3o Pol\u00edtica e Nova Pol\u00edtica Antidrogas<\/b>, cada um com ressalvas que somam 28 no total. Estes se complementam com outros entendimentos sobre Comiss\u00e3o Hist\u00f3rica do Conflito e suas V\u00edtimas, Comiss\u00e3o para o Esclarecimento da Verdade, a Conviv\u00eancia e a N\u00e3o Repeti\u00e7\u00e3o, Agilizar as conversa\u00e7\u00f5es em Havana e diminui\u00e7\u00e3o o conflito na Col\u00f4mbia, Descontamina\u00e7\u00e3o do territ\u00f3rio de artefatos explosivos, Busca de pessoas dadas como desaparecidas no contexto e desenvolvimento do conflito, Unidade de busca para similares prop\u00f3sitos, e um acordo de Jurisdi\u00e7\u00e3o Especial para a Paz, que infelizmente vinha sendo permeado de incertezas ap\u00f3s seu an\u00fancio p\u00fablico.<\/p>\n<p>No presente, e <b>h\u00e1 um ano e meio, tentamos fechar um novo acordo que contemple as v\u00edtimas do conflito, oferecendo suficiente Verdade, Justi\u00e7a, Repara\u00e7\u00e3o e N\u00e3o Repeti\u00e7\u00e3o<\/b> em condi\u00e7\u00f5es de dignidade e de respeito ao conjunto de seus direitos humanos, incluindo os escamoteados Direitos Econ\u00f4micos, Sociais, Culturais e Ambientais, que gerem o bem viver que clamam as maiorias.<\/p>\n<p>Este panorama, ao qual <b>se somam os passos dados pela subcomiss\u00e3o t\u00e9cnica no projeto da formula\u00e7\u00e3o do Cessar bilateral do fogo e Ren\u00fancia \u00e0s armas<\/b>, ou seja, sua n\u00e3o utiliza\u00e7\u00e3o na pol\u00edtica pela guerrilha e pelo Estado, sem d\u00favida, mostra que as perspectivas de alcan\u00e7ar um Acordo Final brilham como nunca antes no horizonte da Col\u00f4mbia. N\u00e3o obstante, conspiram contra isso obstru\u00e7\u00f5es e desaven\u00e7as que n\u00e3o deveriam estar instaladas como nuvens que obscurecem a confian\u00e7a constru\u00edda com tanto esfor\u00e7o a partir do inestim\u00e1vel apoio que a popula\u00e7\u00e3o humilde e outros setores ofereceram ao processo com desprendimento.<\/p>\n<p><b>O unilateralismo, a teimosia intransigente, o ego\u00edsmo pol\u00edtico excludente, a aus\u00eancia de sentido comum, a mesquinhez de classe, o descumprimento da palavra empenhada por parte do bloco do poder dominante, continuam atravessando como mulas mortas na metade do caminho<\/b>. Por\u00e9m, quisemos que o pa\u00eds de uns poucos que descrevemos no discurso de Oslo, fosse substitu\u00eddo, com a concord\u00e2ncia dos colombianos, por um pa\u00eds para todos, no qual j\u00e1 n\u00e3o existisse a mis\u00e9ria, a desigualdade, a exclus\u00e3o pol\u00edtica, as segrega\u00e7\u00f5es de todo tipo e a car\u00eancia de democracia.<\/p>\n<p><b>N\u00e3o se pode continuar persistindo na aplica\u00e7\u00e3o de pol\u00edticas neoliberais que sacrificam e vitimizam o conjunto da sociedade, <\/b>e em especial os mais pobres, jogando fora a soberania nacional e condenam o pa\u00eds a continuar no confronto. N\u00e3o se pode permanecer dilapidando o er\u00e1rio p\u00fablico em um gasto militar e de guerra e, menos ainda, lan\u00e7ando-o ao fosso da corrup\u00e7\u00e3o e da voracidade mesquinha dos privilegiados.<\/p>\n<p>Por outro lado, como disse o Libertador, <b>\u201ca Verdade pura e limpa \u00e9 a melhor maneira de persuadir\u201d<\/b> e que \u00e9 necess\u00e1rio n\u00e3o adiantar um pacto de impunidades. Devemos fazer certo o prop\u00f3sito de que essa verdade seja assumida pelo conjunto dos atores do conflito, sem que fique exclu\u00edda, como se pretende, a casta dirigente e o Estado que a representa, supremos respons\u00e1veis pelas causas e as consequ\u00eancias de uma guerra que se converteu na mais duradoura do hemisf\u00e9rio.<\/p>\n<p><b>Por que temem agora este julgamento necess\u00e1rio: <\/b>os que executam o poder, os que enriqueceram com a mis\u00e9ria do povo, os que nos impedem de dar um abra\u00e7o de irm\u00e3os, devem como os demais, oferecer verdade exaustiva, sem entrincheirar-se em imunidades para n\u00e3o assumir suas pr\u00f3prias responsabilidades? Porque se algum nicho de impunidade ocorreu ao longo da hist\u00f3ria \u00e9 o que constru\u00edram os de cima para manter-se no poder.<\/p>\n<p>Basta de desculpas quando se sabe, de maneira aberta, que seu paramilitarismo, vindo da Doutrina da Seguran\u00e7a Nacional e da concep\u00e7\u00e3o do inimigo interno, aniquilou organiza\u00e7\u00f5es como a Uni\u00e3o Patri\u00f3tica, A Luchar e outra imensid\u00e3o de dirigentes e lutadores sociais que, com seus peitos abertos, reclamavam seus direitos mais elementares e a possibilidade de uma Col\u00f4mbia diferente. Basta de mais assassinatos de defensores de direitos humanos, reclamantes de terra e militantes de movimentos pol\u00edticos alternativos, que \u00e9 o que ainda hoje est\u00e1 ocorrendo sem considerar, por indol\u00eancia, que estamos em meio a um processo de paz. <b>Sem mais delongas, \u00e9 preciso esclarecer e desarticular o fen\u00f4meno do paramilitarismo<\/b>.<\/p>\n<p>Tamb\u00e9m queremos expressar que n\u00e3o \u00e9 admiss\u00edvel que todo gesto unilateral da insurg\u00eancia seja interpretado como express\u00e3o de fraqueza e que, ent\u00e3o, se aperte com novas exig\u00eancias de submiss\u00e3o, pretendendo a ilus\u00e3o da rendi\u00e7\u00e3o do povo em armas. Temos nossos cora\u00e7\u00f5es cheios de um desejo irrefre\u00e1vel de paz. Viemos a Havana para levantar as bandeiras sociais e pol\u00edticas pelas quais o povo lutou a vida toda.<\/p>\n<p><b>Insistimos em que queremos avan\u00e7ar, sem perder a mem\u00f3ria, tendo presente que esta nossa terra continua sendo como o Macondo, de Cem Anos de Solid\u00e3o, onde ocorre o inaudito. <\/b>Aqueles que debaixo sempre lutaram pela paz n\u00e3o esquecem, por exemplo, que na tentativa de paz do ano de 1957, foi assassinado o dirigente agr\u00e1rio marquetaliano Jacobo Pr\u00edas Alape; n\u00e3o esquecem que com apenas 38 dias de assinado o acordo de paz com o M19, seu comandante Carlos Pizarro foi assassinado por homens armados enquanto viajava em um avi\u00e3o; e n\u00e3o esquecem, entre muitos outros crimes de Estado, que enquanto adiantavam os primeiros contatos para abrir uma nova esperan\u00e7a de paz \u00e0 Col\u00f4mbia, <b>o comandante das FARC, Alfonso Cano, foi crivado de balas em estado de indefesa por ordem de seu interlocutor<\/b>.<\/p>\n<p><b>Insistimos em que estamos prontos para assinar um acordo de paz que abra as fechaduras do poder constituinte do soberano<\/b>, por\u00e9m como ficar\u00e3o os af\u00e3s daqueles que, ap\u00f3s assinar o compromisso de Agilizar em Havana e diminuir na Col\u00f4mbia, colocaram freio \u00e0s din\u00e2micas da Mesa, enquanto se hostiliza o movimento popular e se expande a militariza\u00e7\u00e3o do territ\u00f3rio, assediando uma for\u00e7a insurgente que cessou suas a\u00e7\u00f5es ofensivas contra a For\u00e7a P\u00fablica e a infraestrutura econ\u00f4mica?<\/p>\n<p><b>Se a paz \u00e9 assunto de toda sociedade em seu conjunto, n\u00e3o \u00e9 a partir de um ato legislativo ou de um plebiscito n\u00e3o consensual que se vai alcan\u00e7ar o referendo <\/b>e a implanta\u00e7\u00e3o dos acordos, menos ainda quando nem sequer abordamos na Mesa o debate de dita tem\u00e1tica. Para dar um encerramento pleno aos assuntos que tocam o ponto <b>FIM DO CONFLITO<\/b> e em especial seu n\u00famero 5, referente \u00e0s mudan\u00e7as institucionais, para que este e o conjunto dos aspectos mais complexos de dissenso sejam resolvidos, n\u00e3o existe outro caminho que o de uma Assembleia Nacional Constituinte, a fim de que seja o povo, empenhando todas suas potencialidades, que outorgue seguran\u00e7a jur\u00eddica ao tratado de paz duradouro e n\u00e3o ocorra que governos futuros se aventurem a apagar o que se se construa com sacrif\u00edcio e abnega\u00e7\u00e3o.<\/p>\n<p><b>DELEGA\u00c7\u00c3O DE PAZ DAS FARC-EP<\/b><\/p>\n<p>Fonte: http:\/\/www.resumenlatinoamericano.org\/2015\/11\/20\/colombia-reflexiones-sobre-las-conversaciones-de-paz-en-la-habana\/<\/p>\n<p>Tradu\u00e7\u00e3o: Partido Comunista Brasileiro (PCB)<\/p>\n","protected":false},"excerpt":{"rendered":"Por Delega\u00e7\u00e3o de Paz das FARC-EP\/ Resumen Latinoamericano\/novembro de 2015 \u2013 Havana, Cuba, sede dos Di\u00e1logos de Paz H\u00e1 tr\u00eas anos, neste mesmo \n<a class=\"moretag\" href=\"https:\/\/pcb.org.br\/portal2\/9949\"> <\/a>","protected":false},"author":1,"featured_media":0,"comment_status":"closed","ping_status":"closed","sticky":false,"template":"","format":"standard","meta":{"jetpack_post_was_ever_published":false,"_jetpack_newsletter_access":"","_jetpack_dont_email_post_to_subs":false,"_jetpack_newsletter_tier_id":0,"_jetpack_memberships_contains_paywalled_content":false,"_jetpack_memberships_contains_paid_content":false,"footnotes":"","jetpack_publicize_message":"","jetpack_publicize_feature_enabled":true,"jetpack_social_post_already_shared":true,"jetpack_social_options":{"image_generator_settings":{"template":"highway","default_image_id":0,"font":"","enabled":false},"version":2}},"categories":[34],"tags":[],"class_list":["post-9949","post","type-post","status-publish","format-standard","hentry","category-c39-colombia"],"jetpack_publicize_connections":[],"jetpack_featured_media_url":"","jetpack_shortlink":"https:\/\/wp.me\/p659gw-2At","jetpack-related-posts":[],"jetpack_likes_enabled":true,"jetpack_sharing_enabled":true,"_links":{"self":[{"href":"https:\/\/pcb.org.br\/portal2\/wp-json\/wp\/v2\/posts\/9949","targetHints":{"allow":["GET"]}}],"collection":[{"href":"https:\/\/pcb.org.br\/portal2\/wp-json\/wp\/v2\/posts"}],"about":[{"href":"https:\/\/pcb.org.br\/portal2\/wp-json\/wp\/v2\/types\/post"}],"author":[{"embeddable":true,"href":"https:\/\/pcb.org.br\/portal2\/wp-json\/wp\/v2\/users\/1"}],"replies":[{"embeddable":true,"href":"https:\/\/pcb.org.br\/portal2\/wp-json\/wp\/v2\/comments?post=9949"}],"version-history":[{"count":0,"href":"https:\/\/pcb.org.br\/portal2\/wp-json\/wp\/v2\/posts\/9949\/revisions"}],"wp:attachment":[{"href":"https:\/\/pcb.org.br\/portal2\/wp-json\/wp\/v2\/media?parent=9949"}],"wp:term":[{"taxonomy":"category","embeddable":true,"href":"https:\/\/pcb.org.br\/portal2\/wp-json\/wp\/v2\/categories?post=9949"},{"taxonomy":"post_tag","embeddable":true,"href":"https:\/\/pcb.org.br\/portal2\/wp-json\/wp\/v2\/tags?post=9949"}],"curies":[{"name":"wp","href":"https:\/\/api.w.org\/{rel}","templated":true}]}}